{"id":933,"date":"2017-09-07T15:00:57","date_gmt":"2017-09-07T15:00:57","guid":{"rendered":"http:\/\/www.rivera.gub.uy\/medioambiente\/?p=933"},"modified":"2017-09-07T15:02:15","modified_gmt":"2017-09-07T15:02:15","slug":"mejora-en-la-comunicacion-en-las-empresas","status":"publish","type":"post","link":"https:\/\/www.rivera.gub.uy\/medioambiente\/mejora-en-la-comunicacion-en-las-empresas\/","title":{"rendered":"Mejora en la comunicaci\u00f3n en las empresas"},"content":{"rendered":"<p>Horario: martes y jueves de 19 a 22<br \/>\nInicio: martes 19 de setiembre<\/p>\n<p>Perfil de los participantes<br \/>\nEmprendedores, directores, administradores, gerentes, jefes de \u00e1rea y supervisores de<br \/>\nempresas.<\/p>\n<p>Las inscripciones se realizar\u00e1n a trav\u00e9s de la WEB de INEFOP<br \/>\nPor consultas igermone@inefop.org.uy<\/p>\n<p><a href=\"http:\/\/www.rivera.gub.uy\/medioambiente\/wp-content\/uploads\/2017\/09\/Mejora-de-la-comunicaci\u00f3n-en-las-empresas.pdf\" target=\"_blank\" rel=\"noopener\">Descargar m\u00e1s informaci\u00f3n<\/a><\/p>\n<p>&nbsp;<\/p>\n","protected":false},"excerpt":{"rendered":"<p>Horario: martes y jueves de 19 a 22 Inicio: martes 19 de setiembre Perfil de los participantes Emprendedores, directores, administradores, gerentes, jefes de \u00e1rea y supervisores de empresas. Las inscripciones se realizar\u00e1n a trav\u00e9s de la WEB de INEFOP Por consultas igermone@inefop.org.uy Descargar m\u00e1s informaci\u00f3n &nbsp;<\/p>\n","protected":false},"author":4,"featured_media":931,"comment_status":"open","ping_status":"open","sticky":false,"template":"","format":"standard","meta":{"footnotes":""},"categories":[1],"tags":[27,19,29],"_links":{"self":[{"href":"https:\/\/www.rivera.gub.uy\/medioambiente\/wp-json\/wp\/v2\/posts\/933"}],"collection":[{"href":"https:\/\/www.rivera.gub.uy\/medioambiente\/wp-json\/wp\/v2\/posts"}],"about":[{"href":"https:\/\/www.rivera.gub.uy\/medioambiente\/wp-json\/wp\/v2\/types\/post"}],"author":[{"embeddable":true,"href":"https:\/\/www.rivera.gub.uy\/medioambiente\/wp-json\/wp\/v2\/users\/4"}],"replies":[{"embeddable":true,"href":"https:\/\/www.rivera.gub.uy\/medioambiente\/wp-json\/wp\/v2\/comments?post=933"}],"version-history":[{"count":3,"href":"https:\/\/www.rivera.gub.uy\/medioambiente\/wp-json\/wp\/v2\/posts\/933\/revisions"}],"predecessor-version":[{"id":938,"href":"https:\/\/www.rivera.gub.uy\/medioambiente\/wp-json\/wp\/v2\/posts\/933\/revisions\/938"}],"wp:featuredmedia":[{"embeddable":true,"href":"https:\/\/www.rivera.gub.uy\/medioambiente\/wp-json\/wp\/v2\/media\/931"}],"wp:attachment":[{"href":"https:\/\/www.rivera.gub.uy\/medioambiente\/wp-json\/wp\/v2\/media?parent=933"}],"wp:term":[{"taxonomy":"category","embeddable":true,"href":"https:\/\/www.rivera.gub.uy\/medioambiente\/wp-json\/wp\/v2\/categories?post=933"},{"taxonomy":"post_tag","embeddable":true,"href":"https:\/\/www.rivera.gub.uy\/medioambiente\/wp-json\/wp\/v2\/tags?post=933"}],"curies":[{"name":"wp","href":"https:\/\/api.w.org\/{rel}","templated":true}]}}