{"id":987,"date":"2017-10-05T13:51:15","date_gmt":"2017-10-05T13:51:15","guid":{"rendered":"http:\/\/www.rivera.gub.uy\/medioambiente\/?p=987"},"modified":"2017-10-05T13:51:15","modified_gmt":"2017-10-05T13:51:15","slug":"lanzamiento-de-pasantias-de-jovenes-en-empresas-rurales-de-rivera","status":"publish","type":"post","link":"https:\/\/www.rivera.gub.uy\/medioambiente\/lanzamiento-de-pasantias-de-jovenes-en-empresas-rurales-de-rivera\/","title":{"rendered":"Lanzamiento de \u201cPasant\u00edas de j\u00f3venes en empresas rurales de Rivera\u201d"},"content":{"rendered":"<p class=\"western\">El d\u00eda martes 3 de octubre se realiz\u00f3 en la sala de conferencia del 3er. piso de la Intendencia Departamental de Rivera, el \u201cLanzamiento de Pasant\u00edas de J\u00f3venes en empresas rurales de Rivera\u201d.<\/p>\n<p class=\"western\">El proyecto \u201cTrazando Rumbos\u201d, impulsado por la intendencia departamental de Rivera (IDR) y la Oficina de Planeamiento y Presupuesto (OPP) tiene como uno de sus objetivos minimizar el mercado \u00e9xodo de j\u00f3venes desde el campo a la ciudad, generando alternativas laborales y productivas en su medio.<!--more--><span id=\"more-3025\"><\/span><\/p>\n<p class=\"western\">Estuvieron presentes en la mesa de conferencias: Intendente Departamental de Rivera, Dr. Marne Osorio Lima, Director General de Desarrollo y Medio Ambiente, QF. Alejandro Bert\u00f3n, Director del Programa Uruguay M\u00e1s Cerca (OPP), Jer\u00f3nimo Gravina, representante de la empresa Julio Xavier, Sr. Julio Xavier, representante de la empresa DAMBO, Yania Abbud y la representante de la Escuela Familiar Agr\u00edcola (EFA), Mta. Cara Berrutti.<\/p>\n<p class=\"western\"><a name=\"_GoBack\"><\/a>Al comienzo del lanzamiento el Director de la Divisi\u00f3n de Estrategia, Rodrigo Vargas, explic\u00f3 detalladamente el proceso por el cual llegaron a la selecci\u00f3n de los j\u00f3venes que cumplir\u00e1n las pasant\u00edas, agradeciendo el apoyo de las empresas que est\u00e1n comprometidas con el proyecto.<\/p>\n<p class=\"western\">El empresario Julio Xavier, manifest\u00f3 su satisfacci\u00f3n de poder \u201caportar un granito de arena al Proyecto, valorando a los j\u00f3venes que quieren trabajar\u201d.<\/p>\n<p class=\"western\">Xavier, agreg\u00f3 que muchos j\u00f3venes se van de la campa\u00f1a a la ciudad pensando que la expectativa es mayor\u201d\u2026pero no es as\u00ed y lamentablemente termina teniendo un inserci\u00f3n laboral en algo que no le agrada\u2026\u201d<\/p>\n<p class=\"western\">Por su parte el intendente Marne Osorio, manifest\u00f3 que con los recursos de la IDR y la OPP, se generan oportunidades para j\u00f3venes con pasant\u00edas remuneradas en las empresas, con previa capacitaci\u00f3n y la intenci\u00f3n de que se incorporen definitivamente con las empresas.<\/p>\n<p class=\"western\">Para concluir se procedi\u00f3 a la firma del convenio por parte de la IDR y empresas rurales de nuestro departamento.<\/p>\n<div id='gallery-1' class='gallery galleryid-987 gallery-columns-4 gallery-size-thumbnail'><figure class='gallery-item'>\n\t\t\t<div class='gallery-icon landscape'>\n\t\t\t\t<a href='https:\/\/www.rivera.gub.uy\/medioambiente\/wp-content\/uploads\/2017\/10\/trazando5.jpg'><img loading=\"lazy\" decoding=\"async\" width=\"150\" height=\"150\" src=\"https:\/\/www.rivera.gub.uy\/medioambiente\/wp-content\/uploads\/2017\/10\/trazando5-150x150.jpg\" class=\"attachment-thumbnail size-thumbnail\" alt=\"\" \/><\/a>\n\t\t\t<\/div><\/figure><figure class='gallery-item'>\n\t\t\t<div class='gallery-icon landscape'>\n\t\t\t\t<a href='https:\/\/www.rivera.gub.uy\/medioambiente\/wp-content\/uploads\/2017\/10\/trazando1.jpg'><img loading=\"lazy\" decoding=\"async\" width=\"150\" height=\"150\" src=\"https:\/\/www.rivera.gub.uy\/medioambiente\/wp-content\/uploads\/2017\/10\/trazando1-150x150.jpg\" class=\"attachment-thumbnail size-thumbnail\" alt=\"\" \/><\/a>\n\t\t\t<\/div><\/figure><figure class='gallery-item'>\n\t\t\t<div class='gallery-icon landscape'>\n\t\t\t\t<a href='https:\/\/www.rivera.gub.uy\/medioambiente\/wp-content\/uploads\/2017\/10\/trazando2.jpg'><img loading=\"lazy\" decoding=\"async\" width=\"150\" height=\"150\" src=\"https:\/\/www.rivera.gub.uy\/medioambiente\/wp-content\/uploads\/2017\/10\/trazando2-150x150.jpg\" class=\"attachment-thumbnail size-thumbnail\" alt=\"\" \/><\/a>\n\t\t\t<\/div><\/figure><figure class='gallery-item'>\n\t\t\t<div class='gallery-icon landscape'>\n\t\t\t\t<a href='https:\/\/www.rivera.gub.uy\/medioambiente\/wp-content\/uploads\/2017\/10\/trazando3.jpg'><img loading=\"lazy\" decoding=\"async\" width=\"150\" height=\"150\" src=\"https:\/\/www.rivera.gub.uy\/medioambiente\/wp-content\/uploads\/2017\/10\/trazando3-150x150.jpg\" class=\"attachment-thumbnail size-thumbnail\" alt=\"\" \/><\/a>\n\t\t\t<\/div><\/figure>\n\t\t<\/div>\n\n","protected":false},"excerpt":{"rendered":"<p>El d\u00eda martes 3 de octubre se realiz\u00f3 en la sala de conferencia del 3er. piso de la Intendencia Departamental de Rivera, el \u201cLanzamiento de Pasant\u00edas de J\u00f3venes en empresas rurales de Rivera\u201d. El proyecto \u201cTrazando Rumbos\u201d, impulsado por la intendencia departamental de Rivera (IDR) y la Oficina de Planeamiento y Presupuesto (OPP) tiene como [&hellip;]<\/p>\n","protected":false},"author":2,"featured_media":990,"comment_status":"open","ping_status":"open","sticky":false,"template":"","format":"standard","meta":{"footnotes":""},"categories":[1],"tags":[20,14,16,17,30],"_links":{"self":[{"href":"https:\/\/www.rivera.gub.uy\/medioambiente\/wp-json\/wp\/v2\/posts\/987"}],"collection":[{"href":"https:\/\/www.rivera.gub.uy\/medioambiente\/wp-json\/wp\/v2\/posts"}],"about":[{"href":"https:\/\/www.rivera.gub.uy\/medioambiente\/wp-json\/wp\/v2\/types\/post"}],"author":[{"embeddable":true,"href":"https:\/\/www.rivera.gub.uy\/medioambiente\/wp-json\/wp\/v2\/users\/2"}],"replies":[{"embeddable":true,"href":"https:\/\/www.rivera.gub.uy\/medioambiente\/wp-json\/wp\/v2\/comments?post=987"}],"version-history":[{"count":1,"href":"https:\/\/www.rivera.gub.uy\/medioambiente\/wp-json\/wp\/v2\/posts\/987\/revisions"}],"predecessor-version":[{"id":992,"href":"https:\/\/www.rivera.gub.uy\/medioambiente\/wp-json\/wp\/v2\/posts\/987\/revisions\/992"}],"wp:featuredmedia":[{"embeddable":true,"href":"https:\/\/www.rivera.gub.uy\/medioambiente\/wp-json\/wp\/v2\/media\/990"}],"wp:attachment":[{"href":"https:\/\/www.rivera.gub.uy\/medioambiente\/wp-json\/wp\/v2\/media?parent=987"}],"wp:term":[{"taxonomy":"category","embeddable":true,"href":"https:\/\/www.rivera.gub.uy\/medioambiente\/wp-json\/wp\/v2\/categories?post=987"},{"taxonomy":"post_tag","embeddable":true,"href":"https:\/\/www.rivera.gub.uy\/medioambiente\/wp-json\/wp\/v2\/tags?post=987"}],"curies":[{"name":"wp","href":"https:\/\/api.w.org\/{rel}","templated":true}]}}