{"id":996,"date":"2017-10-10T23:15:35","date_gmt":"2017-10-10T23:15:35","guid":{"rendered":"http:\/\/www.rivera.gub.uy\/medioambiente\/?p=996"},"modified":"2017-10-10T23:15:35","modified_gmt":"2017-10-10T23:15:35","slug":"en-la-48-expo-rivera-la-oveja-como-factor-de-desarrollo-social","status":"publish","type":"post","link":"https:\/\/www.rivera.gub.uy\/medioambiente\/en-la-48-expo-rivera-la-oveja-como-factor-de-desarrollo-social\/","title":{"rendered":"En la 48\u00b0 Expo Rivera: La Oveja como factor de desarrollo social"},"content":{"rendered":"<p>Con la intencionalidad de replicar los logros obtenidos en el sur del pa\u00eds en el sector productivo ovino, se brind\u00f3 el seminario, en el marco de la 48\u00b0 Expo Rivera, denominado \u201cLa oveja como factor de desarrollo\u201d a cargo del Ing. Agro. Andr\u00e9s Garz\u00e1bal, integrante del equipo t\u00e9cnico del \u00e1rea ovinos del INIA (Instituto Nacional de Investigaci\u00f3n Agropecuaria).<!--more--><span id=\"more-3086\"><\/span><\/p>\n<p>Este sector productivo ha sido declarado de especial inter\u00e9s por parte del Intendente Marne Osorio, teniendo a la Unidad de Desarrollo (DGDMA) como gestora del mismo con el objetivo de incrementar la producci\u00f3n de ovinos en el departamento.<\/p>\n<p>Durante el seminario se realiz\u00f3 la exposici\u00f3n del uso de una tecnolog\u00eda, muy adaptada a la peque\u00f1a empresa familiar, con una gen\u00e9tica desarrollada bastante diferente a lo que se conoce en nuestro pa\u00eds denominado biotipo maternales, \u201covejas muy precoces sexualmente y que se pueden encarnerar a los seis meses de haber nacido, que adem\u00e1s dan mellizos y en algunos casos trillizos, son animales lecheros en origen que adem\u00e1s pueden criar camadas de m\u00e1s de un cordero\u201d, as\u00ed expuso Garz\u00e1bal.<\/p>\n<p>Este biotipo maternal, fue definido por el t\u00e9cnico como un sistema productivo donde las ovejas son capaces de producir m\u00e1s que su propio peso en kilos de cordero durante el mes de diciembre.<\/p>\n<p>El acceso a esta tecnolog\u00eda se realiza en una forma muy accesible de prestaciones para los productores.<br \/>\nAdem\u00e1s de presentar esta tecnolog\u00eda se present\u00f3 tambi\u00e9n, como una forma de asegurar la producci\u00f3n ovina, la raza de perros de guarda como forma control de depredadores.<\/p>\n<div id='gallery-1' class='gallery galleryid-996 gallery-columns-3 gallery-size-thumbnail'><figure class='gallery-item'>\n\t\t\t<div class='gallery-icon landscape'>\n\t\t\t\t<a href='https:\/\/www.rivera.gub.uy\/medioambiente\/wp-content\/uploads\/2017\/10\/DSC_0631-Copiar.jpg'><img loading=\"lazy\" decoding=\"async\" width=\"150\" height=\"150\" src=\"https:\/\/www.rivera.gub.uy\/medioambiente\/wp-content\/uploads\/2017\/10\/DSC_0631-Copiar-150x150.jpg\" class=\"attachment-thumbnail size-thumbnail\" alt=\"\" \/><\/a>\n\t\t\t<\/div><\/figure><figure class='gallery-item'>\n\t\t\t<div class='gallery-icon landscape'>\n\t\t\t\t<a href='https:\/\/www.rivera.gub.uy\/medioambiente\/wp-content\/uploads\/2017\/10\/DSC_0634-Copiar.jpg'><img loading=\"lazy\" decoding=\"async\" width=\"150\" height=\"150\" src=\"https:\/\/www.rivera.gub.uy\/medioambiente\/wp-content\/uploads\/2017\/10\/DSC_0634-Copiar-150x150.jpg\" class=\"attachment-thumbnail size-thumbnail\" alt=\"\" \/><\/a>\n\t\t\t<\/div><\/figure><figure class='gallery-item'>\n\t\t\t<div class='gallery-icon landscape'>\n\t\t\t\t<a href='https:\/\/www.rivera.gub.uy\/medioambiente\/wp-content\/uploads\/2017\/10\/DSC_0795-Copiar.jpg'><img loading=\"lazy\" decoding=\"async\" width=\"150\" height=\"150\" src=\"https:\/\/www.rivera.gub.uy\/medioambiente\/wp-content\/uploads\/2017\/10\/DSC_0795-Copiar-150x150.jpg\" class=\"attachment-thumbnail size-thumbnail\" alt=\"\" \/><\/a>\n\t\t\t<\/div><\/figure>\n\t\t<\/div>\n\n","protected":false},"excerpt":{"rendered":"<p>Con la intencionalidad de replicar los logros obtenidos en el sur del pa\u00eds en el sector productivo ovino, se brind\u00f3 el seminario, en el marco de la 48\u00b0 Expo Rivera, denominado \u201cLa oveja como factor de desarrollo\u201d a cargo del Ing. Agro. Andr\u00e9s Garz\u00e1bal, integrante del equipo t\u00e9cnico del \u00e1rea ovinos del INIA (Instituto Nacional [&hellip;]<\/p>\n","protected":false},"author":2,"featured_media":998,"comment_status":"open","ping_status":"open","sticky":false,"template":"","format":"standard","meta":{"footnotes":""},"categories":[1],"tags":[14,34,16,33,17],"_links":{"self":[{"href":"https:\/\/www.rivera.gub.uy\/medioambiente\/wp-json\/wp\/v2\/posts\/996"}],"collection":[{"href":"https:\/\/www.rivera.gub.uy\/medioambiente\/wp-json\/wp\/v2\/posts"}],"about":[{"href":"https:\/\/www.rivera.gub.uy\/medioambiente\/wp-json\/wp\/v2\/types\/post"}],"author":[{"embeddable":true,"href":"https:\/\/www.rivera.gub.uy\/medioambiente\/wp-json\/wp\/v2\/users\/2"}],"replies":[{"embeddable":true,"href":"https:\/\/www.rivera.gub.uy\/medioambiente\/wp-json\/wp\/v2\/comments?post=996"}],"version-history":[{"count":1,"href":"https:\/\/www.rivera.gub.uy\/medioambiente\/wp-json\/wp\/v2\/posts\/996\/revisions"}],"predecessor-version":[{"id":1000,"href":"https:\/\/www.rivera.gub.uy\/medioambiente\/wp-json\/wp\/v2\/posts\/996\/revisions\/1000"}],"wp:featuredmedia":[{"embeddable":true,"href":"https:\/\/www.rivera.gub.uy\/medioambiente\/wp-json\/wp\/v2\/media\/998"}],"wp:attachment":[{"href":"https:\/\/www.rivera.gub.uy\/medioambiente\/wp-json\/wp\/v2\/media?parent=996"}],"wp:term":[{"taxonomy":"category","embeddable":true,"href":"https:\/\/www.rivera.gub.uy\/medioambiente\/wp-json\/wp\/v2\/categories?post=996"},{"taxonomy":"post_tag","embeddable":true,"href":"https:\/\/www.rivera.gub.uy\/medioambiente\/wp-json\/wp\/v2\/tags?post=996"}],"curies":[{"name":"wp","href":"https:\/\/api.w.org\/{rel}","templated":true}]}}