{"id":1053,"date":"2020-11-05T11:21:52","date_gmt":"2020-11-05T11:21:52","guid":{"rendered":"https:\/\/www.rivera.gub.uy\/obras\/?p=1053"},"modified":"2020-11-05T11:22:05","modified_gmt":"2020-11-05T11:22:05","slug":"localidades-del-departamento-reciben-donaciones-de-aserrin-y-lena","status":"publish","type":"post","link":"https:\/\/www.rivera.gub.uy\/obras\/localidades-del-departamento-reciben-donaciones-de-aserrin-y-lena\/","title":{"rendered":"Localidades del Departamento reciben donaciones de aserr\u00edn y le\u00f1a"},"content":{"rendered":"<p>Cinco productores de pueblo \u00abLas Flores\u00bb recibieron 40m3 de aserr\u00edn, para la producci\u00f3n de ladrillos, mientras que cuatro ladrilleros de Picada de Mora y Portones Negros, recibieron 24m3 de le\u00f1a.<!--more--><\/p>\n<p>En forma conjunta, trabajaron en el proyecto de traslado y distribuci\u00f3n de materiales donados, la Escuela de Ladrilleros y Divisi\u00f3n Vialidad Rural de la Direcci\u00f3n General de Obras.<\/p>\n<p>&nbsp;<\/p>\n<div id='gallery-1' class='gallery galleryid-1053 gallery-columns-5 gallery-size-thumbnail'><figure class='gallery-item'>\n\t\t\t<div class='gallery-icon landscape'>\n\t\t\t\t<a href='https:\/\/www.rivera.gub.uy\/obras\/wp-content\/uploads\/2020\/11\/WhatsApp-Image-2020-11-04-at-1.33.48-PM-1.jpeg'><img loading=\"lazy\" decoding=\"async\" width=\"150\" height=\"150\" src=\"https:\/\/www.rivera.gub.uy\/obras\/wp-content\/uploads\/2020\/11\/WhatsApp-Image-2020-11-04-at-1.33.48-PM-1-150x150.jpeg\" class=\"attachment-thumbnail size-thumbnail\" alt=\"\" \/><\/a>\n\t\t\t<\/div><\/figure><figure class='gallery-item'>\n\t\t\t<div class='gallery-icon landscape'>\n\t\t\t\t<a href='https:\/\/www.rivera.gub.uy\/obras\/wp-content\/uploads\/2020\/11\/WhatsApp-Image-2020-11-04-at-1.33.48-PM.jpeg'><img loading=\"lazy\" decoding=\"async\" width=\"150\" height=\"150\" src=\"https:\/\/www.rivera.gub.uy\/obras\/wp-content\/uploads\/2020\/11\/WhatsApp-Image-2020-11-04-at-1.33.48-PM-150x150.jpeg\" class=\"attachment-thumbnail size-thumbnail\" alt=\"\" \/><\/a>\n\t\t\t<\/div><\/figure><figure class='gallery-item'>\n\t\t\t<div class='gallery-icon landscape'>\n\t\t\t\t<a href='https:\/\/www.rivera.gub.uy\/obras\/wp-content\/uploads\/2020\/11\/WhatsApp-Image-2020-11-04-at-1.33.49-PM-1.jpeg'><img loading=\"lazy\" decoding=\"async\" width=\"150\" height=\"150\" src=\"https:\/\/www.rivera.gub.uy\/obras\/wp-content\/uploads\/2020\/11\/WhatsApp-Image-2020-11-04-at-1.33.49-PM-1-150x150.jpeg\" class=\"attachment-thumbnail size-thumbnail\" alt=\"\" \/><\/a>\n\t\t\t<\/div><\/figure><figure class='gallery-item'>\n\t\t\t<div class='gallery-icon landscape'>\n\t\t\t\t<a href='https:\/\/www.rivera.gub.uy\/obras\/wp-content\/uploads\/2020\/11\/WhatsApp-Image-2020-11-04-at-1.33.49-PM-2.jpeg'><img loading=\"lazy\" decoding=\"async\" width=\"150\" height=\"150\" src=\"https:\/\/www.rivera.gub.uy\/obras\/wp-content\/uploads\/2020\/11\/WhatsApp-Image-2020-11-04-at-1.33.49-PM-2-150x150.jpeg\" class=\"attachment-thumbnail size-thumbnail\" alt=\"\" \/><\/a>\n\t\t\t<\/div><\/figure><figure class='gallery-item'>\n\t\t\t<div class='gallery-icon landscape'>\n\t\t\t\t<a href='https:\/\/www.rivera.gub.uy\/obras\/wp-content\/uploads\/2020\/11\/WhatsApp-Image-2020-11-04-at-1.33.49-PM.jpeg'><img loading=\"lazy\" decoding=\"async\" width=\"150\" height=\"150\" src=\"https:\/\/www.rivera.gub.uy\/obras\/wp-content\/uploads\/2020\/11\/WhatsApp-Image-2020-11-04-at-1.33.49-PM-150x150.jpeg\" class=\"attachment-thumbnail size-thumbnail\" alt=\"\" \/><\/a>\n\t\t\t<\/div><\/figure>\n\t\t<\/div>\n\n","protected":false},"excerpt":{"rendered":"<p>Cinco productores de pueblo \u00abLas Flores\u00bb recibieron 40m3 de aserr\u00edn, para la producci\u00f3n de ladrillos, mientras que cuatro ladrilleros de Picada de Mora y Portones Negros, recibieron 24m3 de le\u00f1a.<\/p>\n","protected":false},"author":2,"featured_media":1058,"comment_status":"open","ping_status":"open","sticky":false,"template":"","format":"standard","meta":{"footnotes":""},"categories":[1],"tags":[23,56,57,24,17],"_links":{"self":[{"href":"https:\/\/www.rivera.gub.uy\/obras\/wp-json\/wp\/v2\/posts\/1053"}],"collection":[{"href":"https:\/\/www.rivera.gub.uy\/obras\/wp-json\/wp\/v2\/posts"}],"about":[{"href":"https:\/\/www.rivera.gub.uy\/obras\/wp-json\/wp\/v2\/types\/post"}],"author":[{"embeddable":true,"href":"https:\/\/www.rivera.gub.uy\/obras\/wp-json\/wp\/v2\/users\/2"}],"replies":[{"embeddable":true,"href":"https:\/\/www.rivera.gub.uy\/obras\/wp-json\/wp\/v2\/comments?post=1053"}],"version-history":[{"count":1,"href":"https:\/\/www.rivera.gub.uy\/obras\/wp-json\/wp\/v2\/posts\/1053\/revisions"}],"predecessor-version":[{"id":1059,"href":"https:\/\/www.rivera.gub.uy\/obras\/wp-json\/wp\/v2\/posts\/1053\/revisions\/1059"}],"wp:featuredmedia":[{"embeddable":true,"href":"https:\/\/www.rivera.gub.uy\/obras\/wp-json\/wp\/v2\/media\/1058"}],"wp:attachment":[{"href":"https:\/\/www.rivera.gub.uy\/obras\/wp-json\/wp\/v2\/media?parent=1053"}],"wp:term":[{"taxonomy":"category","embeddable":true,"href":"https:\/\/www.rivera.gub.uy\/obras\/wp-json\/wp\/v2\/categories?post=1053"},{"taxonomy":"post_tag","embeddable":true,"href":"https:\/\/www.rivera.gub.uy\/obras\/wp-json\/wp\/v2\/tags?post=1053"}],"curies":[{"name":"wp","href":"https:\/\/api.w.org\/{rel}","templated":true}]}}