{"id":1107,"date":"2021-07-01T12:34:21","date_gmt":"2021-07-01T12:34:21","guid":{"rendered":"https:\/\/www.rivera.gub.uy\/obras\/?p=1107"},"modified":"2021-07-01T12:34:59","modified_gmt":"2021-07-01T12:34:59","slug":"convocatoria-premio-nacional-de-ordenamiento-territorial-y-urbanismo-2021","status":"publish","type":"post","link":"https:\/\/www.rivera.gub.uy\/obras\/convocatoria-premio-nacional-de-ordenamiento-territorial-y-urbanismo-2021\/","title":{"rendered":"Convocatoria Premio Nacional de Ordenamiento Territorial y Urbanismo 2021"},"content":{"rendered":"<p>El Ministerio de Vivienda y Ordenamiento Territorial (MVOT), con el apoyo de la Facultad de Arquitectura, Dise\u00f1o y Urbanismo (FADU), invita a participar de la cuarta edici\u00f3n del Premio Nacional de Ordenamiento Territorial y Urbanismo, que a partir de este a\u00f1o ampl\u00eda su concepto buscando reafirmar el esp\u00edritu y alcance de la convocatoria.<!--more--><\/p>\n<p>El Premio tiene como prop\u00f3sito: reconocer y valorar la producci\u00f3n nacional en materia de ordenamiento del territorio y urbanismo; distinguir a la comunicaci\u00f3n como disciplina que difunde, genera inter\u00e9s y espacios de di\u00e1logo sobre estos temas; y dar visibilidad a aquellas actividades que desarrollan e implementan experiencias para el encuentro saludable de las comunidades.<\/p>\n<p>El objetivo es promover una mirada integral e interdisciplinaria del ordenamiento territorial, que priorice y profundice la construcci\u00f3n de territorios m\u00e1s inclusivos, integrados y sostenibles a trav\u00e9s de la planificaci\u00f3n y la gesti\u00f3n. Destacar los aportes que desde diferentes \u00e1mbitos se realizan en beneficio de la calidad de vida de las personas y las comunidades.<\/p>\n<p><strong>\u00bfQui\u00e9nes pueden participar?<\/strong><\/p>\n<p>Instituciones, organizaciones, profesionales, estudiantes y sociedad civil, que con sus ideas, proyectos o acciones ayudan a mejorar el lugar donde vivimos.<\/p>\n<p><strong>Categor\u00edas:<\/strong><\/p>\n<ul>\n<li>Instrumentos de ordenamiento territorial.<\/li>\n<li>Proyectos en el territorio.<\/li>\n<li>Eventos.<\/li>\n<li>Tesis de posgrado e investigaciones.<\/li>\n<li>Comunicaci\u00f3n social.<\/li>\n<li>Trabajos de estudiantes.<\/li>\n<li>Premio a la trayectoria.<\/li>\n<\/ul>\n<p><strong>\u00bfC\u00f3mo?<\/strong><\/p>\n<p>Las inscripciones se realizan \u00fanicamente en la p\u00e1gina web del MVOT a trav\u00e9s de formulario electr\u00f3nico, hasta el 29 de julio a las 12:00 horas.<\/p>\n<p><a href=\"https:\/\/www.gub.uy\/ministerio-vivienda-ordenamiento-territorial\/premio-nacional-ordenamiento-territorial-urbanismo\" target=\"_blank\" rel=\"noopener noreferrer\">Bases, condiciones y formularios de inscripci\u00f3n<\/a><\/p>\n<p>Tambi\u00e9n es posible seguir el proceso del Premio a trav\u00e9s de las redes sociales:<\/p>\n<ul>\n<li>Facebook: <a href=\"https:\/\/www.facebook.com\/MVOTMA\" target=\"_blank\" rel=\"noopener noreferrer\">MVOTMA Uruguay<\/a><\/li>\n<li>Twitter: <a href=\"https:\/\/twitter.com\/Mvot_Uruguay\" target=\"_blank\" rel=\"noopener noreferrer\">@Mvot_Uruguay<\/a><\/li>\n<li>Instagram:<a href=\"https:\/\/instagram.com\/mvot_uruguay\" target=\"_blank\" rel=\"noopener noreferrer\">@mvot_uruguay<\/a><\/li>\n<\/ul>\n","protected":false},"excerpt":{"rendered":"<p>El Ministerio de Vivienda y Ordenamiento Territorial (MVOT), con el apoyo de la Facultad de Arquitectura, Dise\u00f1o y Urbanismo (FADU), invita a participar de la cuarta edici\u00f3n del Premio Nacional de Ordenamiento Territorial y Urbanismo, que a partir de este a\u00f1o ampl\u00eda su concepto buscando reafirmar el esp\u00edritu y alcance de la convocatoria.<\/p>\n","protected":false},"author":2,"featured_media":1108,"comment_status":"open","ping_status":"open","sticky":false,"template":"","format":"standard","meta":{"footnotes":""},"categories":[1],"tags":[58,54,55],"_links":{"self":[{"href":"https:\/\/www.rivera.gub.uy\/obras\/wp-json\/wp\/v2\/posts\/1107"}],"collection":[{"href":"https:\/\/www.rivera.gub.uy\/obras\/wp-json\/wp\/v2\/posts"}],"about":[{"href":"https:\/\/www.rivera.gub.uy\/obras\/wp-json\/wp\/v2\/types\/post"}],"author":[{"embeddable":true,"href":"https:\/\/www.rivera.gub.uy\/obras\/wp-json\/wp\/v2\/users\/2"}],"replies":[{"embeddable":true,"href":"https:\/\/www.rivera.gub.uy\/obras\/wp-json\/wp\/v2\/comments?post=1107"}],"version-history":[{"count":1,"href":"https:\/\/www.rivera.gub.uy\/obras\/wp-json\/wp\/v2\/posts\/1107\/revisions"}],"predecessor-version":[{"id":1109,"href":"https:\/\/www.rivera.gub.uy\/obras\/wp-json\/wp\/v2\/posts\/1107\/revisions\/1109"}],"wp:featuredmedia":[{"embeddable":true,"href":"https:\/\/www.rivera.gub.uy\/obras\/wp-json\/wp\/v2\/media\/1108"}],"wp:attachment":[{"href":"https:\/\/www.rivera.gub.uy\/obras\/wp-json\/wp\/v2\/media?parent=1107"}],"wp:term":[{"taxonomy":"category","embeddable":true,"href":"https:\/\/www.rivera.gub.uy\/obras\/wp-json\/wp\/v2\/categories?post=1107"},{"taxonomy":"post_tag","embeddable":true,"href":"https:\/\/www.rivera.gub.uy\/obras\/wp-json\/wp\/v2\/tags?post=1107"}],"curies":[{"name":"wp","href":"https:\/\/api.w.org\/{rel}","templated":true}]}}