{"id":1161,"date":"2022-04-27T17:42:29","date_gmt":"2022-04-27T17:42:29","guid":{"rendered":"https:\/\/www.rivera.gub.uy\/obras\/?p=1161"},"modified":"2022-04-27T17:42:39","modified_gmt":"2022-04-27T17:42:39","slug":"relocalizacion-de-familias-del-cerro-del-marco","status":"publish","type":"post","link":"https:\/\/www.rivera.gub.uy\/obras\/relocalizacion-de-familias-del-cerro-del-marco\/","title":{"rendered":"Relocalizaci\u00f3n de familias del Cerro del Marco"},"content":{"rendered":"<p>La Unidad de Vivienda Urbana de la Direcci\u00f3n General de Obras de la IDR en conjunto con la secretar\u00eda Municipal de Planejamento e Meio Ambiente-SEPLAMA, a trav\u00e9s del Departamento T\u00e9cnico de Habita\u00e7\u00e3o, realizaron en esta semana un relevamiento de las familias residentes en el Cerro del Marco, localizado en la l\u00ednea divisoria entre Uruguay y Brasil.<br \/>\nEste relevamiento hace parte de las acciones conjuntas realizadas por la IDR con la colaboraci\u00f3n del gobierno brasile\u00f1o, ya que se tratan de familias binacionales.<!--more--><\/p>\n<p>El objetivo es identificar el perfil de las familias y personas residentes en el local desde, aproximadamente, la d\u00e9cada de los 80&#8242;, de forma que el estudio subsidie la elaboraci\u00f3n del proyecto que contemple la relocalizaci\u00f3n de las mismas, teniendo en cuenta que dicho local es foco de acciones judiciales por parte de ambos pa\u00edses, siendo considerado \u00e1rea de riesgo.<\/p>\n<p>Esta acci\u00f3n cuenta con el apoyo de Jefatura de Polic\u00eda de Rivera y el Departamento de Tr\u00e2nsito del municipio de Santana do Livramento.<\/p>\n<p>&nbsp;<\/p>\n<div id='gallery-1' class='gallery galleryid-1161 gallery-columns-5 gallery-size-thumbnail'><figure class='gallery-item'>\n\t\t\t<div class='gallery-icon landscape'>\n\t\t\t\t<a href='https:\/\/www.rivera.gub.uy\/obras\/wp-content\/uploads\/2022\/04\/WhatsApp-Image-2022-04-27-at-12.11.51-PM.jpeg'><img loading=\"lazy\" decoding=\"async\" width=\"150\" height=\"150\" src=\"https:\/\/www.rivera.gub.uy\/obras\/wp-content\/uploads\/2022\/04\/WhatsApp-Image-2022-04-27-at-12.11.51-PM-150x150.jpeg\" class=\"attachment-thumbnail size-thumbnail\" alt=\"\" \/><\/a>\n\t\t\t<\/div><\/figure><figure class='gallery-item'>\n\t\t\t<div class='gallery-icon landscape'>\n\t\t\t\t<a href='https:\/\/www.rivera.gub.uy\/obras\/wp-content\/uploads\/2022\/04\/WhatsApp-Image-2022-04-27-at-12.11.54-PM.jpeg'><img loading=\"lazy\" decoding=\"async\" width=\"150\" height=\"150\" src=\"https:\/\/www.rivera.gub.uy\/obras\/wp-content\/uploads\/2022\/04\/WhatsApp-Image-2022-04-27-at-12.11.54-PM-150x150.jpeg\" class=\"attachment-thumbnail size-thumbnail\" alt=\"\" \/><\/a>\n\t\t\t<\/div><\/figure><figure class='gallery-item'>\n\t\t\t<div class='gallery-icon landscape'>\n\t\t\t\t<a href='https:\/\/www.rivera.gub.uy\/obras\/wp-content\/uploads\/2022\/04\/WhatsApp-Image-2022-04-27-at-12.11.53-PM.jpeg'><img loading=\"lazy\" decoding=\"async\" width=\"150\" height=\"150\" src=\"https:\/\/www.rivera.gub.uy\/obras\/wp-content\/uploads\/2022\/04\/WhatsApp-Image-2022-04-27-at-12.11.53-PM-150x150.jpeg\" class=\"attachment-thumbnail size-thumbnail\" alt=\"\" \/><\/a>\n\t\t\t<\/div><\/figure><figure class='gallery-item'>\n\t\t\t<div class='gallery-icon landscape'>\n\t\t\t\t<a href='https:\/\/www.rivera.gub.uy\/obras\/wp-content\/uploads\/2022\/04\/WhatsApp-Image-2022-04-27-at-12.11.52-PM.jpeg'><img loading=\"lazy\" decoding=\"async\" width=\"150\" height=\"150\" src=\"https:\/\/www.rivera.gub.uy\/obras\/wp-content\/uploads\/2022\/04\/WhatsApp-Image-2022-04-27-at-12.11.52-PM-150x150.jpeg\" class=\"attachment-thumbnail size-thumbnail\" alt=\"\" \/><\/a>\n\t\t\t<\/div><\/figure><figure class='gallery-item'>\n\t\t\t<div class='gallery-icon landscape'>\n\t\t\t\t<a href='https:\/\/www.rivera.gub.uy\/obras\/wp-content\/uploads\/2022\/04\/WhatsApp-Image-2022-04-27-at-12.11.52-PM-1.jpeg'><img loading=\"lazy\" decoding=\"async\" width=\"150\" height=\"150\" src=\"https:\/\/www.rivera.gub.uy\/obras\/wp-content\/uploads\/2022\/04\/WhatsApp-Image-2022-04-27-at-12.11.52-PM-1-150x150.jpeg\" class=\"attachment-thumbnail size-thumbnail\" alt=\"\" \/><\/a>\n\t\t\t<\/div><\/figure>\n\t\t<\/div>\n\n","protected":false},"excerpt":{"rendered":"<p>La Unidad de Vivienda Urbana de la Direcci\u00f3n General de Obras de la IDR en conjunto con la secretar\u00eda Municipal de Planejamento e Meio Ambiente-SEPLAMA, a trav\u00e9s del Departamento T\u00e9cnico de Habita\u00e7\u00e3o, realizaron en esta semana un relevamiento de las familias residentes en el Cerro del Marco, localizado en la l\u00ednea divisoria entre Uruguay y [&hellip;]<\/p>\n","protected":false},"author":2,"featured_media":1166,"comment_status":"open","ping_status":"open","sticky":false,"template":"","format":"standard","meta":{"footnotes":""},"categories":[1],"tags":[],"_links":{"self":[{"href":"https:\/\/www.rivera.gub.uy\/obras\/wp-json\/wp\/v2\/posts\/1161"}],"collection":[{"href":"https:\/\/www.rivera.gub.uy\/obras\/wp-json\/wp\/v2\/posts"}],"about":[{"href":"https:\/\/www.rivera.gub.uy\/obras\/wp-json\/wp\/v2\/types\/post"}],"author":[{"embeddable":true,"href":"https:\/\/www.rivera.gub.uy\/obras\/wp-json\/wp\/v2\/users\/2"}],"replies":[{"embeddable":true,"href":"https:\/\/www.rivera.gub.uy\/obras\/wp-json\/wp\/v2\/comments?post=1161"}],"version-history":[{"count":4,"href":"https:\/\/www.rivera.gub.uy\/obras\/wp-json\/wp\/v2\/posts\/1161\/revisions"}],"predecessor-version":[{"id":1170,"href":"https:\/\/www.rivera.gub.uy\/obras\/wp-json\/wp\/v2\/posts\/1161\/revisions\/1170"}],"wp:featuredmedia":[{"embeddable":true,"href":"https:\/\/www.rivera.gub.uy\/obras\/wp-json\/wp\/v2\/media\/1166"}],"wp:attachment":[{"href":"https:\/\/www.rivera.gub.uy\/obras\/wp-json\/wp\/v2\/media?parent=1161"}],"wp:term":[{"taxonomy":"category","embeddable":true,"href":"https:\/\/www.rivera.gub.uy\/obras\/wp-json\/wp\/v2\/categories?post=1161"},{"taxonomy":"post_tag","embeddable":true,"href":"https:\/\/www.rivera.gub.uy\/obras\/wp-json\/wp\/v2\/tags?post=1161"}],"curies":[{"name":"wp","href":"https:\/\/api.w.org\/{rel}","templated":true}]}}