{"id":20,"date":"2017-05-04T15:35:05","date_gmt":"2017-05-04T15:35:05","guid":{"rendered":"http:\/\/rivera.gub.uy\/obras\/?p=20"},"modified":"2017-06-07T20:07:56","modified_gmt":"2017-06-07T20:07:56","slug":"trabajos-previstos-por-division-vialidad-urbana","status":"publish","type":"post","link":"https:\/\/www.rivera.gub.uy\/obras\/trabajos-previstos-por-division-vialidad-urbana\/","title":{"rendered":"Trabajos previstos por Divisi\u00f3n Vialidad Urbana"},"content":{"rendered":"<p>Trabajos previstos por Divisi\u00f3n Vialidad Urbana del martes 02 al viernes 05 de mayo<\/p>\n<p>\u2013 Mantenimiento del camino Las Tunitas<\/p>\n<p>\u2013 Reconstrucci\u00f3n pasarela peatonal sobre A\u00ba Cu\u00f1apir\u00fa (La Raca)<\/p>\n<p>\u2013 Preparaci\u00f3n de bases en calles del Barrio Santa Isabel (Paz, Felix, Polocastro, etc.) para posterior tratamiento asf\u00e1ltico<\/p>\n<p>\u2013 Construcci\u00f3n de Pluviales en calle Silvestre Blanco entre Aparicio Saravia y Pte. Gir\u00f3.<\/p>\n<p>\u2013 Construcci\u00f3n de Pavimento Empedrado en calle Jos\u00e9 Ellauri en toda su extensi\u00f3n, en Barrio Lagun\u00f3n<\/p>\n<p>\u2013 Bacheos Asfalticos en diferentes puntos de la ciudad.<\/p>\n<p>\u2013 Construcci\u00f3n de Pavimento de Hormig\u00f3n en calle Juan Rosas y Fco. Romero.<\/p>\n<p>\u2013 Reparaci\u00f3n de cunetas de hormig\u00f3n en calle Ansina, entre Artigas y Paysand\u00fa.<\/p>\n<p>\u2013 Reconstrucci\u00f3n de bad\u00e9n en calle Artigas y Ansina<\/p>\n<p>\u2013 Limpieza de pluviales, y alcantarillas en diversos puntos de la ciudad<\/p>\n<p>Alerta a conductores y peatones por construcciones y reparaciones de pavimentos:<\/p>\n<p>\u2013 Calle Juan Rosas esquina Francisco Romero<\/p>\n<p>\u2013 Calle Artigas entre D. Fern\u00e1ndez Crespo y Manuel Oribe<\/p>\n<p>\u2013 Ansina entre Artigas y Mons. Vera<\/p>\n<p>\u2013 Uruguay y Rod\u00f3<\/p>\n<p>\u2013 Pasarela peatonal La Racca \u2013 Terminantemente Prohibido Todo su uso.-<\/p>\n<p>La Direcci\u00f3n General de Obras, a trav\u00e9s de la Divisi\u00f3n Vialidad Urbana, comunica que la intersecci\u00f3n de calle Artigas y Ventura Piriz, hacia el sur, permanecer\u00e1 cerrada para el tr\u00e1nsito vehicular durante el d\u00eda jueves 4 de mayo, dicha medida se debe a reparaci\u00f3n en el sistema pluvial.-<\/p>\n","protected":false},"excerpt":{"rendered":"<p>Trabajos previstos por Divisi\u00f3n Vialidad Urbana del martes 02 al viernes 05 de mayo \u2013 Mantenimiento del camino Las Tunitas \u2013 Reconstrucci\u00f3n pasarela peatonal sobre A\u00ba Cu\u00f1apir\u00fa (La Raca) \u2013 Preparaci\u00f3n de bases en calles del Barrio Santa Isabel (Paz, Felix, Polocastro, etc.) para posterior tratamiento asf\u00e1ltico \u2013 Construcci\u00f3n de Pluviales en calle Silvestre Blanco [&hellip;]<\/p>\n","protected":false},"author":2,"featured_media":28,"comment_status":"open","ping_status":"open","sticky":false,"template":"","format":"standard","meta":{"footnotes":""},"categories":[1],"tags":[],"_links":{"self":[{"href":"https:\/\/www.rivera.gub.uy\/obras\/wp-json\/wp\/v2\/posts\/20"}],"collection":[{"href":"https:\/\/www.rivera.gub.uy\/obras\/wp-json\/wp\/v2\/posts"}],"about":[{"href":"https:\/\/www.rivera.gub.uy\/obras\/wp-json\/wp\/v2\/types\/post"}],"author":[{"embeddable":true,"href":"https:\/\/www.rivera.gub.uy\/obras\/wp-json\/wp\/v2\/users\/2"}],"replies":[{"embeddable":true,"href":"https:\/\/www.rivera.gub.uy\/obras\/wp-json\/wp\/v2\/comments?post=20"}],"version-history":[{"count":1,"href":"https:\/\/www.rivera.gub.uy\/obras\/wp-json\/wp\/v2\/posts\/20\/revisions"}],"predecessor-version":[{"id":21,"href":"https:\/\/www.rivera.gub.uy\/obras\/wp-json\/wp\/v2\/posts\/20\/revisions\/21"}],"wp:featuredmedia":[{"embeddable":true,"href":"https:\/\/www.rivera.gub.uy\/obras\/wp-json\/wp\/v2\/media\/28"}],"wp:attachment":[{"href":"https:\/\/www.rivera.gub.uy\/obras\/wp-json\/wp\/v2\/media?parent=20"}],"wp:term":[{"taxonomy":"category","embeddable":true,"href":"https:\/\/www.rivera.gub.uy\/obras\/wp-json\/wp\/v2\/categories?post=20"},{"taxonomy":"post_tag","embeddable":true,"href":"https:\/\/www.rivera.gub.uy\/obras\/wp-json\/wp\/v2\/tags?post=20"}],"curies":[{"name":"wp","href":"https:\/\/api.w.org\/{rel}","templated":true}]}}