{"id":24,"date":"2017-06-05T15:38:30","date_gmt":"2017-06-05T15:38:30","guid":{"rendered":"http:\/\/rivera.gub.uy\/obras\/?p=24"},"modified":"2017-06-07T20:07:56","modified_gmt":"2017-06-07T20:07:56","slug":"intendente-interino-recorre-obras-en-ejecucion","status":"publish","type":"post","link":"https:\/\/www.rivera.gub.uy\/obras\/intendente-interino-recorre-obras-en-ejecucion\/","title":{"rendered":"Intendente interino recorre obras en ejecuci\u00f3n"},"content":{"rendered":"<p>En la ma\u00f1ana del d\u00eda 02 de junio el intendente (Int), Cr. Richard Sander, recorri\u00f3 obras en nuestra ciudad.<br \/>\nLuego del recorrido en el interior del departamento, Tranqueras y Minas de Corrales el d\u00eda 31 de mayo, procedi\u00f3 a hacer lo mismo en la ciudad de Rivera.<br \/>\nEstuvo presente junto a parte de su equipo de gobierno visitando los trabajos en ejecuci\u00f3n en el barrio Rivera Chico<br \/>\n\u201cSalimos a recorrer obras que est\u00e1n quedando prontas en este barrio tan populoso de l<\/p>\n<p>a ciudad que est\u00e1n casi prontas y que quedan inauguradas por s\u00ed solas, porque a medida que se les coloca las carpetas asf\u00e1lticas la gente empieza a circular\u201d, inform\u00f3 Sander. La oportunidad fue propicia para la conversaci\u00f3n mano a mano con vecinos que se acercaron para demostrar su satisfacci\u00f3n y benepl\u00e1cito por la intervenci\u00f3n realizada en las arterias del barrio, obra tan anheladamente esperada. La gira de visitas de obras seguir\u00e1 este pr\u00f3ximo martes 6 de junio por la localidad de Vichadero.<\/p>\n","protected":false},"excerpt":{"rendered":"<p>En la ma\u00f1ana del d\u00eda 02 de junio el intendente (Int), Cr. Richard Sander, recorri\u00f3 obras en nuestra ciudad. Luego del recorrido en el interior del departamento, Tranqueras y Minas de Corrales el d\u00eda 31 de mayo, procedi\u00f3 a hacer lo mismo en la ciudad de Rivera. Estuvo presente junto a parte de su equipo [&hellip;]<\/p>\n","protected":false},"author":2,"featured_media":26,"comment_status":"open","ping_status":"open","sticky":false,"template":"","format":"standard","meta":{"footnotes":""},"categories":[1],"tags":[],"_links":{"self":[{"href":"https:\/\/www.rivera.gub.uy\/obras\/wp-json\/wp\/v2\/posts\/24"}],"collection":[{"href":"https:\/\/www.rivera.gub.uy\/obras\/wp-json\/wp\/v2\/posts"}],"about":[{"href":"https:\/\/www.rivera.gub.uy\/obras\/wp-json\/wp\/v2\/types\/post"}],"author":[{"embeddable":true,"href":"https:\/\/www.rivera.gub.uy\/obras\/wp-json\/wp\/v2\/users\/2"}],"replies":[{"embeddable":true,"href":"https:\/\/www.rivera.gub.uy\/obras\/wp-json\/wp\/v2\/comments?post=24"}],"version-history":[{"count":1,"href":"https:\/\/www.rivera.gub.uy\/obras\/wp-json\/wp\/v2\/posts\/24\/revisions"}],"predecessor-version":[{"id":25,"href":"https:\/\/www.rivera.gub.uy\/obras\/wp-json\/wp\/v2\/posts\/24\/revisions\/25"}],"wp:featuredmedia":[{"embeddable":true,"href":"https:\/\/www.rivera.gub.uy\/obras\/wp-json\/wp\/v2\/media\/26"}],"wp:attachment":[{"href":"https:\/\/www.rivera.gub.uy\/obras\/wp-json\/wp\/v2\/media?parent=24"}],"wp:term":[{"taxonomy":"category","embeddable":true,"href":"https:\/\/www.rivera.gub.uy\/obras\/wp-json\/wp\/v2\/categories?post=24"},{"taxonomy":"post_tag","embeddable":true,"href":"https:\/\/www.rivera.gub.uy\/obras\/wp-json\/wp\/v2\/tags?post=24"}],"curies":[{"name":"wp","href":"https:\/\/api.w.org\/{rel}","templated":true}]}}