{"id":420,"date":"2017-08-17T16:55:50","date_gmt":"2017-08-17T16:55:50","guid":{"rendered":"http:\/\/rivera.gub.uy\/obras\/?p=420"},"modified":"2017-08-31T12:02:19","modified_gmt":"2017-08-31T12:02:19","slug":"obras-realizadas-en-la-semana-por-vialidad-urbana","status":"publish","type":"post","link":"https:\/\/www.rivera.gub.uy\/obras\/obras-realizadas-en-la-semana-por-vialidad-urbana\/","title":{"rendered":"Obras Realizadas por Vialidad Urbana, 14\/08 al 18\/08"},"content":{"rendered":"<p><a href=\"http:\/\/rivera.gub.uy\/obras\/divisiones\/vialidad-urbana\/\">Vialidad urbana<\/a> continua con la realizaci\u00f3n de obras en diversos puntos del departamento y tareas de mantenimiento urbano<br \/>\n<!--more--><\/p>\n<p>Obras en ejecuci\u00f3n<\/p>\n<p>Ituzaing\u00f3 y Brasil \/ Uruguay y Ceballos \/ Joaqu\u00edn Su\u00e1rez y Reyles, Reposici\u00f3n de pavimento de hormig\u00f3n, (Cuadrilla de Mantenimiento de Hormig\u00f3n, Capataz Valdomiro Silveira)<\/p>\n<p>Serralta (Arenera) , Recuperaci\u00f3n de pavimento asf\u00e1ltico, (Cuadrilla de Mantenimiento de pavimento asf\u00e1ltico, Capataces Damian Bazzi y Ericson Marquez)<\/p>\n<p>Arturo N\u00fa\u00f1ez (Sta. Isabel), Construcci\u00f3n de terrazas para viviendas, (Cuadrilla de Mantenimiento y obra de tosca, Capataz Eduardo Macedo)<\/p>\n<p>Juan Rosas e Ignacio Nu\u00f1ez, Reparaci\u00f3n de pavimento de empedrado (Cuadrilla de reparaci\u00f3n de pavimento de empedrado, capataz Adan Machado)<\/p>\n<p>Camino paso del enano, Estabilizaci\u00f3n de suelo con cemento portland, (Cuadrilla de reparaci\u00f3n de pavimento de empedrado, capataz Adan Machado)<\/p>\n<p>Tranqueras (Calle Artigas), Tratamiento asf\u00e1ltico (Cuadrilla de mantenimiento de pavimento asf\u00e1ltico, Capataces Damian Bazzi y Ericson Marquez)<\/p>\n<p>Vichadero (Calle Dr. Licandro), Obra de acondicionamiento urbano fase 1 \/ pluviales<\/p>\n<div id='gallery-1' class='gallery galleryid-420 gallery-columns-3 gallery-size-thumbnail'><figure class='gallery-item'>\n\t\t\t<div class='gallery-icon landscape'>\n\t\t\t\t<a href='https:\/\/www.rivera.gub.uy\/obras\/wp-content\/uploads\/2017\/08\/Tranqueras-Calle-Artigas-2.jpg'><img loading=\"lazy\" decoding=\"async\" width=\"150\" height=\"150\" src=\"https:\/\/www.rivera.gub.uy\/obras\/wp-content\/uploads\/2017\/08\/Tranqueras-Calle-Artigas-2-150x150.jpg\" class=\"attachment-thumbnail size-thumbnail\" alt=\"\" aria-describedby=\"gallery-1-434\" \/><\/a>\n\t\t\t<\/div>\n\t\t\t\t<figcaption class='wp-caption-text gallery-caption' id='gallery-1-434'>\n\t\t\t\tTranqueras\n\t\t\t\t<\/figcaption><\/figure><figure class='gallery-item'>\n\t\t\t<div class='gallery-icon landscape'>\n\t\t\t\t<a href='https:\/\/www.rivera.gub.uy\/obras\/wp-content\/uploads\/2017\/08\/Uruguay-y-Ceballos-1.jpg'><img loading=\"lazy\" decoding=\"async\" width=\"150\" height=\"150\" src=\"https:\/\/www.rivera.gub.uy\/obras\/wp-content\/uploads\/2017\/08\/Uruguay-y-Ceballos-1-150x150.jpg\" class=\"attachment-thumbnail size-thumbnail\" alt=\"\" aria-describedby=\"gallery-1-437\" \/><\/a>\n\t\t\t<\/div>\n\t\t\t\t<figcaption class='wp-caption-text gallery-caption' id='gallery-1-437'>\n\t\t\t\tUruguay y Ceballos\n\t\t\t\t<\/figcaption><\/figure><figure class='gallery-item'>\n\t\t\t<div class='gallery-icon landscape'>\n\t\t\t\t<a href='https:\/\/www.rivera.gub.uy\/obras\/wp-content\/uploads\/2017\/08\/Vichadero-Dr.-Licandro.jpg'><img loading=\"lazy\" decoding=\"async\" width=\"150\" height=\"150\" src=\"https:\/\/www.rivera.gub.uy\/obras\/wp-content\/uploads\/2017\/08\/Vichadero-Dr.-Licandro-150x150.jpg\" class=\"attachment-thumbnail size-thumbnail\" alt=\"\" aria-describedby=\"gallery-1-438\" \/><\/a>\n\t\t\t<\/div>\n\t\t\t\t<figcaption class='wp-caption-text gallery-caption' id='gallery-1-438'>\n\t\t\t\tVichadero \n\t\t\t\t<\/figcaption><\/figure><figure class='gallery-item'>\n\t\t\t<div class='gallery-icon landscape'>\n\t\t\t\t<a href='https:\/\/www.rivera.gub.uy\/obras\/wp-content\/uploads\/2017\/08\/Serralta.jpg'><img loading=\"lazy\" decoding=\"async\" width=\"150\" height=\"150\" src=\"https:\/\/www.rivera.gub.uy\/obras\/wp-content\/uploads\/2017\/08\/Serralta-150x150.jpg\" class=\"attachment-thumbnail size-thumbnail\" alt=\"\" aria-describedby=\"gallery-1-432\" \/><\/a>\n\t\t\t<\/div>\n\t\t\t\t<figcaption class='wp-caption-text gallery-caption' id='gallery-1-432'>\n\t\t\t\tSerralta\n\t\t\t\t<\/figcaption><\/figure><figure class='gallery-item'>\n\t\t\t<div class='gallery-icon landscape'>\n\t\t\t\t<a href='https:\/\/www.rivera.gub.uy\/obras\/wp-content\/uploads\/2017\/08\/Juaquin-Suarez-y-Reyles-2.jpg'><img loading=\"lazy\" decoding=\"async\" width=\"150\" height=\"150\" src=\"https:\/\/www.rivera.gub.uy\/obras\/wp-content\/uploads\/2017\/08\/Juaquin-Suarez-y-Reyles-2-150x150.jpg\" class=\"attachment-thumbnail size-thumbnail\" alt=\"\" aria-describedby=\"gallery-1-427\" \/><\/a>\n\t\t\t<\/div>\n\t\t\t\t<figcaption class='wp-caption-text gallery-caption' id='gallery-1-427'>\n\t\t\t\tJoaquin Su\u00e0rez y Reyles\n\t\t\t\t<\/figcaption><\/figure><figure class='gallery-item'>\n\t\t\t<div class='gallery-icon landscape'>\n\t\t\t\t<a href='https:\/\/www.rivera.gub.uy\/obras\/wp-content\/uploads\/2017\/08\/Juan-Rosas-e-Ignacio-Nun\u0303ez.jpg'><img loading=\"lazy\" decoding=\"async\" width=\"150\" height=\"150\" src=\"https:\/\/www.rivera.gub.uy\/obras\/wp-content\/uploads\/2017\/08\/Juan-Rosas-e-Ignacio-Nun\u0303ez-150x150.jpg\" class=\"attachment-thumbnail size-thumbnail\" alt=\"\" aria-describedby=\"gallery-1-424\" \/><\/a>\n\t\t\t<\/div>\n\t\t\t\t<figcaption class='wp-caption-text gallery-caption' id='gallery-1-424'>\n\t\t\t\tJuan Rosas e Ignacio Nu\u00f1ez\n\t\t\t\t<\/figcaption><\/figure><figure class='gallery-item'>\n\t\t\t<div class='gallery-icon landscape'>\n\t\t\t\t<a href='https:\/\/www.rivera.gub.uy\/obras\/wp-content\/uploads\/2017\/08\/Ituzaingo-y-Brasil-1.jpg'><img loading=\"lazy\" decoding=\"async\" width=\"150\" height=\"150\" src=\"https:\/\/www.rivera.gub.uy\/obras\/wp-content\/uploads\/2017\/08\/Ituzaingo-y-Brasil-1-150x150.jpg\" class=\"attachment-thumbnail size-thumbnail\" alt=\"\" aria-describedby=\"gallery-1-422\" \/><\/a>\n\t\t\t<\/div>\n\t\t\t\t<figcaption class='wp-caption-text gallery-caption' id='gallery-1-422'>\n\t\t\t\tItuzaingo y Brasil\n\t\t\t\t<\/figcaption><\/figure><figure class='gallery-item'>\n\t\t\t<div class='gallery-icon landscape'>\n\t\t\t\t<a href='https:\/\/www.rivera.gub.uy\/obras\/wp-content\/uploads\/2017\/08\/Terrazas-Santa-Tereza.jpg'><img loading=\"lazy\" decoding=\"async\" width=\"150\" height=\"150\" src=\"https:\/\/www.rivera.gub.uy\/obras\/wp-content\/uploads\/2017\/08\/Terrazas-Santa-Tereza-150x150.jpg\" class=\"attachment-thumbnail size-thumbnail\" alt=\"\" aria-describedby=\"gallery-1-433\" \/><\/a>\n\t\t\t<\/div>\n\t\t\t\t<figcaption class='wp-caption-text gallery-caption' id='gallery-1-433'>\n\t\t\t\tSta. Isabel\n\t\t\t\t<\/figcaption><\/figure><figure class='gallery-item'>\n\t\t\t<div class='gallery-icon landscape'>\n\t\t\t\t<a href='https:\/\/www.rivera.gub.uy\/obras\/wp-content\/uploads\/2017\/08\/Paso-del-enano.jpg'><img loading=\"lazy\" decoding=\"async\" width=\"150\" height=\"150\" src=\"https:\/\/www.rivera.gub.uy\/obras\/wp-content\/uploads\/2017\/08\/Paso-del-enano-150x150.jpg\" class=\"attachment-thumbnail size-thumbnail\" alt=\"\" aria-describedby=\"gallery-1-431\" \/><\/a>\n\t\t\t<\/div>\n\t\t\t\t<figcaption class='wp-caption-text gallery-caption' id='gallery-1-431'>\n\t\t\t\tPaso del Enano\n\t\t\t\t<\/figcaption><\/figure>\n\t\t<\/div>\n\n","protected":false},"excerpt":{"rendered":"<p>Vialidad urbana continua con la realizaci\u00f3n de obras en diversos puntos del departamento y tareas de mantenimiento urbano<\/p>\n","protected":false},"author":4,"featured_media":394,"comment_status":"open","ping_status":"open","sticky":false,"template":"","format":"standard","meta":{"footnotes":""},"categories":[1],"tags":[15,13,12],"_links":{"self":[{"href":"https:\/\/www.rivera.gub.uy\/obras\/wp-json\/wp\/v2\/posts\/420"}],"collection":[{"href":"https:\/\/www.rivera.gub.uy\/obras\/wp-json\/wp\/v2\/posts"}],"about":[{"href":"https:\/\/www.rivera.gub.uy\/obras\/wp-json\/wp\/v2\/types\/post"}],"author":[{"embeddable":true,"href":"https:\/\/www.rivera.gub.uy\/obras\/wp-json\/wp\/v2\/users\/4"}],"replies":[{"embeddable":true,"href":"https:\/\/www.rivera.gub.uy\/obras\/wp-json\/wp\/v2\/comments?post=420"}],"version-history":[{"count":17,"href":"https:\/\/www.rivera.gub.uy\/obras\/wp-json\/wp\/v2\/posts\/420\/revisions"}],"predecessor-version":[{"id":526,"href":"https:\/\/www.rivera.gub.uy\/obras\/wp-json\/wp\/v2\/posts\/420\/revisions\/526"}],"wp:featuredmedia":[{"embeddable":true,"href":"https:\/\/www.rivera.gub.uy\/obras\/wp-json\/wp\/v2\/media\/394"}],"wp:attachment":[{"href":"https:\/\/www.rivera.gub.uy\/obras\/wp-json\/wp\/v2\/media?parent=420"}],"wp:term":[{"taxonomy":"category","embeddable":true,"href":"https:\/\/www.rivera.gub.uy\/obras\/wp-json\/wp\/v2\/categories?post=420"},{"taxonomy":"post_tag","embeddable":true,"href":"https:\/\/www.rivera.gub.uy\/obras\/wp-json\/wp\/v2\/tags?post=420"}],"curies":[{"name":"wp","href":"https:\/\/api.w.org\/{rel}","templated":true}]}}