{"id":463,"date":"2017-08-18T15:48:26","date_gmt":"2017-08-18T15:48:26","guid":{"rendered":"http:\/\/rivera.gub.uy\/obras\/?p=463"},"modified":"2017-08-18T15:48:26","modified_gmt":"2017-08-18T15:48:26","slug":"trabajos-realizados-por-division-alumbrado-publico","status":"publish","type":"post","link":"https:\/\/www.rivera.gub.uy\/obras\/trabajos-realizados-por-division-alumbrado-publico\/","title":{"rendered":"Trabajos realizados por Divisi\u00f3n Alumbrado P\u00fablico"},"content":{"rendered":"<p>Divisi\u00f3n <a href=\"http:\/\/rivera.gub.uy\/obras\/datos-estadisticos\/alumbrado-publico\/\">Alumbrado P\u00fablico<\/a> en el mes de agosto ha realizado diversos trabajos en el Departamento de Rivera (Cuidad e Interior) en \u00a0las diferentes localidades:<!--more--><\/p>\n<p>Paraje Manuel Diaz, Mejora de iluminaci\u00f3n con luminarias completas a vapor de Sodio SON-T 250w<\/p>\n<p>Villa Minas de Corrales, Nueva Obra de Alumbrado P\u00fablico, en calle 12 de Octubre, (se instal\u00f2 26 luminarias completas a vapor de Sodio SON-T 150w, 25 columnas de Hormig\u00f3n de 7,5m y tendido de cable preensamablado \u00a03&#215;6+1x50m2 con instalaci\u00f3n \u00a0del medidor pertinente).<\/p>\n<p>Paso Ataques, Se instal\u00f2 20 luminarias completas a vapor de Sodio SON-T 150w<\/p>\n<div id='gallery-1' class='gallery galleryid-463 gallery-columns-3 gallery-size-thumbnail'><figure class='gallery-item'>\n\t\t\t<div class='gallery-icon landscape'>\n\t\t\t\t<a href='https:\/\/www.rivera.gub.uy\/obras\/wp-content\/uploads\/2017\/08\/Paraje-Manuel-Diaz.jpg'><img loading=\"lazy\" decoding=\"async\" width=\"150\" height=\"150\" src=\"https:\/\/www.rivera.gub.uy\/obras\/wp-content\/uploads\/2017\/08\/Paraje-Manuel-Diaz-150x150.jpg\" class=\"attachment-thumbnail size-thumbnail\" alt=\"\" aria-describedby=\"gallery-1-467\" \/><\/a>\n\t\t\t<\/div>\n\t\t\t\t<figcaption class='wp-caption-text gallery-caption' id='gallery-1-467'>\n\t\t\t\tParaje Manuel Diaz\n\t\t\t\t<\/figcaption><\/figure><figure class='gallery-item'>\n\t\t\t<div class='gallery-icon landscape'>\n\t\t\t\t<a href='https:\/\/www.rivera.gub.uy\/obras\/wp-content\/uploads\/2017\/08\/Minas-de-Corrales-3.jpg'><img loading=\"lazy\" decoding=\"async\" width=\"150\" height=\"150\" src=\"https:\/\/www.rivera.gub.uy\/obras\/wp-content\/uploads\/2017\/08\/Minas-de-Corrales-3-150x150.jpg\" class=\"attachment-thumbnail size-thumbnail\" alt=\"\" aria-describedby=\"gallery-1-466\" \/><\/a>\n\t\t\t<\/div>\n\t\t\t\t<figcaption class='wp-caption-text gallery-caption' id='gallery-1-466'>\n\t\t\t\tVilla Minas de Corrales\n\t\t\t\t<\/figcaption><\/figure><figure class='gallery-item'>\n\t\t\t<div class='gallery-icon landscape'>\n\t\t\t\t<a href='https:\/\/www.rivera.gub.uy\/obras\/wp-content\/uploads\/2017\/08\/Minas-de-Corrales.jpg'><img loading=\"lazy\" decoding=\"async\" width=\"150\" height=\"150\" src=\"https:\/\/www.rivera.gub.uy\/obras\/wp-content\/uploads\/2017\/08\/Minas-de-Corrales-150x150.jpg\" class=\"attachment-thumbnail size-thumbnail\" alt=\"\" aria-describedby=\"gallery-1-464\" \/><\/a>\n\t\t\t<\/div>\n\t\t\t\t<figcaption class='wp-caption-text gallery-caption' id='gallery-1-464'>\n\t\t\t\tVilla Minas de Corrales\n\t\t\t\t<\/figcaption><\/figure>\n\t\t<\/div>\n\n<p>&nbsp;<\/p>\n<p>&nbsp;<\/p>\n<p>&nbsp;<\/p>\n<p>&nbsp;<\/p>\n<p>&nbsp;<\/p>\n<p>&nbsp;<\/p>\n<p>&nbsp;<\/p>\n<p>&nbsp;<\/p>\n<p>&nbsp;<\/p>\n","protected":false},"excerpt":{"rendered":"<p>Divisi\u00f3n Alumbrado P\u00fablico en el mes de agosto ha realizado diversos trabajos en el Departamento de Rivera (Cuidad e Interior) en \u00a0las diferentes localidades:<\/p>\n","protected":false},"author":4,"featured_media":464,"comment_status":"open","ping_status":"open","sticky":false,"template":"","format":"standard","meta":{"footnotes":""},"categories":[1],"tags":[16,15,13],"_links":{"self":[{"href":"https:\/\/www.rivera.gub.uy\/obras\/wp-json\/wp\/v2\/posts\/463"}],"collection":[{"href":"https:\/\/www.rivera.gub.uy\/obras\/wp-json\/wp\/v2\/posts"}],"about":[{"href":"https:\/\/www.rivera.gub.uy\/obras\/wp-json\/wp\/v2\/types\/post"}],"author":[{"embeddable":true,"href":"https:\/\/www.rivera.gub.uy\/obras\/wp-json\/wp\/v2\/users\/4"}],"replies":[{"embeddable":true,"href":"https:\/\/www.rivera.gub.uy\/obras\/wp-json\/wp\/v2\/comments?post=463"}],"version-history":[{"count":7,"href":"https:\/\/www.rivera.gub.uy\/obras\/wp-json\/wp\/v2\/posts\/463\/revisions"}],"predecessor-version":[{"id":481,"href":"https:\/\/www.rivera.gub.uy\/obras\/wp-json\/wp\/v2\/posts\/463\/revisions\/481"}],"wp:featuredmedia":[{"embeddable":true,"href":"https:\/\/www.rivera.gub.uy\/obras\/wp-json\/wp\/v2\/media\/464"}],"wp:attachment":[{"href":"https:\/\/www.rivera.gub.uy\/obras\/wp-json\/wp\/v2\/media?parent=463"}],"wp:term":[{"taxonomy":"category","embeddable":true,"href":"https:\/\/www.rivera.gub.uy\/obras\/wp-json\/wp\/v2\/categories?post=463"},{"taxonomy":"post_tag","embeddable":true,"href":"https:\/\/www.rivera.gub.uy\/obras\/wp-json\/wp\/v2\/tags?post=463"}],"curies":[{"name":"wp","href":"https:\/\/api.w.org\/{rel}","templated":true}]}}