{"id":488,"date":"2017-08-21T11:40:33","date_gmt":"2017-08-21T11:40:33","guid":{"rendered":"http:\/\/rivera.gub.uy\/obras\/?p=488"},"modified":"2017-08-21T11:42:46","modified_gmt":"2017-08-21T11:42:46","slug":"division-construcciones-trabajos-realizados","status":"publish","type":"post","link":"https:\/\/www.rivera.gub.uy\/obras\/division-construcciones-trabajos-realizados\/","title":{"rendered":"Divisi\u00f3n Construcciones, Trabajos Realizados"},"content":{"rendered":"<p>Actualmente esta <a href=\"http:\/\/rivera.gub.uy\/obras\/divisiones\/construcciones\/\">Divisi\u00f3n<\/a> se encuentra trabajando en la refuncionalizaci\u00f3n y cambio de imagen de <a href=\"http:\/\/rivera.gub.uy\/obras\/divisiones\/arquitectura\/\">Divisi\u00f3n Arquitectura<\/a> y DGO, y continuamos trabajando en el reacondicionamiento de Plaza Insausti, donde se acaba de completar el llenado del muro\/tel\u00f3n de Hormig\u00f3n Armado en el nuevo anfiteatro, el cual llev\u00f3 un total de 17m3 de hormig\u00f3n.<\/p>\n<div id='gallery-1' class='gallery galleryid-488 gallery-columns-3 gallery-size-medium'><figure class='gallery-item'>\n\t\t\t<div class='gallery-icon landscape'>\n\t\t\t\t<a href='https:\/\/www.rivera.gub.uy\/obras\/wp-content\/uploads\/2017\/08\/Plaza-Insausti.jpg'><img loading=\"lazy\" decoding=\"async\" width=\"300\" height=\"225\" src=\"https:\/\/www.rivera.gub.uy\/obras\/wp-content\/uploads\/2017\/08\/Plaza-Insausti-300x225.jpg\" class=\"attachment-medium size-medium\" alt=\"\" aria-describedby=\"gallery-1-494\" srcset=\"https:\/\/www.rivera.gub.uy\/obras\/wp-content\/uploads\/2017\/08\/Plaza-Insausti-300x225.jpg 300w, https:\/\/www.rivera.gub.uy\/obras\/wp-content\/uploads\/2017\/08\/Plaza-Insausti-768x576.jpg 768w, https:\/\/www.rivera.gub.uy\/obras\/wp-content\/uploads\/2017\/08\/Plaza-Insausti.jpg 820w\" sizes=\"(max-width: 300px) 100vw, 300px\" \/><\/a>\n\t\t\t<\/div>\n\t\t\t\t<figcaption class='wp-caption-text gallery-caption' id='gallery-1-494'>\n\t\t\t\tPlaza Insausti\n\t\t\t\t<\/figcaption><\/figure><figure class='gallery-item'>\n\t\t\t<div class='gallery-icon landscape'>\n\t\t\t\t<a href='https:\/\/www.rivera.gub.uy\/obras\/wp-content\/uploads\/2017\/08\/Plaza-Insausti-2-1.jpg'><img loading=\"lazy\" decoding=\"async\" width=\"300\" height=\"225\" src=\"https:\/\/www.rivera.gub.uy\/obras\/wp-content\/uploads\/2017\/08\/Plaza-Insausti-2-1-300x225.jpg\" class=\"attachment-medium size-medium\" alt=\"\" aria-describedby=\"gallery-1-492\" srcset=\"https:\/\/www.rivera.gub.uy\/obras\/wp-content\/uploads\/2017\/08\/Plaza-Insausti-2-1-300x225.jpg 300w, https:\/\/www.rivera.gub.uy\/obras\/wp-content\/uploads\/2017\/08\/Plaza-Insausti-2-1-768x576.jpg 768w, https:\/\/www.rivera.gub.uy\/obras\/wp-content\/uploads\/2017\/08\/Plaza-Insausti-2-1.jpg 820w\" sizes=\"(max-width: 300px) 100vw, 300px\" \/><\/a>\n\t\t\t<\/div>\n\t\t\t\t<figcaption class='wp-caption-text gallery-caption' id='gallery-1-492'>\n\t\t\t\tPlaza Insausti\n\t\t\t\t<\/figcaption><\/figure><figure class='gallery-item'>\n\t\t\t<div class='gallery-icon landscape'>\n\t\t\t\t<a href='https:\/\/www.rivera.gub.uy\/obras\/wp-content\/uploads\/2017\/08\/DGO-.jpg'><img loading=\"lazy\" decoding=\"async\" width=\"300\" height=\"225\" src=\"https:\/\/www.rivera.gub.uy\/obras\/wp-content\/uploads\/2017\/08\/DGO--300x225.jpg\" class=\"attachment-medium size-medium\" alt=\"\" aria-describedby=\"gallery-1-489\" srcset=\"https:\/\/www.rivera.gub.uy\/obras\/wp-content\/uploads\/2017\/08\/DGO--300x225.jpg 300w, https:\/\/www.rivera.gub.uy\/obras\/wp-content\/uploads\/2017\/08\/DGO-.jpg 684w\" sizes=\"(max-width: 300px) 100vw, 300px\" \/><\/a>\n\t\t\t<\/div>\n\t\t\t\t<figcaption class='wp-caption-text gallery-caption' id='gallery-1-489'>\n\t\t\t\tOficina DGO\n\t\t\t\t<\/figcaption><\/figure>\n\t\t<\/div>\n\n<p>&nbsp;<\/p>\n","protected":false},"excerpt":{"rendered":"<p>Actualmente esta Divisi\u00f3n se encuentra trabajando en la refuncionalizaci\u00f3n y cambio de imagen de Divisi\u00f3n Arquitectura y DGO, y continuamos trabajando en el reacondicionamiento de Plaza Insausti, donde se acaba de completar el llenado del muro\/tel\u00f3n de Hormig\u00f3n Armado en el nuevo anfiteatro, el cual llev\u00f3 un total de 17m3 de hormig\u00f3n. &nbsp;<\/p>\n","protected":false},"author":4,"featured_media":493,"comment_status":"open","ping_status":"open","sticky":false,"template":"","format":"standard","meta":{"footnotes":""},"categories":[1],"tags":[18,19,15,13],"_links":{"self":[{"href":"https:\/\/www.rivera.gub.uy\/obras\/wp-json\/wp\/v2\/posts\/488"}],"collection":[{"href":"https:\/\/www.rivera.gub.uy\/obras\/wp-json\/wp\/v2\/posts"}],"about":[{"href":"https:\/\/www.rivera.gub.uy\/obras\/wp-json\/wp\/v2\/types\/post"}],"author":[{"embeddable":true,"href":"https:\/\/www.rivera.gub.uy\/obras\/wp-json\/wp\/v2\/users\/4"}],"replies":[{"embeddable":true,"href":"https:\/\/www.rivera.gub.uy\/obras\/wp-json\/wp\/v2\/comments?post=488"}],"version-history":[{"count":7,"href":"https:\/\/www.rivera.gub.uy\/obras\/wp-json\/wp\/v2\/posts\/488\/revisions"}],"predecessor-version":[{"id":501,"href":"https:\/\/www.rivera.gub.uy\/obras\/wp-json\/wp\/v2\/posts\/488\/revisions\/501"}],"wp:featuredmedia":[{"embeddable":true,"href":"https:\/\/www.rivera.gub.uy\/obras\/wp-json\/wp\/v2\/media\/493"}],"wp:attachment":[{"href":"https:\/\/www.rivera.gub.uy\/obras\/wp-json\/wp\/v2\/media?parent=488"}],"wp:term":[{"taxonomy":"category","embeddable":true,"href":"https:\/\/www.rivera.gub.uy\/obras\/wp-json\/wp\/v2\/categories?post=488"},{"taxonomy":"post_tag","embeddable":true,"href":"https:\/\/www.rivera.gub.uy\/obras\/wp-json\/wp\/v2\/tags?post=488"}],"curies":[{"name":"wp","href":"https:\/\/api.w.org\/{rel}","templated":true}]}}