{"id":502,"date":"2017-08-22T15:31:05","date_gmt":"2017-08-22T15:31:05","guid":{"rendered":"http:\/\/rivera.gub.uy\/obras\/?p=502"},"modified":"2017-09-12T13:09:19","modified_gmt":"2017-09-12T13:09:19","slug":"dia-del-nino-barrio-cerro-bella-vista","status":"publish","type":"post","link":"https:\/\/www.rivera.gub.uy\/obras\/dia-del-nino-barrio-cerro-bella-vista\/","title":{"rendered":"D\u00eda del ni\u00f1o Barrio Cerro Bella Vista"},"content":{"rendered":"<p>En el marco del trabajo que realiza la IDR y MVOTMA en el Barrio Cerro Bella Vista (ex Cerro del Estado), el domingo 20 de agosto se festej\u00f3 el \u00abD\u00eda del Ni\u00f1o\u00bb en dicha comunidad.<!--more--><\/p>\n<p>La fiesta cont\u00f3 con el apoyo y el trabajo de la Comisi\u00f3n Vecinal, la Comisi\u00f3n de Seguimiento de Proyectos, vecinos referentes \u00a0y \u00a0Programa Impulsa.<\/p>\n<p>Agradecemos a Caif Renacer I y a vecinos que colaboraron con insumos para la elaboraci\u00f3n de la merienda, a su vez a las empresas solidarias que donaron juguetes.<\/p>\n<div id='gallery-1' class='gallery galleryid-502 gallery-columns-4 gallery-size-thumbnail'><figure class='gallery-item'>\n\t\t\t<div class='gallery-icon landscape'>\n\t\t\t\t<a href='https:\/\/www.rivera.gub.uy\/obras\/wp-content\/uploads\/2017\/08\/IMG_0952.jpg'><img loading=\"lazy\" decoding=\"async\" width=\"150\" height=\"150\" src=\"https:\/\/www.rivera.gub.uy\/obras\/wp-content\/uploads\/2017\/08\/IMG_0952-150x150.jpg\" class=\"attachment-thumbnail size-thumbnail\" alt=\"\" \/><\/a>\n\t\t\t<\/div><\/figure><figure class='gallery-item'>\n\t\t\t<div class='gallery-icon landscape'>\n\t\t\t\t<a href='https:\/\/www.rivera.gub.uy\/obras\/wp-content\/uploads\/2017\/08\/IMG_0951.jpg'><img loading=\"lazy\" decoding=\"async\" width=\"150\" height=\"150\" src=\"https:\/\/www.rivera.gub.uy\/obras\/wp-content\/uploads\/2017\/08\/IMG_0951-150x150.jpg\" class=\"attachment-thumbnail size-thumbnail\" alt=\"\" \/><\/a>\n\t\t\t<\/div><\/figure><figure class='gallery-item'>\n\t\t\t<div class='gallery-icon landscape'>\n\t\t\t\t<a href='https:\/\/www.rivera.gub.uy\/obras\/wp-content\/uploads\/2017\/08\/IMG_0950.jpg'><img loading=\"lazy\" decoding=\"async\" width=\"150\" height=\"150\" src=\"https:\/\/www.rivera.gub.uy\/obras\/wp-content\/uploads\/2017\/08\/IMG_0950-150x150.jpg\" class=\"attachment-thumbnail size-thumbnail\" alt=\"\" \/><\/a>\n\t\t\t<\/div><\/figure><figure class='gallery-item'>\n\t\t\t<div class='gallery-icon landscape'>\n\t\t\t\t<a href='https:\/\/www.rivera.gub.uy\/obras\/wp-content\/uploads\/2017\/08\/IMG_0949.jpg'><img loading=\"lazy\" decoding=\"async\" width=\"150\" height=\"150\" src=\"https:\/\/www.rivera.gub.uy\/obras\/wp-content\/uploads\/2017\/08\/IMG_0949-150x150.jpg\" class=\"attachment-thumbnail size-thumbnail\" alt=\"\" \/><\/a>\n\t\t\t<\/div><\/figure>\n\t\t<\/div>\n\n<p>&nbsp;<\/p>\n","protected":false},"excerpt":{"rendered":"<p>En el marco del trabajo que realiza la IDR y MVOTMA en el Barrio Cerro Bella Vista (ex Cerro del Estado), el domingo 20 de agosto se festej\u00f3 el \u00abD\u00eda del Ni\u00f1o\u00bb en dicha comunidad.<\/p>\n","protected":false},"author":3,"featured_media":509,"comment_status":"open","ping_status":"open","sticky":false,"template":"","format":"standard","meta":{"footnotes":""},"categories":[1],"tags":[21,22,23,13,24],"_links":{"self":[{"href":"https:\/\/www.rivera.gub.uy\/obras\/wp-json\/wp\/v2\/posts\/502"}],"collection":[{"href":"https:\/\/www.rivera.gub.uy\/obras\/wp-json\/wp\/v2\/posts"}],"about":[{"href":"https:\/\/www.rivera.gub.uy\/obras\/wp-json\/wp\/v2\/types\/post"}],"author":[{"embeddable":true,"href":"https:\/\/www.rivera.gub.uy\/obras\/wp-json\/wp\/v2\/users\/3"}],"replies":[{"embeddable":true,"href":"https:\/\/www.rivera.gub.uy\/obras\/wp-json\/wp\/v2\/comments?post=502"}],"version-history":[{"count":9,"href":"https:\/\/www.rivera.gub.uy\/obras\/wp-json\/wp\/v2\/posts\/502\/revisions"}],"predecessor-version":[{"id":615,"href":"https:\/\/www.rivera.gub.uy\/obras\/wp-json\/wp\/v2\/posts\/502\/revisions\/615"}],"wp:featuredmedia":[{"embeddable":true,"href":"https:\/\/www.rivera.gub.uy\/obras\/wp-json\/wp\/v2\/media\/509"}],"wp:attachment":[{"href":"https:\/\/www.rivera.gub.uy\/obras\/wp-json\/wp\/v2\/media?parent=502"}],"wp:term":[{"taxonomy":"category","embeddable":true,"href":"https:\/\/www.rivera.gub.uy\/obras\/wp-json\/wp\/v2\/categories?post=502"},{"taxonomy":"post_tag","embeddable":true,"href":"https:\/\/www.rivera.gub.uy\/obras\/wp-json\/wp\/v2\/tags?post=502"}],"curies":[{"name":"wp","href":"https:\/\/api.w.org\/{rel}","templated":true}]}}