{"id":523,"date":"2017-08-31T16:42:56","date_gmt":"2017-08-31T16:42:56","guid":{"rendered":"http:\/\/rivera.gub.uy\/obras\/?p=523"},"modified":"2017-09-12T13:02:58","modified_gmt":"2017-09-12T13:02:58","slug":"obras-realizadas-por-vialidad-urbana-2108-al-3108","status":"publish","type":"post","link":"https:\/\/www.rivera.gub.uy\/obras\/obras-realizadas-por-vialidad-urbana-2108-al-3108\/","title":{"rendered":"Obras realizadas por Vialidad Urbana, 21\/08 al 31\/08"},"content":{"rendered":"<p><a href=\"http:\/\/rivera.gub.uy\/obras\/divisiones\/vialidad-urbana\/\">Vialidad urbana<\/a> continua con la realizaci\u00f3n de obras en diversos puntos del Departamento y tareas de Mantenimiento Urbano<!--more--><\/p>\n<p><em><strong>Obras en ejecuci\u00f3n,<\/strong><\/em><\/p>\n<ul>\n<li>\u00a0Galer\u00edas Pluviales en ultimo tramo de sistema drenaje \u00a0Ventura Piriz. (Cuadrilla de Mantenimiento y Obras Pluviales, Capataz Jorge Bazzi)<\/li>\n<\/ul>\n<p>&nbsp;<\/p>\n<ul>\n<li>Reparaci\u00f3n de veredas, Joaqu\u00edn Suarez entre Agust\u00edn Ortega y Pte. Viera (Cuadrilla de Mantenimiento)<\/li>\n<\/ul>\n<p>&nbsp;<\/p>\n<ul>\n<li>Reparaci\u00f3n de reja, Brasil y Juana de Oriol\u00a0(Cuadrilla de Mantenimiento y Obras Pluviales, Capataz Jorge Bazzi)<\/li>\n<\/ul>\n<p>&nbsp;<\/p>\n<ul>\n<li>Construcci\u00f3n de drenes\u00a0(Cuadrilla de Mantenimiento y obra de tosca, Capataz Eduardo Macedo)<\/li>\n<\/ul>\n<p>&nbsp;<\/p>\n<ul>\n<li>Reposici\u00f3n de Pavimento de Hormig\u00f3n, Ituzaing\u00f3 y Brasil\u00a0(Cuadrilla de Mantenimiento de Hormig\u00f3n, Capataz Valdomiro Silveira)<\/li>\n<\/ul>\n<p>&nbsp;<\/p>\n<p>&nbsp;<\/p>\n<div id='gallery-1' class='gallery galleryid-523 gallery-columns-3 gallery-size-medium'><figure class='gallery-item'>\n\t\t\t<div class='gallery-icon landscape'>\n\t\t\t\t<a href='https:\/\/www.rivera.gub.uy\/obras\/wp-content\/uploads\/2017\/08\/9.jpg'><img loading=\"lazy\" decoding=\"async\" width=\"300\" height=\"169\" src=\"https:\/\/www.rivera.gub.uy\/obras\/wp-content\/uploads\/2017\/08\/9-300x169.jpg\" class=\"attachment-medium size-medium\" alt=\"\" aria-describedby=\"gallery-1-533\" srcset=\"https:\/\/www.rivera.gub.uy\/obras\/wp-content\/uploads\/2017\/08\/9-300x169.jpg 300w, https:\/\/www.rivera.gub.uy\/obras\/wp-content\/uploads\/2017\/08\/9-768x432.jpg 768w, https:\/\/www.rivera.gub.uy\/obras\/wp-content\/uploads\/2017\/08\/9-820x461.jpg 820w, https:\/\/www.rivera.gub.uy\/obras\/wp-content\/uploads\/2017\/08\/9.jpg 912w\" sizes=\"(max-width: 300px) 100vw, 300px\" \/><\/a>\n\t\t\t<\/div>\n\t\t\t\t<figcaption class='wp-caption-text gallery-caption' id='gallery-1-533'>\n\t\t\t\tVentrura Piriz, Ultimo Tramo\n\t\t\t\t<\/figcaption><\/figure><figure class='gallery-item'>\n\t\t\t<div class='gallery-icon landscape'>\n\t\t\t\t<a href='https:\/\/www.rivera.gub.uy\/obras\/wp-content\/uploads\/2017\/08\/15-1.jpg'><img loading=\"lazy\" decoding=\"async\" width=\"300\" height=\"169\" src=\"https:\/\/www.rivera.gub.uy\/obras\/wp-content\/uploads\/2017\/08\/15-1-300x169.jpg\" class=\"attachment-medium size-medium\" alt=\"\" aria-describedby=\"gallery-1-538\" srcset=\"https:\/\/www.rivera.gub.uy\/obras\/wp-content\/uploads\/2017\/08\/15-1-300x169.jpg 300w, https:\/\/www.rivera.gub.uy\/obras\/wp-content\/uploads\/2017\/08\/15-1-768x432.jpg 768w, https:\/\/www.rivera.gub.uy\/obras\/wp-content\/uploads\/2017\/08\/15-1-820x461.jpg 820w, https:\/\/www.rivera.gub.uy\/obras\/wp-content\/uploads\/2017\/08\/15-1.jpg 912w\" sizes=\"(max-width: 300px) 100vw, 300px\" \/><\/a>\n\t\t\t<\/div>\n\t\t\t\t<figcaption class='wp-caption-text gallery-caption' id='gallery-1-538'>\n\t\t\t\tVentrura Piriz, Ultimo Tramo\n\t\t\t\t<\/figcaption><\/figure><figure class='gallery-item'>\n\t\t\t<div class='gallery-icon landscape'>\n\t\t\t\t<a href='https:\/\/www.rivera.gub.uy\/obras\/wp-content\/uploads\/2017\/08\/8-1.jpg'><img loading=\"lazy\" decoding=\"async\" width=\"300\" height=\"169\" src=\"https:\/\/www.rivera.gub.uy\/obras\/wp-content\/uploads\/2017\/08\/8-1-300x169.jpg\" class=\"attachment-medium size-medium\" alt=\"\" aria-describedby=\"gallery-1-532\" srcset=\"https:\/\/www.rivera.gub.uy\/obras\/wp-content\/uploads\/2017\/08\/8-1-300x169.jpg 300w, https:\/\/www.rivera.gub.uy\/obras\/wp-content\/uploads\/2017\/08\/8-1-768x432.jpg 768w, https:\/\/www.rivera.gub.uy\/obras\/wp-content\/uploads\/2017\/08\/8-1.jpg 820w\" sizes=\"(max-width: 300px) 100vw, 300px\" \/><\/a>\n\t\t\t<\/div>\n\t\t\t\t<figcaption class='wp-caption-text gallery-caption' id='gallery-1-532'>\n\t\t\t\tJoaqu\u00edn Suarez \n\t\t\t\t<\/figcaption><\/figure><figure class='gallery-item'>\n\t\t\t<div class='gallery-icon landscape'>\n\t\t\t\t<a href='https:\/\/www.rivera.gub.uy\/obras\/wp-content\/uploads\/2017\/08\/14-1.jpg'><img loading=\"lazy\" decoding=\"async\" width=\"300\" height=\"169\" src=\"https:\/\/www.rivera.gub.uy\/obras\/wp-content\/uploads\/2017\/08\/14-1-300x169.jpg\" class=\"attachment-medium size-medium\" alt=\"\" aria-describedby=\"gallery-1-537\" srcset=\"https:\/\/www.rivera.gub.uy\/obras\/wp-content\/uploads\/2017\/08\/14-1-300x169.jpg 300w, https:\/\/www.rivera.gub.uy\/obras\/wp-content\/uploads\/2017\/08\/14-1-768x432.jpg 768w, https:\/\/www.rivera.gub.uy\/obras\/wp-content\/uploads\/2017\/08\/14-1-820x461.jpg 820w, https:\/\/www.rivera.gub.uy\/obras\/wp-content\/uploads\/2017\/08\/14-1.jpg 912w\" sizes=\"(max-width: 300px) 100vw, 300px\" \/><\/a>\n\t\t\t<\/div>\n\t\t\t\t<figcaption class='wp-caption-text gallery-caption' id='gallery-1-537'>\n\t\t\t\tJuana de Oriol y Brasil\n\t\t\t\t<\/figcaption><\/figure><figure class='gallery-item'>\n\t\t\t<div class='gallery-icon landscape'>\n\t\t\t\t<a href='https:\/\/www.rivera.gub.uy\/obras\/wp-content\/uploads\/2017\/08\/13.jpg'><img loading=\"lazy\" decoding=\"async\" width=\"300\" height=\"169\" src=\"https:\/\/www.rivera.gub.uy\/obras\/wp-content\/uploads\/2017\/08\/13-300x169.jpg\" class=\"attachment-medium size-medium\" alt=\"\" aria-describedby=\"gallery-1-536\" srcset=\"https:\/\/www.rivera.gub.uy\/obras\/wp-content\/uploads\/2017\/08\/13-300x169.jpg 300w, https:\/\/www.rivera.gub.uy\/obras\/wp-content\/uploads\/2017\/08\/13-768x432.jpg 768w, https:\/\/www.rivera.gub.uy\/obras\/wp-content\/uploads\/2017\/08\/13-820x461.jpg 820w, https:\/\/www.rivera.gub.uy\/obras\/wp-content\/uploads\/2017\/08\/13.jpg 912w\" sizes=\"(max-width: 300px) 100vw, 300px\" \/><\/a>\n\t\t\t<\/div>\n\t\t\t\t<figcaption class='wp-caption-text gallery-caption' id='gallery-1-536'>\n\t\t\t\tMiguel Barreiro\n\t\t\t\t<\/figcaption><\/figure><figure class='gallery-item'>\n\t\t\t<div class='gallery-icon landscape'>\n\t\t\t\t<a href='https:\/\/www.rivera.gub.uy\/obras\/wp-content\/uploads\/2017\/08\/16.jpg'><img loading=\"lazy\" decoding=\"async\" width=\"300\" height=\"169\" src=\"https:\/\/www.rivera.gub.uy\/obras\/wp-content\/uploads\/2017\/08\/16-300x169.jpg\" class=\"attachment-medium size-medium\" alt=\"\" aria-describedby=\"gallery-1-539\" srcset=\"https:\/\/www.rivera.gub.uy\/obras\/wp-content\/uploads\/2017\/08\/16-300x169.jpg 300w, https:\/\/www.rivera.gub.uy\/obras\/wp-content\/uploads\/2017\/08\/16-768x432.jpg 768w, https:\/\/www.rivera.gub.uy\/obras\/wp-content\/uploads\/2017\/08\/16-820x461.jpg 820w, https:\/\/www.rivera.gub.uy\/obras\/wp-content\/uploads\/2017\/08\/16.jpg 912w\" sizes=\"(max-width: 300px) 100vw, 300px\" \/><\/a>\n\t\t\t<\/div>\n\t\t\t\t<figcaption class='wp-caption-text gallery-caption' id='gallery-1-539'>\n\t\t\t\tItuzaingo y Brasil\n\t\t\t\t<\/figcaption><\/figure>\n\t\t<\/div>\n\n<p>&nbsp;<\/p>\n","protected":false},"excerpt":{"rendered":"<p>Vialidad urbana continua con la realizaci\u00f3n de obras en diversos puntos del Departamento y tareas de Mantenimiento Urbano<\/p>\n","protected":false},"author":4,"featured_media":535,"comment_status":"open","ping_status":"open","sticky":false,"template":"","format":"standard","meta":{"footnotes":""},"categories":[1],"tags":[18,14,12],"_links":{"self":[{"href":"https:\/\/www.rivera.gub.uy\/obras\/wp-json\/wp\/v2\/posts\/523"}],"collection":[{"href":"https:\/\/www.rivera.gub.uy\/obras\/wp-json\/wp\/v2\/posts"}],"about":[{"href":"https:\/\/www.rivera.gub.uy\/obras\/wp-json\/wp\/v2\/types\/post"}],"author":[{"embeddable":true,"href":"https:\/\/www.rivera.gub.uy\/obras\/wp-json\/wp\/v2\/users\/4"}],"replies":[{"embeddable":true,"href":"https:\/\/www.rivera.gub.uy\/obras\/wp-json\/wp\/v2\/comments?post=523"}],"version-history":[{"count":12,"href":"https:\/\/www.rivera.gub.uy\/obras\/wp-json\/wp\/v2\/posts\/523\/revisions"}],"predecessor-version":[{"id":610,"href":"https:\/\/www.rivera.gub.uy\/obras\/wp-json\/wp\/v2\/posts\/523\/revisions\/610"}],"wp:featuredmedia":[{"embeddable":true,"href":"https:\/\/www.rivera.gub.uy\/obras\/wp-json\/wp\/v2\/media\/535"}],"wp:attachment":[{"href":"https:\/\/www.rivera.gub.uy\/obras\/wp-json\/wp\/v2\/media?parent=523"}],"wp:term":[{"taxonomy":"category","embeddable":true,"href":"https:\/\/www.rivera.gub.uy\/obras\/wp-json\/wp\/v2\/categories?post=523"},{"taxonomy":"post_tag","embeddable":true,"href":"https:\/\/www.rivera.gub.uy\/obras\/wp-json\/wp\/v2\/tags?post=523"}],"curies":[{"name":"wp","href":"https:\/\/api.w.org\/{rel}","templated":true}]}}