{"id":578,"date":"2017-09-21T12:24:51","date_gmt":"2017-09-21T12:24:51","guid":{"rendered":"http:\/\/rivera.gub.uy\/obras\/?p=578"},"modified":"2017-09-21T12:24:51","modified_gmt":"2017-09-21T12:24:51","slug":"obras-realizadas-por-vialidad-urbana-0109-al-0809","status":"publish","type":"post","link":"https:\/\/www.rivera.gub.uy\/obras\/obras-realizadas-por-vialidad-urbana-0109-al-0809\/","title":{"rendered":"Obras Realizadas por Vialidad Urbana 01\/09 al 08\/09"},"content":{"rendered":"<p><a href=\"http:\/\/rivera.gub.uy\/obras\/divisiones\/vialidad-urbana\/\">Vialidad urbana<\/a> continua con la realizaci\u00f3n de obras en diversos puntos del Departamento y tareas de Mantenimiento Urbano<!--more--><\/p>\n<p><em><strong>Obras en ejecuci\u00f3n,<\/strong><\/em><\/p>\n<p>Mantenimiento de Pavimento de Hormig\u00f3n localizado en calle Uruguay esq. Rodo, Cuadrilla Mantenimiento de Pavimentos de Hormig\u00f3n (Capataz, Valdomir Silveira)<\/p>\n<p>Fue realizada la construcci\u00f3n de un cruce peatonal en calle Rinc\u00f3n esq. Luis A. Herrera, Cuadrilla Mantenimiento de Pavimentos de Hormig\u00f3n (Capataz, Valdomir Silveira)<\/p>\n<p>Bacheo en camino Curticeiras, Cuadrilla de Mantenimiento Asf\u00e1ltico (Capataz, Damian Bazzi)<\/p>\n<p>Construcci\u00f3n de Drenes en calle Miguel Barreiro,\u00a0(Cuadrilla de Mantenimiento y obra de tosca, Capataz Eduardo Macedo)<\/p>\n<div id='gallery-1' class='gallery galleryid-578 gallery-columns-2 gallery-size-medium'><figure class='gallery-item'>\n\t\t\t<div class='gallery-icon landscape'>\n\t\t\t\t<a href='https:\/\/www.rivera.gub.uy\/obras\/obras-realizadas-por-vialidad-urbana-0109-al-0809\/uruguay-y-rodo-2\/'><img loading=\"lazy\" decoding=\"async\" width=\"300\" height=\"169\" src=\"https:\/\/www.rivera.gub.uy\/obras\/wp-content\/uploads\/2017\/09\/Uruguay-y-Rodo-2-300x169.jpg\" class=\"attachment-medium size-medium\" alt=\"\" aria-describedby=\"gallery-1-603\" srcset=\"https:\/\/www.rivera.gub.uy\/obras\/wp-content\/uploads\/2017\/09\/Uruguay-y-Rodo-2-300x169.jpg 300w, https:\/\/www.rivera.gub.uy\/obras\/wp-content\/uploads\/2017\/09\/Uruguay-y-Rodo-2-768x432.jpg 768w, https:\/\/www.rivera.gub.uy\/obras\/wp-content\/uploads\/2017\/09\/Uruguay-y-Rodo-2-1024x576.jpg 1024w, https:\/\/www.rivera.gub.uy\/obras\/wp-content\/uploads\/2017\/09\/Uruguay-y-Rodo-2-820x461.jpg 820w, https:\/\/www.rivera.gub.uy\/obras\/wp-content\/uploads\/2017\/09\/Uruguay-y-Rodo-2.jpg 1600w\" sizes=\"(max-width: 300px) 100vw, 300px\" \/><\/a>\n\t\t\t<\/div>\n\t\t\t\t<figcaption class='wp-caption-text gallery-caption' id='gallery-1-603'>\n\t\t\t\tUruguay y Rodo\n\t\t\t\t<\/figcaption><\/figure><figure class='gallery-item'>\n\t\t\t<div class='gallery-icon landscape'>\n\t\t\t\t<a href='https:\/\/www.rivera.gub.uy\/obras\/obras-realizadas-por-vialidad-urbana-0109-al-0809\/uruguay-y-rodo-1-2\/'><img loading=\"lazy\" decoding=\"async\" width=\"300\" height=\"169\" src=\"https:\/\/www.rivera.gub.uy\/obras\/wp-content\/uploads\/2017\/09\/Uruguay-y-Rodo-1-1-300x169.jpg\" class=\"attachment-medium size-medium\" alt=\"\" aria-describedby=\"gallery-1-606\" srcset=\"https:\/\/www.rivera.gub.uy\/obras\/wp-content\/uploads\/2017\/09\/Uruguay-y-Rodo-1-1-300x169.jpg 300w, https:\/\/www.rivera.gub.uy\/obras\/wp-content\/uploads\/2017\/09\/Uruguay-y-Rodo-1-1-768x432.jpg 768w, https:\/\/www.rivera.gub.uy\/obras\/wp-content\/uploads\/2017\/09\/Uruguay-y-Rodo-1-1-820x461.jpg 820w, https:\/\/www.rivera.gub.uy\/obras\/wp-content\/uploads\/2017\/09\/Uruguay-y-Rodo-1-1.jpg 912w\" sizes=\"(max-width: 300px) 100vw, 300px\" \/><\/a>\n\t\t\t<\/div>\n\t\t\t\t<figcaption class='wp-caption-text gallery-caption' id='gallery-1-606'>\n\t\t\t\tUruguay y Rodo \n\t\t\t\t<\/figcaption><\/figure><figure class='gallery-item'>\n\t\t\t<div class='gallery-icon landscape'>\n\t\t\t\t<a href='https:\/\/www.rivera.gub.uy\/obras\/obras-realizadas-por-vialidad-urbana-0109-al-0809\/rincon-esq-luis-alberto-herrera-1-2\/'><img loading=\"lazy\" decoding=\"async\" width=\"300\" height=\"169\" src=\"https:\/\/www.rivera.gub.uy\/obras\/wp-content\/uploads\/2017\/09\/Rincon-esq-Luis-Alberto-Herrera-1-1-300x169.jpg\" class=\"attachment-medium size-medium\" alt=\"\" aria-describedby=\"gallery-1-598\" srcset=\"https:\/\/www.rivera.gub.uy\/obras\/wp-content\/uploads\/2017\/09\/Rincon-esq-Luis-Alberto-Herrera-1-1-300x169.jpg 300w, https:\/\/www.rivera.gub.uy\/obras\/wp-content\/uploads\/2017\/09\/Rincon-esq-Luis-Alberto-Herrera-1-1-768x432.jpg 768w, https:\/\/www.rivera.gub.uy\/obras\/wp-content\/uploads\/2017\/09\/Rincon-esq-Luis-Alberto-Herrera-1-1-820x461.jpg 820w, https:\/\/www.rivera.gub.uy\/obras\/wp-content\/uploads\/2017\/09\/Rincon-esq-Luis-Alberto-Herrera-1-1.jpg 912w\" sizes=\"(max-width: 300px) 100vw, 300px\" \/><\/a>\n\t\t\t<\/div>\n\t\t\t\t<figcaption class='wp-caption-text gallery-caption' id='gallery-1-598'>\n\t\t\t\tRincon esq Luis Alberto Herrera \n\t\t\t\t<\/figcaption><\/figure><figure class='gallery-item'>\n\t\t\t<div class='gallery-icon landscape'>\n\t\t\t\t<a href='https:\/\/www.rivera.gub.uy\/obras\/obras-realizadas-por-vialidad-urbana-0109-al-0809\/rincon-esq-luis-alberto-herrera-3-2\/'><img loading=\"lazy\" decoding=\"async\" width=\"300\" height=\"169\" src=\"https:\/\/www.rivera.gub.uy\/obras\/wp-content\/uploads\/2017\/09\/Rincon-esq-Luis-Alberto-Herrera-3-1-300x169.jpg\" class=\"attachment-medium size-medium\" alt=\"\" aria-describedby=\"gallery-1-600\" srcset=\"https:\/\/www.rivera.gub.uy\/obras\/wp-content\/uploads\/2017\/09\/Rincon-esq-Luis-Alberto-Herrera-3-1-300x169.jpg 300w, https:\/\/www.rivera.gub.uy\/obras\/wp-content\/uploads\/2017\/09\/Rincon-esq-Luis-Alberto-Herrera-3-1-768x432.jpg 768w, https:\/\/www.rivera.gub.uy\/obras\/wp-content\/uploads\/2017\/09\/Rincon-esq-Luis-Alberto-Herrera-3-1-820x461.jpg 820w, https:\/\/www.rivera.gub.uy\/obras\/wp-content\/uploads\/2017\/09\/Rincon-esq-Luis-Alberto-Herrera-3-1.jpg 912w\" sizes=\"(max-width: 300px) 100vw, 300px\" \/><\/a>\n\t\t\t<\/div>\n\t\t\t\t<figcaption class='wp-caption-text gallery-caption' id='gallery-1-600'>\n\t\t\t\tRincon esq Luis Alberto Herrera \n\t\t\t\t<\/figcaption><\/figure><figure class='gallery-item'>\n\t\t\t<div class='gallery-icon landscape'>\n\t\t\t\t<a href='https:\/\/www.rivera.gub.uy\/obras\/obras-realizadas-por-vialidad-urbana-0109-al-0809\/curticeiras-1-2\/'><img loading=\"lazy\" decoding=\"async\" width=\"300\" height=\"169\" src=\"https:\/\/www.rivera.gub.uy\/obras\/wp-content\/uploads\/2017\/09\/Curticeiras-1-1-300x169.jpg\" class=\"attachment-medium size-medium\" alt=\"\" aria-describedby=\"gallery-1-595\" srcset=\"https:\/\/www.rivera.gub.uy\/obras\/wp-content\/uploads\/2017\/09\/Curticeiras-1-1-300x169.jpg 300w, https:\/\/www.rivera.gub.uy\/obras\/wp-content\/uploads\/2017\/09\/Curticeiras-1-1-768x432.jpg 768w, https:\/\/www.rivera.gub.uy\/obras\/wp-content\/uploads\/2017\/09\/Curticeiras-1-1-820x461.jpg 820w, https:\/\/www.rivera.gub.uy\/obras\/wp-content\/uploads\/2017\/09\/Curticeiras-1-1.jpg 912w\" sizes=\"(max-width: 300px) 100vw, 300px\" \/><\/a>\n\t\t\t<\/div>\n\t\t\t\t<figcaption class='wp-caption-text gallery-caption' id='gallery-1-595'>\n\t\t\t\tCurticeiras \n\t\t\t\t<\/figcaption><\/figure><figure class='gallery-item'>\n\t\t\t<div class='gallery-icon landscape'>\n\t\t\t\t<a href='https:\/\/www.rivera.gub.uy\/obras\/obras-realizadas-por-vialidad-urbana-0109-al-0809\/curticeiras-4-1-2\/'><img loading=\"lazy\" decoding=\"async\" width=\"300\" height=\"169\" src=\"https:\/\/www.rivera.gub.uy\/obras\/wp-content\/uploads\/2017\/09\/Curticeiras-4-1-1-300x169.jpg\" class=\"attachment-medium size-medium\" alt=\"\" aria-describedby=\"gallery-1-596\" srcset=\"https:\/\/www.rivera.gub.uy\/obras\/wp-content\/uploads\/2017\/09\/Curticeiras-4-1-1-300x169.jpg 300w, https:\/\/www.rivera.gub.uy\/obras\/wp-content\/uploads\/2017\/09\/Curticeiras-4-1-1-768x432.jpg 768w, https:\/\/www.rivera.gub.uy\/obras\/wp-content\/uploads\/2017\/09\/Curticeiras-4-1-1-820x461.jpg 820w, https:\/\/www.rivera.gub.uy\/obras\/wp-content\/uploads\/2017\/09\/Curticeiras-4-1-1.jpg 912w\" sizes=\"(max-width: 300px) 100vw, 300px\" \/><\/a>\n\t\t\t<\/div>\n\t\t\t\t<figcaption class='wp-caption-text gallery-caption' id='gallery-1-596'>\n\t\t\t\tCurticeiras \n\t\t\t\t<\/figcaption><\/figure><figure class='gallery-item'>\n\t\t\t<div class='gallery-icon landscape'>\n\t\t\t\t<a href='https:\/\/www.rivera.gub.uy\/obras\/obras-realizadas-por-vialidad-urbana-0109-al-0809\/miguel-barreiro-1-2\/'><img loading=\"lazy\" decoding=\"async\" width=\"300\" height=\"169\" src=\"https:\/\/www.rivera.gub.uy\/obras\/wp-content\/uploads\/2017\/09\/Miguel-Barreiro-1-1-300x169.jpg\" class=\"attachment-medium size-medium\" alt=\"\" aria-describedby=\"gallery-1-597\" srcset=\"https:\/\/www.rivera.gub.uy\/obras\/wp-content\/uploads\/2017\/09\/Miguel-Barreiro-1-1-300x169.jpg 300w, https:\/\/www.rivera.gub.uy\/obras\/wp-content\/uploads\/2017\/09\/Miguel-Barreiro-1-1-768x432.jpg 768w, https:\/\/www.rivera.gub.uy\/obras\/wp-content\/uploads\/2017\/09\/Miguel-Barreiro-1-1-1024x576.jpg 1024w, https:\/\/www.rivera.gub.uy\/obras\/wp-content\/uploads\/2017\/09\/Miguel-Barreiro-1-1-820x461.jpg 820w, https:\/\/www.rivera.gub.uy\/obras\/wp-content\/uploads\/2017\/09\/Miguel-Barreiro-1-1.jpg 1280w\" sizes=\"(max-width: 300px) 100vw, 300px\" \/><\/a>\n\t\t\t<\/div>\n\t\t\t\t<figcaption class='wp-caption-text gallery-caption' id='gallery-1-597'>\n\t\t\t\tMiguel Barreiro \n\t\t\t\t<\/figcaption><\/figure><figure class='gallery-item'>\n\t\t\t<div class='gallery-icon landscape'>\n\t\t\t\t<a href='https:\/\/www.rivera.gub.uy\/obras\/obras-realizadas-por-vialidad-urbana-0109-al-0809\/miguel-barreiro-2\/'><img loading=\"lazy\" decoding=\"async\" width=\"300\" height=\"169\" src=\"https:\/\/www.rivera.gub.uy\/obras\/wp-content\/uploads\/2017\/09\/Miguel-Barreiro-2-300x169.jpg\" class=\"attachment-medium size-medium\" alt=\"\" aria-describedby=\"gallery-1-591\" srcset=\"https:\/\/www.rivera.gub.uy\/obras\/wp-content\/uploads\/2017\/09\/Miguel-Barreiro-2-300x169.jpg 300w, https:\/\/www.rivera.gub.uy\/obras\/wp-content\/uploads\/2017\/09\/Miguel-Barreiro-2-768x432.jpg 768w, https:\/\/www.rivera.gub.uy\/obras\/wp-content\/uploads\/2017\/09\/Miguel-Barreiro-2-820x461.jpg 820w, https:\/\/www.rivera.gub.uy\/obras\/wp-content\/uploads\/2017\/09\/Miguel-Barreiro-2.jpg 912w\" sizes=\"(max-width: 300px) 100vw, 300px\" \/><\/a>\n\t\t\t<\/div>\n\t\t\t\t<figcaption class='wp-caption-text gallery-caption' id='gallery-1-591'>\n\t\t\t\tMiguel Barreiro\n\t\t\t\t<\/figcaption><\/figure>\n\t\t<\/div>\n\n<p>&nbsp;<\/p>\n<p>&nbsp;<\/p>\n<p>&nbsp;<\/p>\n<p>&nbsp;<\/p>\n<p>&nbsp;<\/p>\n<p>&nbsp;<\/p>\n<p>&nbsp;<\/p>\n","protected":false},"excerpt":{"rendered":"<p>Vialidad urbana continua con la realizaci\u00f3n de obras en diversos puntos del Departamento y tareas de Mantenimiento Urbano<\/p>\n","protected":false},"author":4,"featured_media":609,"comment_status":"open","ping_status":"open","sticky":false,"template":"","format":"standard","meta":{"footnotes":""},"categories":[1],"tags":[],"_links":{"self":[{"href":"https:\/\/www.rivera.gub.uy\/obras\/wp-json\/wp\/v2\/posts\/578"}],"collection":[{"href":"https:\/\/www.rivera.gub.uy\/obras\/wp-json\/wp\/v2\/posts"}],"about":[{"href":"https:\/\/www.rivera.gub.uy\/obras\/wp-json\/wp\/v2\/types\/post"}],"author":[{"embeddable":true,"href":"https:\/\/www.rivera.gub.uy\/obras\/wp-json\/wp\/v2\/users\/4"}],"replies":[{"embeddable":true,"href":"https:\/\/www.rivera.gub.uy\/obras\/wp-json\/wp\/v2\/comments?post=578"}],"version-history":[{"count":2,"href":"https:\/\/www.rivera.gub.uy\/obras\/wp-json\/wp\/v2\/posts\/578\/revisions"}],"predecessor-version":[{"id":608,"href":"https:\/\/www.rivera.gub.uy\/obras\/wp-json\/wp\/v2\/posts\/578\/revisions\/608"}],"wp:featuredmedia":[{"embeddable":true,"href":"https:\/\/www.rivera.gub.uy\/obras\/wp-json\/wp\/v2\/media\/609"}],"wp:attachment":[{"href":"https:\/\/www.rivera.gub.uy\/obras\/wp-json\/wp\/v2\/media?parent=578"}],"wp:term":[{"taxonomy":"category","embeddable":true,"href":"https:\/\/www.rivera.gub.uy\/obras\/wp-json\/wp\/v2\/categories?post=578"},{"taxonomy":"post_tag","embeddable":true,"href":"https:\/\/www.rivera.gub.uy\/obras\/wp-json\/wp\/v2\/tags?post=578"}],"curies":[{"name":"wp","href":"https:\/\/api.w.org\/{rel}","templated":true}]}}