{"id":642,"date":"2017-09-28T14:12:06","date_gmt":"2017-09-28T14:12:06","guid":{"rendered":"http:\/\/rivera.gub.uy\/obras\/?p=642"},"modified":"2017-09-28T14:12:18","modified_gmt":"2017-09-28T14:12:18","slug":"reunion-informativa-para-arquitectos-e-ingenieros","status":"publish","type":"post","link":"https:\/\/www.rivera.gub.uy\/obras\/reunion-informativa-para-arquitectos-e-ingenieros\/","title":{"rendered":"Reuni\u00f3n informativa para arquitectos e ingenieros"},"content":{"rendered":"<p>A todos los t\u00e9cnicos, arquitectos e ingenieros de la regi\u00f3n, se los convoca e invita a participar de la charla informativa respecto al nuevo sistema de ingreso en expediente electr\u00f3nico, referente a procedimientos, requisitos, documentaci\u00f3n, gr\u00e1ficos, archivos pdf, etc.<!--more--><\/p>\n<p>Los esperamos el pr\u00f3ximo martes 3 de octubre, a las 10:30 horas, en el sal\u00f3n de actos de la IDR (Agraciada 570 &#8211; ss2).<\/p>\n<p>Confirmar asistencia v\u00eda mail a <a href=\"mailto:obras@rivera.gub.uy\">obras@rivera.gub.uy<\/a>\u00a0, hasta el 1 de octubre, inclusive.<\/p>\n","protected":false},"excerpt":{"rendered":"<p>A todos los t\u00e9cnicos, arquitectos e ingenieros de la regi\u00f3n, se los convoca e invita a participar de la charla informativa respecto al nuevo sistema de ingreso en expediente electr\u00f3nico, referente a procedimientos, requisitos, documentaci\u00f3n, gr\u00e1ficos, archivos pdf, etc.<\/p>\n","protected":false},"author":2,"featured_media":643,"comment_status":"open","ping_status":"open","sticky":false,"template":"","format":"standard","meta":{"footnotes":""},"categories":[1],"tags":[25,23,13,24],"_links":{"self":[{"href":"https:\/\/www.rivera.gub.uy\/obras\/wp-json\/wp\/v2\/posts\/642"}],"collection":[{"href":"https:\/\/www.rivera.gub.uy\/obras\/wp-json\/wp\/v2\/posts"}],"about":[{"href":"https:\/\/www.rivera.gub.uy\/obras\/wp-json\/wp\/v2\/types\/post"}],"author":[{"embeddable":true,"href":"https:\/\/www.rivera.gub.uy\/obras\/wp-json\/wp\/v2\/users\/2"}],"replies":[{"embeddable":true,"href":"https:\/\/www.rivera.gub.uy\/obras\/wp-json\/wp\/v2\/comments?post=642"}],"version-history":[{"count":1,"href":"https:\/\/www.rivera.gub.uy\/obras\/wp-json\/wp\/v2\/posts\/642\/revisions"}],"predecessor-version":[{"id":644,"href":"https:\/\/www.rivera.gub.uy\/obras\/wp-json\/wp\/v2\/posts\/642\/revisions\/644"}],"wp:featuredmedia":[{"embeddable":true,"href":"https:\/\/www.rivera.gub.uy\/obras\/wp-json\/wp\/v2\/media\/643"}],"wp:attachment":[{"href":"https:\/\/www.rivera.gub.uy\/obras\/wp-json\/wp\/v2\/media?parent=642"}],"wp:term":[{"taxonomy":"category","embeddable":true,"href":"https:\/\/www.rivera.gub.uy\/obras\/wp-json\/wp\/v2\/categories?post=642"},{"taxonomy":"post_tag","embeddable":true,"href":"https:\/\/www.rivera.gub.uy\/obras\/wp-json\/wp\/v2\/tags?post=642"}],"curies":[{"name":"wp","href":"https:\/\/api.w.org\/{rel}","templated":true}]}}