{"id":690,"date":"2017-10-03T15:41:58","date_gmt":"2017-10-03T15:41:58","guid":{"rendered":"http:\/\/rivera.gub.uy\/obras\/?p=690"},"modified":"2017-10-03T15:41:58","modified_gmt":"2017-10-03T15:41:58","slug":"alumbrado-publico-mes-de-septiembre","status":"publish","type":"post","link":"https:\/\/www.rivera.gub.uy\/obras\/alumbrado-publico-mes-de-septiembre\/","title":{"rendered":"Alumbrado P\u00fablico, Mes de Septiembre"},"content":{"rendered":"<p lang=\"en-US\">En el Mes de Septiembre, Divisi\u00f3n\u00a0<a href=\"http:\/\/rivera.gub.uy\/obras\/datos-estadisticos\/alumbrado-publico\/\">Alumbrado P\u00fablico<\/a>\u00a0realiz\u00f3 diversos trabajos en el Departamento de Rivera, entre ellos:<\/p>\n<p><em>Trabajos de mantenimiento realizados en Plaza Mra. Elena de Paiva.<\/em><\/p>\n<p><em>Instalaci\u00f3n de luminarias en Plazoleta Dr. Altivo Esteves<\/em><\/p>\n<p><em>Trabajos de mantenimiento en Alumbrado P\u00fablico en la localidad de Abrojal<\/em><\/p>\n<p><em>Retiro de artefactos de columnas que ser\u00e1n removidas por obras de <a href=\"http:\/\/rivera.gub.uy\/obras\/divisiones\/vialidad-urbana\/\">Vialidad urbana<\/a>\u00a0en calle Escobar, desde Av. Sarand\u00ed a M. Oribe.<\/em><\/p>\n<div id='gallery-1' class='gallery galleryid-690 gallery-columns-4 gallery-size-medium'><figure class='gallery-item'>\n\t\t\t<div class='gallery-icon landscape'>\n\t\t\t\t<a href='https:\/\/www.rivera.gub.uy\/obras\/wp-content\/uploads\/2017\/10\/Plaza-Mra.-Elena-de-Paiva..jpg'><img loading=\"lazy\" decoding=\"async\" width=\"300\" height=\"169\" src=\"https:\/\/www.rivera.gub.uy\/obras\/wp-content\/uploads\/2017\/10\/Plaza-Mra.-Elena-de-Paiva.-300x169.jpg\" class=\"attachment-medium size-medium\" alt=\"\" srcset=\"https:\/\/www.rivera.gub.uy\/obras\/wp-content\/uploads\/2017\/10\/Plaza-Mra.-Elena-de-Paiva.-300x169.jpg 300w, https:\/\/www.rivera.gub.uy\/obras\/wp-content\/uploads\/2017\/10\/Plaza-Mra.-Elena-de-Paiva.-768x432.jpg 768w, https:\/\/www.rivera.gub.uy\/obras\/wp-content\/uploads\/2017\/10\/Plaza-Mra.-Elena-de-Paiva.-820x461.jpg 820w, https:\/\/www.rivera.gub.uy\/obras\/wp-content\/uploads\/2017\/10\/Plaza-Mra.-Elena-de-Paiva..jpg 912w\" sizes=\"(max-width: 300px) 100vw, 300px\" \/><\/a>\n\t\t\t<\/div><\/figure><figure class='gallery-item'>\n\t\t\t<div class='gallery-icon landscape'>\n\t\t\t\t<a href='https:\/\/www.rivera.gub.uy\/obras\/wp-content\/uploads\/2017\/10\/Plazoleta-Dr.-Altivo-Estevez.jpg'><img loading=\"lazy\" decoding=\"async\" width=\"300\" height=\"169\" src=\"https:\/\/www.rivera.gub.uy\/obras\/wp-content\/uploads\/2017\/10\/Plazoleta-Dr.-Altivo-Estevez-300x169.jpg\" class=\"attachment-medium size-medium\" alt=\"\" srcset=\"https:\/\/www.rivera.gub.uy\/obras\/wp-content\/uploads\/2017\/10\/Plazoleta-Dr.-Altivo-Estevez-300x169.jpg 300w, https:\/\/www.rivera.gub.uy\/obras\/wp-content\/uploads\/2017\/10\/Plazoleta-Dr.-Altivo-Estevez-768x432.jpg 768w, https:\/\/www.rivera.gub.uy\/obras\/wp-content\/uploads\/2017\/10\/Plazoleta-Dr.-Altivo-Estevez-820x461.jpg 820w, https:\/\/www.rivera.gub.uy\/obras\/wp-content\/uploads\/2017\/10\/Plazoleta-Dr.-Altivo-Estevez.jpg 912w\" sizes=\"(max-width: 300px) 100vw, 300px\" \/><\/a>\n\t\t\t<\/div><\/figure><figure class='gallery-item'>\n\t\t\t<div class='gallery-icon landscape'>\n\t\t\t\t<a href='https:\/\/www.rivera.gub.uy\/obras\/wp-content\/uploads\/2017\/10\/Escobar.jpg'><img loading=\"lazy\" decoding=\"async\" width=\"300\" height=\"169\" src=\"https:\/\/www.rivera.gub.uy\/obras\/wp-content\/uploads\/2017\/10\/Escobar-300x169.jpg\" class=\"attachment-medium size-medium\" alt=\"\" srcset=\"https:\/\/www.rivera.gub.uy\/obras\/wp-content\/uploads\/2017\/10\/Escobar-300x169.jpg 300w, https:\/\/www.rivera.gub.uy\/obras\/wp-content\/uploads\/2017\/10\/Escobar-768x432.jpg 768w, https:\/\/www.rivera.gub.uy\/obras\/wp-content\/uploads\/2017\/10\/Escobar-820x462.jpg 820w, https:\/\/www.rivera.gub.uy\/obras\/wp-content\/uploads\/2017\/10\/Escobar.jpg 911w\" sizes=\"(max-width: 300px) 100vw, 300px\" \/><\/a>\n\t\t\t<\/div><\/figure><figure class='gallery-item'>\n\t\t\t<div class='gallery-icon landscape'>\n\t\t\t\t<a href='https:\/\/www.rivera.gub.uy\/obras\/wp-content\/uploads\/2017\/10\/Escobar-2.jpg'><img loading=\"lazy\" decoding=\"async\" width=\"300\" height=\"169\" src=\"https:\/\/www.rivera.gub.uy\/obras\/wp-content\/uploads\/2017\/10\/Escobar-2-300x169.jpg\" class=\"attachment-medium size-medium\" alt=\"\" srcset=\"https:\/\/www.rivera.gub.uy\/obras\/wp-content\/uploads\/2017\/10\/Escobar-2-300x169.jpg 300w, https:\/\/www.rivera.gub.uy\/obras\/wp-content\/uploads\/2017\/10\/Escobar-2-768x432.jpg 768w, https:\/\/www.rivera.gub.uy\/obras\/wp-content\/uploads\/2017\/10\/Escobar-2-820x461.jpg 820w, https:\/\/www.rivera.gub.uy\/obras\/wp-content\/uploads\/2017\/10\/Escobar-2.jpg 912w\" sizes=\"(max-width: 300px) 100vw, 300px\" \/><\/a>\n\t\t\t<\/div><\/figure>\n\t\t<\/div>\n\n<p>&nbsp;<\/p>\n<p>&nbsp;<\/p>\n<p>&nbsp;<\/p>\n","protected":false},"excerpt":{"rendered":"<p>En el Mes de Septiembre, Divisi\u00f3n\u00a0Alumbrado P\u00fablico\u00a0realiz\u00f3 diversos trabajos en el Departamento de Rivera, entre ellos: Trabajos de mantenimiento realizados en Plaza Mra. Elena de Paiva. Instalaci\u00f3n de luminarias en Plazoleta Dr. Altivo Esteves Trabajos de mantenimiento en Alumbrado P\u00fablico en la localidad de Abrojal Retiro de artefactos de columnas que ser\u00e1n removidas por obras [&hellip;]<\/p>\n","protected":false},"author":4,"featured_media":696,"comment_status":"open","ping_status":"open","sticky":false,"template":"","format":"standard","meta":{"footnotes":""},"categories":[1],"tags":[16,18,14,12],"_links":{"self":[{"href":"https:\/\/www.rivera.gub.uy\/obras\/wp-json\/wp\/v2\/posts\/690"}],"collection":[{"href":"https:\/\/www.rivera.gub.uy\/obras\/wp-json\/wp\/v2\/posts"}],"about":[{"href":"https:\/\/www.rivera.gub.uy\/obras\/wp-json\/wp\/v2\/types\/post"}],"author":[{"embeddable":true,"href":"https:\/\/www.rivera.gub.uy\/obras\/wp-json\/wp\/v2\/users\/4"}],"replies":[{"embeddable":true,"href":"https:\/\/www.rivera.gub.uy\/obras\/wp-json\/wp\/v2\/comments?post=690"}],"version-history":[{"count":3,"href":"https:\/\/www.rivera.gub.uy\/obras\/wp-json\/wp\/v2\/posts\/690\/revisions"}],"predecessor-version":[{"id":699,"href":"https:\/\/www.rivera.gub.uy\/obras\/wp-json\/wp\/v2\/posts\/690\/revisions\/699"}],"wp:featuredmedia":[{"embeddable":true,"href":"https:\/\/www.rivera.gub.uy\/obras\/wp-json\/wp\/v2\/media\/696"}],"wp:attachment":[{"href":"https:\/\/www.rivera.gub.uy\/obras\/wp-json\/wp\/v2\/media?parent=690"}],"wp:term":[{"taxonomy":"category","embeddable":true,"href":"https:\/\/www.rivera.gub.uy\/obras\/wp-json\/wp\/v2\/categories?post=690"},{"taxonomy":"post_tag","embeddable":true,"href":"https:\/\/www.rivera.gub.uy\/obras\/wp-json\/wp\/v2\/tags?post=690"}],"curies":[{"name":"wp","href":"https:\/\/api.w.org\/{rel}","templated":true}]}}