{"id":701,"date":"2017-11-03T15:12:27","date_gmt":"2017-11-03T15:12:27","guid":{"rendered":"http:\/\/rivera.gub.uy\/obras\/?p=701"},"modified":"2017-11-03T15:45:29","modified_gmt":"2017-11-03T15:45:29","slug":"vialidad-urbana-continua-con-la-ejecucion-y-mantenimiento-de-obras-en-el-departamento-de-rivera","status":"publish","type":"post","link":"https:\/\/www.rivera.gub.uy\/obras\/vialidad-urbana-continua-con-la-ejecucion-y-mantenimiento-de-obras-en-el-departamento-de-rivera\/","title":{"rendered":"Vialidad Urbana Contin\u00f9a con la Ejecuci\u00f3n y Mantenimiento de Obras en El Departamento de Rivera."},"content":{"rendered":"<p>La Divisi\u00f3n <a href=\"http:\/\/rivera.gub.uy\/obras\/divisiones\/vialidad-urbana\/\">Vialidad Urbana<\/a>, diariamente realiza,\u00a0obras y mantenimientos en toda la infraestructura vial y pluvial de todas las localidades del Departamento.<\/p>\n<p>Entre ellas en el mes de Octubre ejecut\u00f3 en\u00a0Camino paso del enano, Estabilizaci\u00f3n de suelo con cemento portland, (Cuadrilla de reparaci\u00f3n de pavimento de empedrado, capataz Ad\u00e1n Machado)<\/p>\n<p>Reposici\u00f3n de pavimento de hormig\u00f3n en diversos puntos de la Localidad de Rivera (Cuadrilla de Mantenimiento de Hormig\u00f3n, Capataz Valdomiro Silveira)<\/p>\n<p>Limpieza de Pluviales<\/p>\n<div id='gallery-1' class='gallery galleryid-701 gallery-columns-2 gallery-size-medium'><figure class='gallery-item'>\n\t\t\t<div class='gallery-icon landscape'>\n\t\t\t\t<a href='https:\/\/www.rivera.gub.uy\/obras\/wp-content\/uploads\/2017\/11\/Camino-BEPRA-5.jpg'><img loading=\"lazy\" decoding=\"async\" width=\"300\" height=\"169\" src=\"https:\/\/www.rivera.gub.uy\/obras\/wp-content\/uploads\/2017\/11\/Camino-BEPRA-5-300x169.jpg\" class=\"attachment-medium size-medium\" alt=\"\" srcset=\"https:\/\/www.rivera.gub.uy\/obras\/wp-content\/uploads\/2017\/11\/Camino-BEPRA-5-300x169.jpg 300w, https:\/\/www.rivera.gub.uy\/obras\/wp-content\/uploads\/2017\/11\/Camino-BEPRA-5-768x432.jpg 768w, https:\/\/www.rivera.gub.uy\/obras\/wp-content\/uploads\/2017\/11\/Camino-BEPRA-5-820x462.jpg 820w, https:\/\/www.rivera.gub.uy\/obras\/wp-content\/uploads\/2017\/11\/Camino-BEPRA-5.jpg 920w\" sizes=\"(max-width: 300px) 100vw, 300px\" \/><\/a>\n\t\t\t<\/div><\/figure><figure class='gallery-item'>\n\t\t\t<div class='gallery-icon landscape'>\n\t\t\t\t<a href='https:\/\/www.rivera.gub.uy\/obras\/wp-content\/uploads\/2017\/11\/Camino-BEPRA-6.jpg'><img loading=\"lazy\" decoding=\"async\" width=\"300\" height=\"169\" src=\"https:\/\/www.rivera.gub.uy\/obras\/wp-content\/uploads\/2017\/11\/Camino-BEPRA-6-300x169.jpg\" class=\"attachment-medium size-medium\" alt=\"\" srcset=\"https:\/\/www.rivera.gub.uy\/obras\/wp-content\/uploads\/2017\/11\/Camino-BEPRA-6-300x169.jpg 300w, https:\/\/www.rivera.gub.uy\/obras\/wp-content\/uploads\/2017\/11\/Camino-BEPRA-6-768x432.jpg 768w, https:\/\/www.rivera.gub.uy\/obras\/wp-content\/uploads\/2017\/11\/Camino-BEPRA-6-820x462.jpg 820w, https:\/\/www.rivera.gub.uy\/obras\/wp-content\/uploads\/2017\/11\/Camino-BEPRA-6.jpg 920w\" sizes=\"(max-width: 300px) 100vw, 300px\" \/><\/a>\n\t\t\t<\/div><\/figure><figure class='gallery-item'>\n\t\t\t<div class='gallery-icon landscape'>\n\t\t\t\t<a href='https:\/\/www.rivera.gub.uy\/obras\/wp-content\/uploads\/2017\/11\/Cuaro-y-Brasil-2.jpg'><img loading=\"lazy\" decoding=\"async\" width=\"300\" height=\"169\" src=\"https:\/\/www.rivera.gub.uy\/obras\/wp-content\/uploads\/2017\/11\/Cuaro-y-Brasil-2-300x169.jpg\" class=\"attachment-medium size-medium\" alt=\"\" srcset=\"https:\/\/www.rivera.gub.uy\/obras\/wp-content\/uploads\/2017\/11\/Cuaro-y-Brasil-2-300x169.jpg 300w, https:\/\/www.rivera.gub.uy\/obras\/wp-content\/uploads\/2017\/11\/Cuaro-y-Brasil-2-768x432.jpg 768w, https:\/\/www.rivera.gub.uy\/obras\/wp-content\/uploads\/2017\/11\/Cuaro-y-Brasil-2-820x462.jpg 820w, https:\/\/www.rivera.gub.uy\/obras\/wp-content\/uploads\/2017\/11\/Cuaro-y-Brasil-2.jpg 913w\" sizes=\"(max-width: 300px) 100vw, 300px\" \/><\/a>\n\t\t\t<\/div><\/figure><figure class='gallery-item'>\n\t\t\t<div class='gallery-icon landscape'>\n\t\t\t\t<a href='https:\/\/www.rivera.gub.uy\/obras\/wp-content\/uploads\/2017\/11\/Cuaro-y-Brasil.jpg'><img loading=\"lazy\" decoding=\"async\" width=\"300\" height=\"169\" src=\"https:\/\/www.rivera.gub.uy\/obras\/wp-content\/uploads\/2017\/11\/Cuaro-y-Brasil-300x169.jpg\" class=\"attachment-medium size-medium\" alt=\"\" srcset=\"https:\/\/www.rivera.gub.uy\/obras\/wp-content\/uploads\/2017\/11\/Cuaro-y-Brasil-300x169.jpg 300w, https:\/\/www.rivera.gub.uy\/obras\/wp-content\/uploads\/2017\/11\/Cuaro-y-Brasil-768x432.jpg 768w, https:\/\/www.rivera.gub.uy\/obras\/wp-content\/uploads\/2017\/11\/Cuaro-y-Brasil-820x462.jpg 820w, https:\/\/www.rivera.gub.uy\/obras\/wp-content\/uploads\/2017\/11\/Cuaro-y-Brasil.jpg 913w\" sizes=\"(max-width: 300px) 100vw, 300px\" \/><\/a>\n\t\t\t<\/div><\/figure><figure class='gallery-item'>\n\t\t\t<div class='gallery-icon landscape'>\n\t\t\t\t<a href='https:\/\/www.rivera.gub.uy\/obras\/wp-content\/uploads\/2017\/11\/Ansina.jpg'><img loading=\"lazy\" decoding=\"async\" width=\"300\" height=\"166\" src=\"https:\/\/www.rivera.gub.uy\/obras\/wp-content\/uploads\/2017\/11\/Ansina-300x166.jpg\" class=\"attachment-medium size-medium\" alt=\"\" srcset=\"https:\/\/www.rivera.gub.uy\/obras\/wp-content\/uploads\/2017\/11\/Ansina-300x166.jpg 300w, https:\/\/www.rivera.gub.uy\/obras\/wp-content\/uploads\/2017\/11\/Ansina-768x424.jpg 768w, https:\/\/www.rivera.gub.uy\/obras\/wp-content\/uploads\/2017\/11\/Ansina-820x453.jpg 820w, https:\/\/www.rivera.gub.uy\/obras\/wp-content\/uploads\/2017\/11\/Ansina.jpg 920w\" sizes=\"(max-width: 300px) 100vw, 300px\" \/><\/a>\n\t\t\t<\/div><\/figure><figure class='gallery-item'>\n\t\t\t<div class='gallery-icon landscape'>\n\t\t\t\t<a href='https:\/\/www.rivera.gub.uy\/obras\/wp-content\/uploads\/2017\/11\/Ansina-entre-Florencio-Sanchez-y-Rodo.jpg'><img loading=\"lazy\" decoding=\"async\" width=\"300\" height=\"174\" src=\"https:\/\/www.rivera.gub.uy\/obras\/wp-content\/uploads\/2017\/11\/Ansina-entre-Florencio-Sanchez-y-Rodo-300x174.jpg\" class=\"attachment-medium size-medium\" alt=\"\" srcset=\"https:\/\/www.rivera.gub.uy\/obras\/wp-content\/uploads\/2017\/11\/Ansina-entre-Florencio-Sanchez-y-Rodo-300x174.jpg 300w, https:\/\/www.rivera.gub.uy\/obras\/wp-content\/uploads\/2017\/11\/Ansina-entre-Florencio-Sanchez-y-Rodo-768x447.jpg 768w, https:\/\/www.rivera.gub.uy\/obras\/wp-content\/uploads\/2017\/11\/Ansina-entre-Florencio-Sanchez-y-Rodo-820x477.jpg 820w, https:\/\/www.rivera.gub.uy\/obras\/wp-content\/uploads\/2017\/11\/Ansina-entre-Florencio-Sanchez-y-Rodo.jpg 915w\" sizes=\"(max-width: 300px) 100vw, 300px\" \/><\/a>\n\t\t\t<\/div><\/figure><figure class='gallery-item'>\n\t\t\t<div class='gallery-icon landscape'>\n\t\t\t\t<a href='https:\/\/www.rivera.gub.uy\/obras\/wp-content\/uploads\/2017\/11\/PRIVADO-1.jpg'><img loading=\"lazy\" decoding=\"async\" width=\"300\" height=\"169\" src=\"https:\/\/www.rivera.gub.uy\/obras\/wp-content\/uploads\/2017\/11\/PRIVADO-1-300x169.jpg\" class=\"attachment-medium size-medium\" alt=\"\" srcset=\"https:\/\/www.rivera.gub.uy\/obras\/wp-content\/uploads\/2017\/11\/PRIVADO-1-300x169.jpg 300w, https:\/\/www.rivera.gub.uy\/obras\/wp-content\/uploads\/2017\/11\/PRIVADO-1-768x432.jpg 768w, https:\/\/www.rivera.gub.uy\/obras\/wp-content\/uploads\/2017\/11\/PRIVADO-1-820x462.jpg 820w, https:\/\/www.rivera.gub.uy\/obras\/wp-content\/uploads\/2017\/11\/PRIVADO-1.jpg 920w\" sizes=\"(max-width: 300px) 100vw, 300px\" \/><\/a>\n\t\t\t<\/div><\/figure><figure class='gallery-item'>\n\t\t\t<div class='gallery-icon landscape'>\n\t\t\t\t<a href='https:\/\/www.rivera.gub.uy\/obras\/wp-content\/uploads\/2017\/11\/PRIVADO-2.jpg'><img loading=\"lazy\" decoding=\"async\" width=\"300\" height=\"169\" src=\"https:\/\/www.rivera.gub.uy\/obras\/wp-content\/uploads\/2017\/11\/PRIVADO-2-300x169.jpg\" class=\"attachment-medium size-medium\" alt=\"\" srcset=\"https:\/\/www.rivera.gub.uy\/obras\/wp-content\/uploads\/2017\/11\/PRIVADO-2-300x169.jpg 300w, https:\/\/www.rivera.gub.uy\/obras\/wp-content\/uploads\/2017\/11\/PRIVADO-2-768x432.jpg 768w, https:\/\/www.rivera.gub.uy\/obras\/wp-content\/uploads\/2017\/11\/PRIVADO-2-820x462.jpg 820w, https:\/\/www.rivera.gub.uy\/obras\/wp-content\/uploads\/2017\/11\/PRIVADO-2.jpg 920w\" sizes=\"(max-width: 300px) 100vw, 300px\" \/><\/a>\n\t\t\t<\/div><\/figure>\n\t\t<\/div>\n\n","protected":false},"excerpt":{"rendered":"<p>La Divisi\u00f3n Vialidad Urbana, diariamente realiza,\u00a0obras y mantenimientos en toda la infraestructura vial y pluvial de todas las localidades del Departamento. Entre ellas en el mes de Octubre ejecut\u00f3 en\u00a0Camino paso del enano, Estabilizaci\u00f3n de suelo con cemento portland, (Cuadrilla de reparaci\u00f3n de pavimento de empedrado, capataz Ad\u00e1n Machado) Reposici\u00f3n de pavimento de hormig\u00f3n en [&hellip;]<\/p>\n","protected":false},"author":4,"featured_media":721,"comment_status":"open","ping_status":"open","sticky":false,"template":"","format":"standard","meta":{"footnotes":""},"categories":[1],"tags":[18,14,12],"_links":{"self":[{"href":"https:\/\/www.rivera.gub.uy\/obras\/wp-json\/wp\/v2\/posts\/701"}],"collection":[{"href":"https:\/\/www.rivera.gub.uy\/obras\/wp-json\/wp\/v2\/posts"}],"about":[{"href":"https:\/\/www.rivera.gub.uy\/obras\/wp-json\/wp\/v2\/types\/post"}],"author":[{"embeddable":true,"href":"https:\/\/www.rivera.gub.uy\/obras\/wp-json\/wp\/v2\/users\/4"}],"replies":[{"embeddable":true,"href":"https:\/\/www.rivera.gub.uy\/obras\/wp-json\/wp\/v2\/comments?post=701"}],"version-history":[{"count":5,"href":"https:\/\/www.rivera.gub.uy\/obras\/wp-json\/wp\/v2\/posts\/701\/revisions"}],"predecessor-version":[{"id":734,"href":"https:\/\/www.rivera.gub.uy\/obras\/wp-json\/wp\/v2\/posts\/701\/revisions\/734"}],"wp:featuredmedia":[{"embeddable":true,"href":"https:\/\/www.rivera.gub.uy\/obras\/wp-json\/wp\/v2\/media\/721"}],"wp:attachment":[{"href":"https:\/\/www.rivera.gub.uy\/obras\/wp-json\/wp\/v2\/media?parent=701"}],"wp:term":[{"taxonomy":"category","embeddable":true,"href":"https:\/\/www.rivera.gub.uy\/obras\/wp-json\/wp\/v2\/categories?post=701"},{"taxonomy":"post_tag","embeddable":true,"href":"https:\/\/www.rivera.gub.uy\/obras\/wp-json\/wp\/v2\/tags?post=701"}],"curies":[{"name":"wp","href":"https:\/\/api.w.org\/{rel}","templated":true}]}}