{"id":726,"date":"2017-11-03T15:41:38","date_gmt":"2017-11-03T15:41:38","guid":{"rendered":"http:\/\/rivera.gub.uy\/obras\/?p=726"},"modified":"2017-11-03T15:41:38","modified_gmt":"2017-11-03T15:41:38","slug":"alumbrado-publico-mes-de-octubre","status":"publish","type":"post","link":"https:\/\/www.rivera.gub.uy\/obras\/alumbrado-publico-mes-de-octubre\/","title":{"rendered":"Alumbrado P\u00fablico, mes de Octubre"},"content":{"rendered":"<p>La Divisi\u00f3n <a href=\"http:\/\/rivera.gub.uy\/obras\/divisiones\/alumbrado-publico\/\">Alumbrado P\u00fablico<\/a>, contin\u00faa proporcionando al Departamento de Rivera el mejor nivel de iluminaci\u00f3n.<\/p>\n<p>En este mes de octubre realiz\u00f3 entre ellos, los siguientes trabajos:<\/p>\n<p>Paseo de los inmigrantes<\/p>\n<p>Rivera Brilla<\/p>\n<div>Reparaci\u00f3n de Globos en ciclov\u00eda<\/div>\n<div>\n<div id='gallery-1' class='gallery galleryid-726 gallery-columns-2 gallery-size-medium'><figure class='gallery-item'>\n\t\t\t<div class='gallery-icon landscape'>\n\t\t\t\t<a href='https:\/\/www.rivera.gub.uy\/obras\/wp-content\/uploads\/2017\/11\/Alumbrado-1.jpg'><img loading=\"lazy\" decoding=\"async\" width=\"300\" height=\"169\" src=\"https:\/\/www.rivera.gub.uy\/obras\/wp-content\/uploads\/2017\/11\/Alumbrado-1-300x169.jpg\" class=\"attachment-medium size-medium\" alt=\"\" srcset=\"https:\/\/www.rivera.gub.uy\/obras\/wp-content\/uploads\/2017\/11\/Alumbrado-1-300x169.jpg 300w, https:\/\/www.rivera.gub.uy\/obras\/wp-content\/uploads\/2017\/11\/Alumbrado-1-768x432.jpg 768w, https:\/\/www.rivera.gub.uy\/obras\/wp-content\/uploads\/2017\/11\/Alumbrado-1-820x462.jpg 820w, https:\/\/www.rivera.gub.uy\/obras\/wp-content\/uploads\/2017\/11\/Alumbrado-1.jpg 920w\" sizes=\"(max-width: 300px) 100vw, 300px\" \/><\/a>\n\t\t\t<\/div><\/figure><figure class='gallery-item'>\n\t\t\t<div class='gallery-icon landscape'>\n\t\t\t\t<a href='https:\/\/www.rivera.gub.uy\/obras\/wp-content\/uploads\/2017\/11\/Alumbrado-4.jpg'><img loading=\"lazy\" decoding=\"async\" width=\"300\" height=\"170\" src=\"https:\/\/www.rivera.gub.uy\/obras\/wp-content\/uploads\/2017\/11\/Alumbrado-4-300x170.jpg\" class=\"attachment-medium size-medium\" alt=\"\" srcset=\"https:\/\/www.rivera.gub.uy\/obras\/wp-content\/uploads\/2017\/11\/Alumbrado-4-300x170.jpg 300w, https:\/\/www.rivera.gub.uy\/obras\/wp-content\/uploads\/2017\/11\/Alumbrado-4-768x435.jpg 768w, https:\/\/www.rivera.gub.uy\/obras\/wp-content\/uploads\/2017\/11\/Alumbrado-4-820x464.jpg 820w, https:\/\/www.rivera.gub.uy\/obras\/wp-content\/uploads\/2017\/11\/Alumbrado-4.jpg 920w\" sizes=\"(max-width: 300px) 100vw, 300px\" \/><\/a>\n\t\t\t<\/div><\/figure><figure class='gallery-item'>\n\t\t\t<div class='gallery-icon landscape'>\n\t\t\t\t<a href='https:\/\/www.rivera.gub.uy\/obras\/wp-content\/uploads\/2017\/11\/Alumbrado-2.jpg'><img loading=\"lazy\" decoding=\"async\" width=\"300\" height=\"169\" src=\"https:\/\/www.rivera.gub.uy\/obras\/wp-content\/uploads\/2017\/11\/Alumbrado-2-300x169.jpg\" class=\"attachment-medium size-medium\" alt=\"\" srcset=\"https:\/\/www.rivera.gub.uy\/obras\/wp-content\/uploads\/2017\/11\/Alumbrado-2-300x169.jpg 300w, https:\/\/www.rivera.gub.uy\/obras\/wp-content\/uploads\/2017\/11\/Alumbrado-2-768x432.jpg 768w, https:\/\/www.rivera.gub.uy\/obras\/wp-content\/uploads\/2017\/11\/Alumbrado-2-820x462.jpg 820w, https:\/\/www.rivera.gub.uy\/obras\/wp-content\/uploads\/2017\/11\/Alumbrado-2.jpg 920w\" sizes=\"(max-width: 300px) 100vw, 300px\" \/><\/a>\n\t\t\t<\/div><\/figure><figure class='gallery-item'>\n\t\t\t<div class='gallery-icon landscape'>\n\t\t\t\t<a href='https:\/\/www.rivera.gub.uy\/obras\/wp-content\/uploads\/2017\/11\/Alumbrado-5.jpg'><img loading=\"lazy\" decoding=\"async\" width=\"300\" height=\"170\" src=\"https:\/\/www.rivera.gub.uy\/obras\/wp-content\/uploads\/2017\/11\/Alumbrado-5-300x170.jpg\" class=\"attachment-medium size-medium\" alt=\"\" srcset=\"https:\/\/www.rivera.gub.uy\/obras\/wp-content\/uploads\/2017\/11\/Alumbrado-5-300x170.jpg 300w, https:\/\/www.rivera.gub.uy\/obras\/wp-content\/uploads\/2017\/11\/Alumbrado-5-768x436.jpg 768w, https:\/\/www.rivera.gub.uy\/obras\/wp-content\/uploads\/2017\/11\/Alumbrado-5-820x465.jpg 820w, https:\/\/www.rivera.gub.uy\/obras\/wp-content\/uploads\/2017\/11\/Alumbrado-5.jpg 920w\" sizes=\"(max-width: 300px) 100vw, 300px\" \/><\/a>\n\t\t\t<\/div><\/figure>\n\t\t<\/div>\n\n<\/div>\n<div><\/div>\n","protected":false},"excerpt":{"rendered":"<p>La Divisi\u00f3n Alumbrado P\u00fablico, contin\u00faa proporcionando al Departamento de Rivera el mejor nivel de iluminaci\u00f3n. En este mes de octubre realiz\u00f3 entre ellos, los siguientes trabajos: Paseo de los inmigrantes Rivera Brilla Reparaci\u00f3n de Globos en ciclov\u00eda<\/p>\n","protected":false},"author":4,"featured_media":731,"comment_status":"open","ping_status":"open","sticky":false,"template":"","format":"standard","meta":{"footnotes":""},"categories":[1],"tags":[16,18,14],"_links":{"self":[{"href":"https:\/\/www.rivera.gub.uy\/obras\/wp-json\/wp\/v2\/posts\/726"}],"collection":[{"href":"https:\/\/www.rivera.gub.uy\/obras\/wp-json\/wp\/v2\/posts"}],"about":[{"href":"https:\/\/www.rivera.gub.uy\/obras\/wp-json\/wp\/v2\/types\/post"}],"author":[{"embeddable":true,"href":"https:\/\/www.rivera.gub.uy\/obras\/wp-json\/wp\/v2\/users\/4"}],"replies":[{"embeddable":true,"href":"https:\/\/www.rivera.gub.uy\/obras\/wp-json\/wp\/v2\/comments?post=726"}],"version-history":[{"count":2,"href":"https:\/\/www.rivera.gub.uy\/obras\/wp-json\/wp\/v2\/posts\/726\/revisions"}],"predecessor-version":[{"id":733,"href":"https:\/\/www.rivera.gub.uy\/obras\/wp-json\/wp\/v2\/posts\/726\/revisions\/733"}],"wp:featuredmedia":[{"embeddable":true,"href":"https:\/\/www.rivera.gub.uy\/obras\/wp-json\/wp\/v2\/media\/731"}],"wp:attachment":[{"href":"https:\/\/www.rivera.gub.uy\/obras\/wp-json\/wp\/v2\/media?parent=726"}],"wp:term":[{"taxonomy":"category","embeddable":true,"href":"https:\/\/www.rivera.gub.uy\/obras\/wp-json\/wp\/v2\/categories?post=726"},{"taxonomy":"post_tag","embeddable":true,"href":"https:\/\/www.rivera.gub.uy\/obras\/wp-json\/wp\/v2\/tags?post=726"}],"curies":[{"name":"wp","href":"https:\/\/api.w.org\/{rel}","templated":true}]}}