{"id":736,"date":"2017-11-20T12:50:47","date_gmt":"2017-11-20T12:50:47","guid":{"rendered":"http:\/\/rivera.gub.uy\/obras\/?p=736"},"modified":"2017-11-20T14:42:38","modified_gmt":"2017-11-20T14:42:38","slug":"vialidad-urbana-mes-de-noviembre","status":"publish","type":"post","link":"https:\/\/www.rivera.gub.uy\/obras\/vialidad-urbana-mes-de-noviembre\/","title":{"rendered":"Vialidad Urbana, Mes de Noviembre"},"content":{"rendered":"<p>Se realiz\u00f3 en las primeras semanas del mes de noviembre en diversos puntos de la Localidad de Rivera, Reparaci\u00f3n de Pavimento de Hormig\u00f3n, (\u00a0Joaqu\u00edn Suarez esq. Reyles, Anolles entre Diego Lamas y Reyles,\u00a0Paysand\u00fa esq. Joaqu\u00edn Suarez, Florencio Sanchez esq. Anolles) Cuadrilla Obra y Mantenimiento de Pavimento de Hormig\u00f3n, Capataz Valdomiro Silveira.<!--more--><\/p>\n<p>Tambien se est\u00e1 realizando:<\/p>\n<p>En Barrio Rampla, Mantenimiento de Pavimento de Tosca. Cuadrilla Obra y Mantenimiento de Pavimento de Tosca, Capataz Heber Noble<\/p>\n<p>Rondeau esq. Ap. Saravia, Construcci\u00f3n de Drenes y Pluviales. Cuadrilla Mantenimiento y Construcci\u00f3n de Obras Pluviales, Capataz Jorge Bazzi.<\/p>\n<div id='gallery-1' class='gallery galleryid-736 gallery-columns-3 gallery-size-thumbnail'><figure class='gallery-item'>\n\t\t\t<div class='gallery-icon landscape'>\n\t\t\t\t<a href='https:\/\/www.rivera.gub.uy\/obras\/wp-content\/uploads\/2017\/11\/Joaquin-Suarez-y-Reyles.jpg'><img loading=\"lazy\" decoding=\"async\" width=\"150\" height=\"150\" src=\"https:\/\/www.rivera.gub.uy\/obras\/wp-content\/uploads\/2017\/11\/Joaquin-Suarez-y-Reyles-150x150.jpg\" class=\"attachment-thumbnail size-thumbnail\" alt=\"\" aria-describedby=\"gallery-1-743\" \/><\/a>\n\t\t\t<\/div>\n\t\t\t\t<figcaption class='wp-caption-text gallery-caption' id='gallery-1-743'>\n\t\t\t\tJoaquin Suarez esq. Reyles\n\t\t\t\t<\/figcaption><\/figure><figure class='gallery-item'>\n\t\t\t<div class='gallery-icon landscape'>\n\t\t\t\t<a href='https:\/\/www.rivera.gub.uy\/obras\/wp-content\/uploads\/2017\/11\/Anolles-y-Diego-Lamas.jpg'><img loading=\"lazy\" decoding=\"async\" width=\"150\" height=\"150\" src=\"https:\/\/www.rivera.gub.uy\/obras\/wp-content\/uploads\/2017\/11\/Anolles-y-Diego-Lamas-150x150.jpg\" class=\"attachment-thumbnail size-thumbnail\" alt=\"\" aria-describedby=\"gallery-1-739\" \/><\/a>\n\t\t\t<\/div>\n\t\t\t\t<figcaption class='wp-caption-text gallery-caption' id='gallery-1-739'>\n\t\t\t\tAnolles entre Diego Lamas y Reyles\n\t\t\t\t<\/figcaption><\/figure><figure class='gallery-item'>\n\t\t\t<div class='gallery-icon landscape'>\n\t\t\t\t<a href='https:\/\/www.rivera.gub.uy\/obras\/wp-content\/uploads\/2017\/11\/Paysandu-y-Joaquin-Suarez.jpg'><img loading=\"lazy\" decoding=\"async\" width=\"150\" height=\"150\" src=\"https:\/\/www.rivera.gub.uy\/obras\/wp-content\/uploads\/2017\/11\/Paysandu-y-Joaquin-Suarez-150x150.jpg\" class=\"attachment-thumbnail size-thumbnail\" alt=\"\" aria-describedby=\"gallery-1-744\" \/><\/a>\n\t\t\t<\/div>\n\t\t\t\t<figcaption class='wp-caption-text gallery-caption' id='gallery-1-744'>\n\t\t\t\tPaysandu esq. Joaquin Suarez\n\t\t\t\t<\/figcaption><\/figure><figure class='gallery-item'>\n\t\t\t<div class='gallery-icon landscape'>\n\t\t\t\t<a href='https:\/\/www.rivera.gub.uy\/obras\/wp-content\/uploads\/2017\/11\/Florencio-Sanchez-Anolles.jpg'><img loading=\"lazy\" decoding=\"async\" width=\"150\" height=\"150\" src=\"https:\/\/www.rivera.gub.uy\/obras\/wp-content\/uploads\/2017\/11\/Florencio-Sanchez-Anolles-150x150.jpg\" class=\"attachment-thumbnail size-thumbnail\" alt=\"\" aria-describedby=\"gallery-1-741\" \/><\/a>\n\t\t\t<\/div>\n\t\t\t\t<figcaption class='wp-caption-text gallery-caption' id='gallery-1-741'>\n\t\t\t\tFlorencio Sanchez esq.  Anolles\n\t\t\t\t<\/figcaption><\/figure><figure class='gallery-item'>\n\t\t\t<div class='gallery-icon landscape'>\n\t\t\t\t<a href='https:\/\/www.rivera.gub.uy\/obras\/wp-content\/uploads\/2017\/11\/Barrio-Rampla.jpg'><img loading=\"lazy\" decoding=\"async\" width=\"150\" height=\"150\" src=\"https:\/\/www.rivera.gub.uy\/obras\/wp-content\/uploads\/2017\/11\/Barrio-Rampla-150x150.jpg\" class=\"attachment-thumbnail size-thumbnail\" alt=\"\" aria-describedby=\"gallery-1-740\" \/><\/a>\n\t\t\t<\/div>\n\t\t\t\t<figcaption class='wp-caption-text gallery-caption' id='gallery-1-740'>\n\t\t\t\tBarrio Rampla\n\t\t\t\t<\/figcaption><\/figure><figure class='gallery-item'>\n\t\t\t<div class='gallery-icon landscape'>\n\t\t\t\t<a href='https:\/\/www.rivera.gub.uy\/obras\/wp-content\/uploads\/2017\/11\/Rondeao-y-A-Saravia.jpg'><img loading=\"lazy\" decoding=\"async\" width=\"150\" height=\"150\" src=\"https:\/\/www.rivera.gub.uy\/obras\/wp-content\/uploads\/2017\/11\/Rondeao-y-A-Saravia-150x150.jpg\" class=\"attachment-thumbnail size-thumbnail\" alt=\"\" aria-describedby=\"gallery-1-747\" \/><\/a>\n\t\t\t<\/div>\n\t\t\t\t<figcaption class='wp-caption-text gallery-caption' id='gallery-1-747'>\n\t\t\t\tRondeau esq. Ap. Saravia\n\t\t\t\t<\/figcaption><\/figure>\n\t\t<\/div>\n\n<p>&nbsp;<\/p>\n","protected":false},"excerpt":{"rendered":"<p>Se realiz\u00f3 en las primeras semanas del mes de noviembre en diversos puntos de la Localidad de Rivera, Reparaci\u00f3n de Pavimento de Hormig\u00f3n, (\u00a0Joaqu\u00edn Suarez esq. Reyles, Anolles entre Diego Lamas y Reyles,\u00a0Paysand\u00fa esq. Joaqu\u00edn Suarez, Florencio Sanchez esq. Anolles) Cuadrilla Obra y Mantenimiento de Pavimento de Hormig\u00f3n, Capataz Valdomiro Silveira.<\/p>\n","protected":false},"author":4,"featured_media":748,"comment_status":"open","ping_status":"open","sticky":false,"template":"","format":"standard","meta":{"footnotes":""},"categories":[1],"tags":[18,14,12],"_links":{"self":[{"href":"https:\/\/www.rivera.gub.uy\/obras\/wp-json\/wp\/v2\/posts\/736"}],"collection":[{"href":"https:\/\/www.rivera.gub.uy\/obras\/wp-json\/wp\/v2\/posts"}],"about":[{"href":"https:\/\/www.rivera.gub.uy\/obras\/wp-json\/wp\/v2\/types\/post"}],"author":[{"embeddable":true,"href":"https:\/\/www.rivera.gub.uy\/obras\/wp-json\/wp\/v2\/users\/4"}],"replies":[{"embeddable":true,"href":"https:\/\/www.rivera.gub.uy\/obras\/wp-json\/wp\/v2\/comments?post=736"}],"version-history":[{"count":4,"href":"https:\/\/www.rivera.gub.uy\/obras\/wp-json\/wp\/v2\/posts\/736\/revisions"}],"predecessor-version":[{"id":754,"href":"https:\/\/www.rivera.gub.uy\/obras\/wp-json\/wp\/v2\/posts\/736\/revisions\/754"}],"wp:featuredmedia":[{"embeddable":true,"href":"https:\/\/www.rivera.gub.uy\/obras\/wp-json\/wp\/v2\/media\/748"}],"wp:attachment":[{"href":"https:\/\/www.rivera.gub.uy\/obras\/wp-json\/wp\/v2\/media?parent=736"}],"wp:term":[{"taxonomy":"category","embeddable":true,"href":"https:\/\/www.rivera.gub.uy\/obras\/wp-json\/wp\/v2\/categories?post=736"},{"taxonomy":"post_tag","embeddable":true,"href":"https:\/\/www.rivera.gub.uy\/obras\/wp-json\/wp\/v2\/tags?post=736"}],"curies":[{"name":"wp","href":"https:\/\/api.w.org\/{rel}","templated":true}]}}