{"id":809,"date":"2018-05-23T21:13:50","date_gmt":"2018-05-23T21:13:50","guid":{"rendered":"http:\/\/rivera.gub.uy\/obras\/?p=809"},"modified":"2018-07-02T12:22:52","modified_gmt":"2018-07-02T12:22:52","slug":"809-2","status":"publish","type":"post","link":"https:\/\/www.rivera.gub.uy\/obras\/809-2\/","title":{"rendered":"Modernidad en cada obra, una tarea que crece en nuestra ciudad"},"content":{"rendered":"<p>Desde la Direcci\u00f3n General de Obras de la IDR, a trav\u00e9s de la Divisi\u00f3n Alumbrado P\u00fablico, su Director, Mart\u00ed Molins, inform\u00f3 al respecto de la inversi\u00f3n de las obras de calle Chasque De los Santos, al oeste de la ciudad de Rivera.<!--more--><br \/>\nMolins, manifest\u00f3 que desde la cabecera este, del puente de Lagun\u00f3n, hasta calle Paysand\u00fa, esq. Bernab\u00e9 Rivera, se<br \/>\ninstalaron 23 luminarias completas con l\u00e1mparas de Sodio SON-T 250W.<\/p>\n<p>Fueron colocadas 23 columnas de hormig\u00f3n de 7.5 mt. cada una, adem\u00e1s se realiz\u00f3 un tendido de 750 metros aprox. de conductor preensamblado de 3&#215;16+1.50 AL.<\/p>\n<p>El valor aproximado de la obra del trabajo de Alumbrado es de 805.000 pesos uruguayos.<br \/>\n\u201cEste servicio cuenta con la medici\u00f3n correspondiente\u201d, enfatiz\u00f3 Molins.<\/p>\n<p>Con <strong>transparencia<\/strong> vamos construyendo juntos un lugar para vivir.<br \/>\nRivera | Juntos construimos Futuro.<\/p>\n","protected":false},"excerpt":{"rendered":"<p>Desde la Direcci\u00f3n General de Obras de la IDR, a trav\u00e9s de la Divisi\u00f3n Alumbrado P\u00fablico, su Director, Mart\u00ed Molins, inform\u00f3 al respecto de la inversi\u00f3n de las obras de calle Chasque De los Santos, al oeste de la ciudad de Rivera.<\/p>\n","protected":false},"author":2,"featured_media":810,"comment_status":"open","ping_status":"open","sticky":false,"template":"","format":"standard","meta":{"footnotes":""},"categories":[1,3],"tags":[32,33,34],"_links":{"self":[{"href":"https:\/\/www.rivera.gub.uy\/obras\/wp-json\/wp\/v2\/posts\/809"}],"collection":[{"href":"https:\/\/www.rivera.gub.uy\/obras\/wp-json\/wp\/v2\/posts"}],"about":[{"href":"https:\/\/www.rivera.gub.uy\/obras\/wp-json\/wp\/v2\/types\/post"}],"author":[{"embeddable":true,"href":"https:\/\/www.rivera.gub.uy\/obras\/wp-json\/wp\/v2\/users\/2"}],"replies":[{"embeddable":true,"href":"https:\/\/www.rivera.gub.uy\/obras\/wp-json\/wp\/v2\/comments?post=809"}],"version-history":[{"count":3,"href":"https:\/\/www.rivera.gub.uy\/obras\/wp-json\/wp\/v2\/posts\/809\/revisions"}],"predecessor-version":[{"id":813,"href":"https:\/\/www.rivera.gub.uy\/obras\/wp-json\/wp\/v2\/posts\/809\/revisions\/813"}],"wp:featuredmedia":[{"embeddable":true,"href":"https:\/\/www.rivera.gub.uy\/obras\/wp-json\/wp\/v2\/media\/810"}],"wp:attachment":[{"href":"https:\/\/www.rivera.gub.uy\/obras\/wp-json\/wp\/v2\/media?parent=809"}],"wp:term":[{"taxonomy":"category","embeddable":true,"href":"https:\/\/www.rivera.gub.uy\/obras\/wp-json\/wp\/v2\/categories?post=809"},{"taxonomy":"post_tag","embeddable":true,"href":"https:\/\/www.rivera.gub.uy\/obras\/wp-json\/wp\/v2\/tags?post=809"}],"curies":[{"name":"wp","href":"https:\/\/api.w.org\/{rel}","templated":true}]}}