{"id":814,"date":"2018-07-02T17:03:17","date_gmt":"2018-07-02T17:03:17","guid":{"rendered":"http:\/\/rivera.gub.uy\/obras\/?p=814"},"modified":"2018-07-02T17:03:37","modified_gmt":"2018-07-02T17:03:37","slug":"recorrida-de-obras-en-la-ciudad-de-tranqueras","status":"publish","type":"post","link":"https:\/\/www.rivera.gub.uy\/obras\/recorrida-de-obras-en-la-ciudad-de-tranqueras\/","title":{"rendered":"Recorrida de obras en la ciudad de Tranqueras"},"content":{"rendered":"<p>Obras en barrio Artigas, entrega de maquinarias, y visita a Aserradero<\/p>\n<p>El pasado viernes 29 de junio, el Intendente Dptal. Dr. Marne Osorio, acompa\u00f1ado por parte de su equipo de gobierno, recorrieron obras en ejecuci\u00f3n en barrio Artigas, realizaron entrega de maquinar\u00edas al municipio y visitaron el Aserradero MADENOR, en la ciudad de Tranqueras.<!--more--><br \/>\nEl mandatario afirm\u00f3 que ya se lleva realizado en 20%, de la intervenci\u00f3n en el barrio Artigas, proyecto m\u00e1s grande de la ciudad de Tranqueras, de todos los tiempos.<br \/>\n\u201cLas obras siguen a buen ritmo y a pesar de las previsiones de lluvia, nos informan que sigue previsto culminarlas para el mes de febrero\u201d, se\u00f1al\u00f3 Osorio.<\/p>\n<div id='gallery-1' class='gallery galleryid-814 gallery-columns-7 gallery-size-thumbnail'><figure class='gallery-item'>\n\t\t\t<div class='gallery-icon landscape'>\n\t\t\t\t<a href='https:\/\/www.rivera.gub.uy\/obras\/wp-content\/uploads\/2018\/07\/DSC_0508.jpg'><img loading=\"lazy\" decoding=\"async\" width=\"150\" height=\"150\" src=\"https:\/\/www.rivera.gub.uy\/obras\/wp-content\/uploads\/2018\/07\/DSC_0508-150x150.jpg\" class=\"attachment-thumbnail size-thumbnail\" alt=\"\" \/><\/a>\n\t\t\t<\/div><\/figure><figure class='gallery-item'>\n\t\t\t<div class='gallery-icon landscape'>\n\t\t\t\t<a href='https:\/\/www.rivera.gub.uy\/obras\/wp-content\/uploads\/2018\/07\/DSC_0511.jpg'><img loading=\"lazy\" decoding=\"async\" width=\"150\" height=\"150\" src=\"https:\/\/www.rivera.gub.uy\/obras\/wp-content\/uploads\/2018\/07\/DSC_0511-150x150.jpg\" class=\"attachment-thumbnail size-thumbnail\" alt=\"\" \/><\/a>\n\t\t\t<\/div><\/figure><figure class='gallery-item'>\n\t\t\t<div class='gallery-icon portrait'>\n\t\t\t\t<a href='https:\/\/www.rivera.gub.uy\/obras\/wp-content\/uploads\/2018\/07\/DSC_0517.jpg'><img loading=\"lazy\" decoding=\"async\" width=\"150\" height=\"150\" src=\"https:\/\/www.rivera.gub.uy\/obras\/wp-content\/uploads\/2018\/07\/DSC_0517-150x150.jpg\" class=\"attachment-thumbnail size-thumbnail\" alt=\"\" \/><\/a>\n\t\t\t<\/div><\/figure><figure class='gallery-item'>\n\t\t\t<div class='gallery-icon landscape'>\n\t\t\t\t<a href='https:\/\/www.rivera.gub.uy\/obras\/wp-content\/uploads\/2018\/07\/DSC_0521.jpg'><img loading=\"lazy\" decoding=\"async\" width=\"150\" height=\"150\" src=\"https:\/\/www.rivera.gub.uy\/obras\/wp-content\/uploads\/2018\/07\/DSC_0521-150x150.jpg\" class=\"attachment-thumbnail size-thumbnail\" alt=\"\" \/><\/a>\n\t\t\t<\/div><\/figure><figure class='gallery-item'>\n\t\t\t<div class='gallery-icon landscape'>\n\t\t\t\t<a href='https:\/\/www.rivera.gub.uy\/obras\/wp-content\/uploads\/2018\/07\/DSC_0523.jpg'><img loading=\"lazy\" decoding=\"async\" width=\"150\" height=\"150\" src=\"https:\/\/www.rivera.gub.uy\/obras\/wp-content\/uploads\/2018\/07\/DSC_0523-150x150.jpg\" class=\"attachment-thumbnail size-thumbnail\" alt=\"\" \/><\/a>\n\t\t\t<\/div><\/figure><figure class='gallery-item'>\n\t\t\t<div class='gallery-icon landscape'>\n\t\t\t\t<a href='https:\/\/www.rivera.gub.uy\/obras\/wp-content\/uploads\/2018\/07\/DSC_0529.jpg'><img loading=\"lazy\" decoding=\"async\" width=\"150\" height=\"150\" src=\"https:\/\/www.rivera.gub.uy\/obras\/wp-content\/uploads\/2018\/07\/DSC_0529-150x150.jpg\" class=\"attachment-thumbnail size-thumbnail\" alt=\"\" \/><\/a>\n\t\t\t<\/div><\/figure><figure class='gallery-item'>\n\t\t\t<div class='gallery-icon portrait'>\n\t\t\t\t<a href='https:\/\/www.rivera.gub.uy\/obras\/wp-content\/uploads\/2018\/07\/DSC_0533.jpg'><img loading=\"lazy\" decoding=\"async\" width=\"150\" height=\"150\" src=\"https:\/\/www.rivera.gub.uy\/obras\/wp-content\/uploads\/2018\/07\/DSC_0533-150x150.jpg\" class=\"attachment-thumbnail size-thumbnail\" alt=\"\" \/><\/a>\n\t\t\t<\/div><\/figure><figure class='gallery-item'>\n\t\t\t<div class='gallery-icon landscape'>\n\t\t\t\t<a href='https:\/\/www.rivera.gub.uy\/obras\/wp-content\/uploads\/2018\/07\/DSC_0536.jpg'><img loading=\"lazy\" decoding=\"async\" width=\"150\" height=\"150\" src=\"https:\/\/www.rivera.gub.uy\/obras\/wp-content\/uploads\/2018\/07\/DSC_0536-150x150.jpg\" class=\"attachment-thumbnail size-thumbnail\" alt=\"\" \/><\/a>\n\t\t\t<\/div><\/figure><figure class='gallery-item'>\n\t\t\t<div class='gallery-icon landscape'>\n\t\t\t\t<a href='https:\/\/www.rivera.gub.uy\/obras\/wp-content\/uploads\/2018\/07\/DSC_0538.jpg'><img loading=\"lazy\" decoding=\"async\" width=\"150\" height=\"150\" src=\"https:\/\/www.rivera.gub.uy\/obras\/wp-content\/uploads\/2018\/07\/DSC_0538-150x150.jpg\" class=\"attachment-thumbnail size-thumbnail\" alt=\"\" \/><\/a>\n\t\t\t<\/div><\/figure><figure class='gallery-item'>\n\t\t\t<div class='gallery-icon portrait'>\n\t\t\t\t<a href='https:\/\/www.rivera.gub.uy\/obras\/wp-content\/uploads\/2018\/07\/DSC_0544.jpg'><img loading=\"lazy\" decoding=\"async\" width=\"150\" height=\"150\" src=\"https:\/\/www.rivera.gub.uy\/obras\/wp-content\/uploads\/2018\/07\/DSC_0544-150x150.jpg\" class=\"attachment-thumbnail size-thumbnail\" alt=\"\" \/><\/a>\n\t\t\t<\/div><\/figure><figure class='gallery-item'>\n\t\t\t<div class='gallery-icon landscape'>\n\t\t\t\t<a href='https:\/\/www.rivera.gub.uy\/obras\/wp-content\/uploads\/2018\/07\/DSC_0555.jpg'><img loading=\"lazy\" decoding=\"async\" width=\"150\" height=\"150\" src=\"https:\/\/www.rivera.gub.uy\/obras\/wp-content\/uploads\/2018\/07\/DSC_0555-150x150.jpg\" class=\"attachment-thumbnail size-thumbnail\" alt=\"\" \/><\/a>\n\t\t\t<\/div><\/figure><figure class='gallery-item'>\n\t\t\t<div class='gallery-icon landscape'>\n\t\t\t\t<a href='https:\/\/www.rivera.gub.uy\/obras\/wp-content\/uploads\/2018\/07\/DSC_0560.jpg'><img loading=\"lazy\" decoding=\"async\" width=\"150\" height=\"150\" src=\"https:\/\/www.rivera.gub.uy\/obras\/wp-content\/uploads\/2018\/07\/DSC_0560-150x150.jpg\" class=\"attachment-thumbnail size-thumbnail\" alt=\"\" \/><\/a>\n\t\t\t<\/div><\/figure><figure class='gallery-item'>\n\t\t\t<div class='gallery-icon landscape'>\n\t\t\t\t<a href='https:\/\/www.rivera.gub.uy\/obras\/wp-content\/uploads\/2018\/07\/DSC_0568.jpg'><img loading=\"lazy\" decoding=\"async\" width=\"150\" height=\"150\" src=\"https:\/\/www.rivera.gub.uy\/obras\/wp-content\/uploads\/2018\/07\/DSC_0568-150x150.jpg\" class=\"attachment-thumbnail size-thumbnail\" alt=\"\" \/><\/a>\n\t\t\t<\/div><\/figure>\n\t\t<\/div>\n\n<p>Adem\u00e1s el jefe comunal entreg\u00f3 a la alcald\u00eda de Tranqueras, tres m\u00e1quinas; una Retroescabadora, una Palacargadora y una Motoniveladora, \u201cque mejorar\u00e1 la capacidad operativa de las obras de la ciudad\u201d.<\/p>\n<p>Como parte de la agenda en la ciudad de Tranqueras, el mandatario continu\u00f3 recorriendo las obras de refacci\u00f3n del muro del estadio Euclides Silva Bitencourt, se reuni\u00f3 con Rotarios y visit\u00f3 el aserradero MADENOR, que integra el Proyecto REDEMA (Red de Desarrollo Maderero), que trabaja en el fortalecimiento de la comercializaci\u00f3n y el desarrollo de la misma en el departamento.<\/p>\n<p><iframe loading=\"lazy\" width=\"1160\" height=\"653\" src=\"https:\/\/www.youtube.com\/embed\/pCeE5-kMcb8?feature=oembed\" frameborder=\"0\" allow=\"autoplay; encrypted-media\" allowfullscreen><\/iframe><\/p>\n","protected":false},"excerpt":{"rendered":"<p>Obras en barrio Artigas, entrega de maquinarias, y visita a Aserradero El pasado viernes 29 de junio, el Intendente Dptal. Dr. Marne Osorio, acompa\u00f1ado por parte de su equipo de gobierno, recorrieron obras en ejecuci\u00f3n en barrio Artigas, realizaron entrega de maquinar\u00edas al municipio y visitaron el Aserradero MADENOR, en la ciudad de Tranqueras.<\/p>\n","protected":false},"author":2,"featured_media":819,"comment_status":"open","ping_status":"open","sticky":false,"template":"","format":"standard","meta":{"footnotes":""},"categories":[1,4],"tags":[35,18,23,13,24,36],"_links":{"self":[{"href":"https:\/\/www.rivera.gub.uy\/obras\/wp-json\/wp\/v2\/posts\/814"}],"collection":[{"href":"https:\/\/www.rivera.gub.uy\/obras\/wp-json\/wp\/v2\/posts"}],"about":[{"href":"https:\/\/www.rivera.gub.uy\/obras\/wp-json\/wp\/v2\/types\/post"}],"author":[{"embeddable":true,"href":"https:\/\/www.rivera.gub.uy\/obras\/wp-json\/wp\/v2\/users\/2"}],"replies":[{"embeddable":true,"href":"https:\/\/www.rivera.gub.uy\/obras\/wp-json\/wp\/v2\/comments?post=814"}],"version-history":[{"count":1,"href":"https:\/\/www.rivera.gub.uy\/obras\/wp-json\/wp\/v2\/posts\/814\/revisions"}],"predecessor-version":[{"id":828,"href":"https:\/\/www.rivera.gub.uy\/obras\/wp-json\/wp\/v2\/posts\/814\/revisions\/828"}],"wp:featuredmedia":[{"embeddable":true,"href":"https:\/\/www.rivera.gub.uy\/obras\/wp-json\/wp\/v2\/media\/819"}],"wp:attachment":[{"href":"https:\/\/www.rivera.gub.uy\/obras\/wp-json\/wp\/v2\/media?parent=814"}],"wp:term":[{"taxonomy":"category","embeddable":true,"href":"https:\/\/www.rivera.gub.uy\/obras\/wp-json\/wp\/v2\/categories?post=814"},{"taxonomy":"post_tag","embeddable":true,"href":"https:\/\/www.rivera.gub.uy\/obras\/wp-json\/wp\/v2\/tags?post=814"}],"curies":[{"name":"wp","href":"https:\/\/api.w.org\/{rel}","templated":true}]}}