{"id":829,"date":"2018-05-16T17:05:07","date_gmt":"2018-05-16T17:05:07","guid":{"rendered":"http:\/\/rivera.gub.uy\/obras\/?p=829"},"modified":"2018-07-02T17:10:01","modified_gmt":"2018-07-02T17:10:01","slug":"inauguracion-de-obras-de-urbanizacion-chasque-de-los-santos","status":"publish","type":"post","link":"https:\/\/www.rivera.gub.uy\/obras\/inauguracion-de-obras-de-urbanizacion-chasque-de-los-santos\/","title":{"rendered":"Inauguraci\u00f3n de obras de urbanizaci\u00f3n \u2013 Chasque de los Santos"},"content":{"rendered":"<p>Este mi\u00e9rcoles 16 de mayo, se llev\u00f3 a cabo la inauguraci\u00f3n de las obras de realizadas en calle Chasques de los Santos en barrio Lagun\u00f3n.<\/p>\n<p>La obra fue liberada al uso p\u00fablico en un acto realizado junto al puente de Lagun\u00f3n, en la intersecci\u00f3n de las calles Chasque de los Santos y Manuel Freire, en el cual estuvo presente el Intendente Departamental, Dr. Marne Osorio, el Sec. Gral. de la IDR, Cr. Richard Sander, el Pro-Sec. IDR, Esc. Nelson Guti\u00e9rrez, Director General de Obras, Arq. Jos\u00e9 Mazzoni, Jefe de Polic\u00eda de Rivera, Crio Mayor\u00ae, Ricardo Pereira, Director General de Tr\u00e1nsito y Transporte, Mauricio Gonz\u00e1lez, Ingenieros de Vialidad Urbana, Ediles, Pte. de la Comisi\u00f3n Vecinal de Lagun\u00f3n, Jos\u00e9 Luis Albornoz, alumnos de la Escuela 88 y comunidad en general.<!--more--><\/p>\n<p>La obra se concret\u00f3 luego de un arduo trabajo donde a partir de la fecha podr\u00e1n disfrutar de mejor transitabilidad, calidad, seguridad de la calle y sus veredas.<\/p>\n<p>En su alocuci\u00f3n, el Pte. de la Comisi\u00f3n barrial habl\u00f3 de la excelencia de obra y resalt\u00f3 el cuidado de la misma, recordando como era antes esa zona de la ciudad.<\/p>\n<p>\u201cHoy se nos entrega otra cosa, el mismo derecho pero con otra dignidad, de no ensuciar a nuestros hijos, no tener inundaciones, la dignidad de tener seguridad e iluminaci\u00f3n. En nombra de los vecinos del Lagun\u00f3n, quiero agradecer la entrega de la obra y los vecinos deben tener en cuenta que esta obra agrega valor y atrae turismo beneficiando al barrio. Quiero dejar un pedido, esto es plata que se nos entrega y no tenemos que dejar que se nos venga abajo. Cuidemos\u2026\u201d enfatiz\u00f3 Albornoz.<\/p>\n<div id='gallery-1' class='gallery galleryid-829 gallery-columns-4 gallery-size-thumbnail'><figure class='gallery-item'>\n\t\t\t<div class='gallery-icon landscape'>\n\t\t\t\t<a href='https:\/\/www.rivera.gub.uy\/obras\/wp-content\/uploads\/2018\/07\/1-8.jpg'><img loading=\"lazy\" decoding=\"async\" width=\"150\" height=\"150\" src=\"https:\/\/www.rivera.gub.uy\/obras\/wp-content\/uploads\/2018\/07\/1-8-150x150.jpg\" class=\"attachment-thumbnail size-thumbnail\" alt=\"\" \/><\/a>\n\t\t\t<\/div><\/figure><figure class='gallery-item'>\n\t\t\t<div class='gallery-icon landscape'>\n\t\t\t\t<a href='https:\/\/www.rivera.gub.uy\/obras\/wp-content\/uploads\/2018\/07\/2-8.jpg'><img loading=\"lazy\" decoding=\"async\" width=\"150\" height=\"150\" src=\"https:\/\/www.rivera.gub.uy\/obras\/wp-content\/uploads\/2018\/07\/2-8-150x150.jpg\" class=\"attachment-thumbnail size-thumbnail\" alt=\"\" \/><\/a>\n\t\t\t<\/div><\/figure><figure class='gallery-item'>\n\t\t\t<div class='gallery-icon landscape'>\n\t\t\t\t<a href='https:\/\/www.rivera.gub.uy\/obras\/wp-content\/uploads\/2018\/07\/3-6.jpg'><img loading=\"lazy\" decoding=\"async\" width=\"150\" height=\"150\" src=\"https:\/\/www.rivera.gub.uy\/obras\/wp-content\/uploads\/2018\/07\/3-6-150x150.jpg\" class=\"attachment-thumbnail size-thumbnail\" alt=\"\" \/><\/a>\n\t\t\t<\/div><\/figure><figure class='gallery-item'>\n\t\t\t<div class='gallery-icon landscape'>\n\t\t\t\t<a href='https:\/\/www.rivera.gub.uy\/obras\/wp-content\/uploads\/2018\/07\/4-4.jpg'><img loading=\"lazy\" decoding=\"async\" width=\"150\" height=\"150\" src=\"https:\/\/www.rivera.gub.uy\/obras\/wp-content\/uploads\/2018\/07\/4-4-150x150.jpg\" class=\"attachment-thumbnail size-thumbnail\" alt=\"\" \/><\/a>\n\t\t\t<\/div><\/figure>\n\t\t<\/div>\n\n<p>El Director General de Obras, Arq. Mazzoni, explic\u00f3 sobre la etapa concretada que comprende el tramo entre Cuar\u00f3, hasta el Lagun\u00f3n, con obras de pluviales, alumbrado, cord\u00f3n cuneta, veredas, pavimentaci\u00f3n, se\u00f1alizaci\u00f3n, resguardos peatonales y la incorporaci\u00f3n de un tramo de ciclov\u00eda que conecta con la ciclov\u00eda de Pte. Gir\u00f3 y nos va a permitir conectar con la ciclov\u00eda del lado de Brasil.<\/p>\n<p>Se avanza en la infraestructura y modernidad de nuestro departamento, buscando satisfacer las principales necesidades de todos los riverenses.<\/p>\n<p><iframe loading=\"lazy\" width=\"1160\" height=\"653\" src=\"https:\/\/www.youtube.com\/embed\/uFlNNtX7gbU?feature=oembed\" frameborder=\"0\" allow=\"autoplay; encrypted-media\" allowfullscreen><\/iframe><\/p>\n<p>\u201cEsta obra viene a complementar las dem\u00e1s obras que se realizan en la zona oeste con una inversi\u00f3n de 32 millones de pesos y nos alienta a ir avanzando con los dem\u00e1s barrios, tratando de avanzar en la consolidaci\u00f3n urbana que estamos intentando llevar adelante en la ciudad de Rivera y en el interior\u201d.<\/p>\n<p>Por su parte el Intendente Departamental analiz\u00f3 el trabajo realizado destacando la conectividad de esta obra entre los barrios, con la inclusi\u00f3n de una nueva modalidad del uso del espacio p\u00fablico, \u201c\u2026un proyecto dise\u00f1ado por el equipo t\u00e9cnico de la Direcci\u00f3n de Obras y llevado adelante por administraci\u00f3n y contrataci\u00f3n, pero que hace que hoy estemos frente a una obra de soluci\u00f3n definitiva\u201d.<\/p>\n","protected":false},"excerpt":{"rendered":"<p>Este mi\u00e9rcoles 16 de mayo, se llev\u00f3 a cabo la inauguraci\u00f3n de las obras de realizadas en calle Chasques de los Santos en barrio Lagun\u00f3n. La obra fue liberada al uso p\u00fablico en un acto realizado junto al puente de Lagun\u00f3n, en la intersecci\u00f3n de las calles Chasque de los Santos y Manuel Freire, en [&hellip;]<\/p>\n","protected":false},"author":2,"featured_media":832,"comment_status":"open","ping_status":"open","sticky":false,"template":"","format":"standard","meta":{"footnotes":""},"categories":[1,3],"tags":[33,18,23,13,24],"_links":{"self":[{"href":"https:\/\/www.rivera.gub.uy\/obras\/wp-json\/wp\/v2\/posts\/829"}],"collection":[{"href":"https:\/\/www.rivera.gub.uy\/obras\/wp-json\/wp\/v2\/posts"}],"about":[{"href":"https:\/\/www.rivera.gub.uy\/obras\/wp-json\/wp\/v2\/types\/post"}],"author":[{"embeddable":true,"href":"https:\/\/www.rivera.gub.uy\/obras\/wp-json\/wp\/v2\/users\/2"}],"replies":[{"embeddable":true,"href":"https:\/\/www.rivera.gub.uy\/obras\/wp-json\/wp\/v2\/comments?post=829"}],"version-history":[{"count":1,"href":"https:\/\/www.rivera.gub.uy\/obras\/wp-json\/wp\/v2\/posts\/829\/revisions"}],"predecessor-version":[{"id":834,"href":"https:\/\/www.rivera.gub.uy\/obras\/wp-json\/wp\/v2\/posts\/829\/revisions\/834"}],"wp:featuredmedia":[{"embeddable":true,"href":"https:\/\/www.rivera.gub.uy\/obras\/wp-json\/wp\/v2\/media\/832"}],"wp:attachment":[{"href":"https:\/\/www.rivera.gub.uy\/obras\/wp-json\/wp\/v2\/media?parent=829"}],"wp:term":[{"taxonomy":"category","embeddable":true,"href":"https:\/\/www.rivera.gub.uy\/obras\/wp-json\/wp\/v2\/categories?post=829"},{"taxonomy":"post_tag","embeddable":true,"href":"https:\/\/www.rivera.gub.uy\/obras\/wp-json\/wp\/v2\/tags?post=829"}],"curies":[{"name":"wp","href":"https:\/\/api.w.org\/{rel}","templated":true}]}}