{"id":849,"date":"2018-03-15T17:23:51","date_gmt":"2018-03-15T17:23:51","guid":{"rendered":"http:\/\/rivera.gub.uy\/obras\/?p=849"},"modified":"2018-07-02T17:24:05","modified_gmt":"2018-07-02T17:24:05","slug":"obras-mantenimiento-de-calles-pluviales-y-pavimentacion-en-barrios-de-la-ciudad-de-rivera","status":"publish","type":"post","link":"https:\/\/www.rivera.gub.uy\/obras\/obras-mantenimiento-de-calles-pluviales-y-pavimentacion-en-barrios-de-la-ciudad-de-rivera\/","title":{"rendered":"Obras: Mantenimiento de calles, pluviales y pavimentaci\u00f3n en barrios de la ciudad de Rivera"},"content":{"rendered":"<p>El Director General de Obras, Arq. Jos\u00e9 Mazzoni, inform\u00f3 sobre las obras de pluviales y de mantenimiento que se est\u00e1n realizando en la ciudad de Rivera.<\/p>\n<p>Destac\u00f3 el avance en las obras de pavimentaci\u00f3n en barrio Santa Isabel y Santa Teresa, que corresponden al entorno de las calles Polocastro y Paz. Adem\u00e1s inform\u00f3 sobre el asfaltado que se viene realizando en calle Andresito, en la zona del Lagun\u00f3n.<!--more--><\/p>\n<p><strong>Pueblo Nuevo<\/strong><\/p>\n<p>Mazzoni destac\u00f3 tambi\u00e9n, la intervenci\u00f3n que se realiza en barrio Pueblo Nuevo, a la altura de la Yerbatera, calle Cottens y calle Sanguinetti, con empedrado de calles, resaltando que las obras de la zona de la Yerbatera, corresponden a \u201clas mejoras de las condiciones de inundabiliadad de la zona\u201d.<\/p>\n<p>Sobre esta obra manifest\u00f3: \u201cSe est\u00e1 preparando un proyecto, para realizar las obras en la zona que va desde la Yerbatera hasta 5 Bocas, donde se incluir\u00e1 la nueva alcantarilla para mejorar el tema de pluviales, cord\u00f3n cuneta y veredas, desde la calle Artigas, Manuel Oribe, seguido de otras intervenciones en calle Francia, Florencio S\u00e1nchez, Chiosoni y Brasil\u201d.<\/p>\n<p><strong>Recreo y Bisio<\/strong><\/p>\n<p>Con referencia al barrio Recreo, Mazzoni expres\u00f3 que se est\u00e1n empezando obras de mantenimiento y en las pr\u00f3ximas semanas comenzar\u00e1n con la pavimentaci\u00f3n en barrio Bisio, que corresponde al recorrido del \u00f3mnibus.<br \/>\n\u201cEn este momento tenemos 4 cuadrillas de Vialidad Urbana, trabajando por toda la ciudad\u201d, concluy\u00f3.<\/p>\n<div id='gallery-1' class='gallery galleryid-849 gallery-columns-3 gallery-size-thumbnail'><figure class='gallery-item'>\n\t\t\t<div class='gallery-icon landscape'>\n\t\t\t\t<a href='https:\/\/www.rivera.gub.uy\/obras\/wp-content\/uploads\/2018\/07\/1-4.jpg'><img loading=\"lazy\" decoding=\"async\" width=\"150\" height=\"150\" src=\"https:\/\/www.rivera.gub.uy\/obras\/wp-content\/uploads\/2018\/07\/1-4-150x150.jpg\" class=\"attachment-thumbnail size-thumbnail\" alt=\"\" \/><\/a>\n\t\t\t<\/div><\/figure><figure class='gallery-item'>\n\t\t\t<div class='gallery-icon landscape'>\n\t\t\t\t<a href='https:\/\/www.rivera.gub.uy\/obras\/wp-content\/uploads\/2018\/07\/3-2.jpg'><img loading=\"lazy\" decoding=\"async\" width=\"150\" height=\"150\" src=\"https:\/\/www.rivera.gub.uy\/obras\/wp-content\/uploads\/2018\/07\/3-2-150x150.jpg\" class=\"attachment-thumbnail size-thumbnail\" alt=\"\" \/><\/a>\n\t\t\t<\/div><\/figure><figure class='gallery-item'>\n\t\t\t<div class='gallery-icon landscape'>\n\t\t\t\t<a href='https:\/\/www.rivera.gub.uy\/obras\/wp-content\/uploads\/2018\/07\/2-3.jpg'><img loading=\"lazy\" decoding=\"async\" width=\"150\" height=\"150\" src=\"https:\/\/www.rivera.gub.uy\/obras\/wp-content\/uploads\/2018\/07\/2-3-150x150.jpg\" class=\"attachment-thumbnail size-thumbnail\" alt=\"\" \/><\/a>\n\t\t\t<\/div><\/figure>\n\t\t<\/div>\n\n<p><iframe loading=\"lazy\" width=\"1160\" height=\"653\" src=\"https:\/\/www.youtube.com\/embed\/gH47pt4RjwI?feature=oembed\" frameborder=\"0\" allow=\"autoplay; encrypted-media\" allowfullscreen><\/iframe><\/p>\n","protected":false},"excerpt":{"rendered":"<p>El Director General de Obras, Arq. Jos\u00e9 Mazzoni, inform\u00f3 sobre las obras de pluviales y de mantenimiento que se est\u00e1n realizando en la ciudad de Rivera. Destac\u00f3 el avance en las obras de pavimentaci\u00f3n en barrio Santa Isabel y Santa Teresa, que corresponden al entorno de las calles Polocastro y Paz. Adem\u00e1s inform\u00f3 sobre el [&hellip;]<\/p>\n","protected":false},"author":2,"featured_media":853,"comment_status":"open","ping_status":"open","sticky":false,"template":"","format":"standard","meta":{"footnotes":""},"categories":[1,3],"tags":[44,18,23,41,40,42,38,43,24],"_links":{"self":[{"href":"https:\/\/www.rivera.gub.uy\/obras\/wp-json\/wp\/v2\/posts\/849"}],"collection":[{"href":"https:\/\/www.rivera.gub.uy\/obras\/wp-json\/wp\/v2\/posts"}],"about":[{"href":"https:\/\/www.rivera.gub.uy\/obras\/wp-json\/wp\/v2\/types\/post"}],"author":[{"embeddable":true,"href":"https:\/\/www.rivera.gub.uy\/obras\/wp-json\/wp\/v2\/users\/2"}],"replies":[{"embeddable":true,"href":"https:\/\/www.rivera.gub.uy\/obras\/wp-json\/wp\/v2\/comments?post=849"}],"version-history":[{"count":1,"href":"https:\/\/www.rivera.gub.uy\/obras\/wp-json\/wp\/v2\/posts\/849\/revisions"}],"predecessor-version":[{"id":854,"href":"https:\/\/www.rivera.gub.uy\/obras\/wp-json\/wp\/v2\/posts\/849\/revisions\/854"}],"wp:featuredmedia":[{"embeddable":true,"href":"https:\/\/www.rivera.gub.uy\/obras\/wp-json\/wp\/v2\/media\/853"}],"wp:attachment":[{"href":"https:\/\/www.rivera.gub.uy\/obras\/wp-json\/wp\/v2\/media?parent=849"}],"wp:term":[{"taxonomy":"category","embeddable":true,"href":"https:\/\/www.rivera.gub.uy\/obras\/wp-json\/wp\/v2\/categories?post=849"},{"taxonomy":"post_tag","embeddable":true,"href":"https:\/\/www.rivera.gub.uy\/obras\/wp-json\/wp\/v2\/tags?post=849"}],"curies":[{"name":"wp","href":"https:\/\/api.w.org\/{rel}","templated":true}]}}