{"id":858,"date":"2018-02-28T17:26:52","date_gmt":"2018-02-28T17:26:52","guid":{"rendered":"http:\/\/rivera.gub.uy\/obras\/?p=858"},"modified":"2018-07-02T17:30:18","modified_gmt":"2018-07-02T17:30:18","slug":"intendente-recorre-obras-de-camineria-rural-y-el-nuevo-hogar-estudiantil-de-minas-de-corrales","status":"publish","type":"post","link":"https:\/\/www.rivera.gub.uy\/obras\/intendente-recorre-obras-de-camineria-rural-y-el-nuevo-hogar-estudiantil-de-minas-de-corrales\/","title":{"rendered":"Intendente recorre obras de caminer\u00eda rural y el nuevo Hogar Estudiantil de Minas de Corrales"},"content":{"rendered":"<p>El intendente de Rivera Dr. Marne Osorio Lima, junto al Secretario General Cr. Richard Sander, y el director de Vialidad Rural, Julio Videla, recorrieron parte de la caminer\u00eda rural de nuestro departamento, en lugares donde se encontraban maquinarias trabajando.<!--more--><span id=\"more-4467\"><\/span><br \/>\nEl recorrido comenz\u00f3 por Paso La Caillava, luego se traslad\u00f3 a Minas de Cortume, Paso del Rubio en Carpinter\u00eda de Yaguar\u00ed y Puente Ba\u00f1ado Grande, donde se est\u00e1 realizando intervenciones que tienen que ver con la reconstrucci\u00f3n de viejos badenes por puentes, recambio de una estructura de caminer\u00eda rural con ensanche y pavimento y mantenimiento ordinario; todo realizado con equipamientos nuevos que \u201casegura un rendimiento importante, seg\u00fan los mismos funcionarios\u201d.<\/p>\n<p>El jerarca departamental adem\u00e1s se reuni\u00f3 con estudiantes y familias de los mismos, en el local del Centro Cultural de Minas de Corrales, donde estuvieron presentes adem\u00e1s, Director General de Promoci\u00f3n y Acci\u00f3n Social, Cr. Giovanni Conti, el Director de Hogares Estudiantiles, Kenny N\u00fa\u00f1ez, la Asistente Social, Aline Da Costa y el encargado del transporte rural, Fabricio Da Costa, para dialogar sobre temas de sumo inter\u00e9s para los estudiantes como ser boletos para traslados.<\/p>\n<div id='gallery-1' class='gallery galleryid-858 gallery-columns-4 gallery-size-thumbnail'><figure class='gallery-item'>\n\t\t\t<div class='gallery-icon landscape'>\n\t\t\t\t<a href='https:\/\/www.rivera.gub.uy\/obras\/wp-content\/uploads\/2018\/07\/recorridaminas1.jpg'><img loading=\"lazy\" decoding=\"async\" width=\"150\" height=\"150\" src=\"https:\/\/www.rivera.gub.uy\/obras\/wp-content\/uploads\/2018\/07\/recorridaminas1-150x150.jpg\" class=\"attachment-thumbnail size-thumbnail\" alt=\"\" \/><\/a>\n\t\t\t<\/div><\/figure><figure class='gallery-item'>\n\t\t\t<div class='gallery-icon landscape'>\n\t\t\t\t<a href='https:\/\/www.rivera.gub.uy\/obras\/wp-content\/uploads\/2018\/07\/recorridaminas2.jpg'><img loading=\"lazy\" decoding=\"async\" width=\"150\" height=\"150\" src=\"https:\/\/www.rivera.gub.uy\/obras\/wp-content\/uploads\/2018\/07\/recorridaminas2-150x150.jpg\" class=\"attachment-thumbnail size-thumbnail\" alt=\"\" \/><\/a>\n\t\t\t<\/div><\/figure><figure class='gallery-item'>\n\t\t\t<div class='gallery-icon landscape'>\n\t\t\t\t<a href='https:\/\/www.rivera.gub.uy\/obras\/wp-content\/uploads\/2018\/07\/recorridaminas3.jpg'><img loading=\"lazy\" decoding=\"async\" width=\"150\" height=\"150\" src=\"https:\/\/www.rivera.gub.uy\/obras\/wp-content\/uploads\/2018\/07\/recorridaminas3-150x150.jpg\" class=\"attachment-thumbnail size-thumbnail\" alt=\"\" \/><\/a>\n\t\t\t<\/div><\/figure><figure class='gallery-item'>\n\t\t\t<div class='gallery-icon landscape'>\n\t\t\t\t<a href='https:\/\/www.rivera.gub.uy\/obras\/wp-content\/uploads\/2018\/07\/recorridaminas4.jpg'><img loading=\"lazy\" decoding=\"async\" width=\"150\" height=\"150\" src=\"https:\/\/www.rivera.gub.uy\/obras\/wp-content\/uploads\/2018\/07\/recorridaminas4-150x150.jpg\" class=\"attachment-thumbnail size-thumbnail\" alt=\"\" \/><\/a>\n\t\t\t<\/div><\/figure><figure class='gallery-item'>\n\t\t\t<div class='gallery-icon landscape'>\n\t\t\t\t<a href='https:\/\/www.rivera.gub.uy\/obras\/wp-content\/uploads\/2018\/07\/recorridaminas5.jpg'><img loading=\"lazy\" decoding=\"async\" width=\"150\" height=\"150\" src=\"https:\/\/www.rivera.gub.uy\/obras\/wp-content\/uploads\/2018\/07\/recorridaminas5-150x150.jpg\" class=\"attachment-thumbnail size-thumbnail\" alt=\"\" \/><\/a>\n\t\t\t<\/div><\/figure><figure class='gallery-item'>\n\t\t\t<div class='gallery-icon landscape'>\n\t\t\t\t<a href='https:\/\/www.rivera.gub.uy\/obras\/wp-content\/uploads\/2018\/07\/recorridaminas6.jpg'><img loading=\"lazy\" decoding=\"async\" width=\"150\" height=\"150\" src=\"https:\/\/www.rivera.gub.uy\/obras\/wp-content\/uploads\/2018\/07\/recorridaminas6-150x150.jpg\" class=\"attachment-thumbnail size-thumbnail\" alt=\"\" \/><\/a>\n\t\t\t<\/div><\/figure><figure class='gallery-item'>\n\t\t\t<div class='gallery-icon landscape'>\n\t\t\t\t<a href='https:\/\/www.rivera.gub.uy\/obras\/wp-content\/uploads\/2018\/07\/recorridaminas7.jpg'><img loading=\"lazy\" decoding=\"async\" width=\"150\" height=\"150\" src=\"https:\/\/www.rivera.gub.uy\/obras\/wp-content\/uploads\/2018\/07\/recorridaminas7-150x150.jpg\" class=\"attachment-thumbnail size-thumbnail\" alt=\"\" \/><\/a>\n\t\t\t<\/div><\/figure><figure class='gallery-item'>\n\t\t\t<div class='gallery-icon landscape'>\n\t\t\t\t<a href='https:\/\/www.rivera.gub.uy\/obras\/wp-content\/uploads\/2018\/07\/recorridaminas8.jpg'><img loading=\"lazy\" decoding=\"async\" width=\"150\" height=\"150\" src=\"https:\/\/www.rivera.gub.uy\/obras\/wp-content\/uploads\/2018\/07\/recorridaminas8-150x150.jpg\" class=\"attachment-thumbnail size-thumbnail\" alt=\"\" \/><\/a>\n\t\t\t<\/div><\/figure>\n\t\t<\/div>\n\n<p>A posterior el mandatario se traslad\u00f3 al local donde se instalar\u00e1 el Hogar Estudiantil de Minas de Corrales, donde recorri\u00f3 sus instalaciones.<br \/>\nEl nuevo Hogar Estudiantil, se concret\u00f3 gracias a un convenio con la comunidad Cristiana Don Bosco, que cedi\u00f3 al Municipio y a la Intendencia parte de su predio para la realizaci\u00f3n de este proyecto.<br \/>\nOsorio inform\u00f3 que: \u201cEl Hogar ser\u00e1 mixto, tendr\u00e1 una capacidad inicial de 16 estudiantes, con todas las comodidades y todas las prestaciones de servicio que corresponden. Adem\u00e1s nos reunimos por el tema de transporte escolar que son los trasladados desde Las Flores a Minas de Corrales y de Minas de Corrales a Rivera. El gobierno les fornece el transporte, el alimento y el alojamiento.\u201d<\/p>\n<p>Seguidamente el Sr. Intendente acompa\u00f1ado por el Sec. Gral. Sander, el Dir. Gral. de Promoci\u00f3n y Acci\u00f3n Social, Cr. Giovani Conti y el Dir. De Hogares Estudiantiles, Kenny Nu\u00f1ez, se traslad\u00f3 a la ciudad de Tranqueras para una visita de igual contenido al Hogar Estudiantil de esa Localidad.<\/p>\n<p><iframe loading=\"lazy\" width=\"1160\" height=\"653\" src=\"https:\/\/www.youtube.com\/embed\/R6edKgQPDq4?feature=oembed\" frameborder=\"0\" allow=\"autoplay; encrypted-media\" allowfullscreen><\/iframe><\/p>\n","protected":false},"excerpt":{"rendered":"<p>El intendente de Rivera Dr. Marne Osorio Lima, junto al Secretario General Cr. Richard Sander, y el director de Vialidad Rural, Julio Videla, recorrieron parte de la caminer\u00eda rural de nuestro departamento, en lugares donde se encontraban maquinarias trabajando.<\/p>\n","protected":false},"author":2,"featured_media":864,"comment_status":"open","ping_status":"open","sticky":false,"template":"","format":"standard","meta":{"footnotes":""},"categories":[1,4,5],"tags":[18,23,46,39,24],"_links":{"self":[{"href":"https:\/\/www.rivera.gub.uy\/obras\/wp-json\/wp\/v2\/posts\/858"}],"collection":[{"href":"https:\/\/www.rivera.gub.uy\/obras\/wp-json\/wp\/v2\/posts"}],"about":[{"href":"https:\/\/www.rivera.gub.uy\/obras\/wp-json\/wp\/v2\/types\/post"}],"author":[{"embeddable":true,"href":"https:\/\/www.rivera.gub.uy\/obras\/wp-json\/wp\/v2\/users\/2"}],"replies":[{"embeddable":true,"href":"https:\/\/www.rivera.gub.uy\/obras\/wp-json\/wp\/v2\/comments?post=858"}],"version-history":[{"count":1,"href":"https:\/\/www.rivera.gub.uy\/obras\/wp-json\/wp\/v2\/posts\/858\/revisions"}],"predecessor-version":[{"id":867,"href":"https:\/\/www.rivera.gub.uy\/obras\/wp-json\/wp\/v2\/posts\/858\/revisions\/867"}],"wp:featuredmedia":[{"embeddable":true,"href":"https:\/\/www.rivera.gub.uy\/obras\/wp-json\/wp\/v2\/media\/864"}],"wp:attachment":[{"href":"https:\/\/www.rivera.gub.uy\/obras\/wp-json\/wp\/v2\/media?parent=858"}],"wp:term":[{"taxonomy":"category","embeddable":true,"href":"https:\/\/www.rivera.gub.uy\/obras\/wp-json\/wp\/v2\/categories?post=858"},{"taxonomy":"post_tag","embeddable":true,"href":"https:\/\/www.rivera.gub.uy\/obras\/wp-json\/wp\/v2\/tags?post=858"}],"curies":[{"name":"wp","href":"https:\/\/api.w.org\/{rel}","templated":true}]}}