{"id":868,"date":"2017-12-28T17:37:09","date_gmt":"2017-12-28T17:37:09","guid":{"rendered":"http:\/\/rivera.gub.uy\/obras\/?p=868"},"modified":"2018-07-02T17:39:11","modified_gmt":"2018-07-02T17:39:11","slug":"entrega-a-la-comunidad-de-las-obras-de-pavimento-de-carpeta-asfaltica-en-el-3er-tramo-del-camino-curticeiras","status":"publish","type":"post","link":"https:\/\/www.rivera.gub.uy\/obras\/entrega-a-la-comunidad-de-las-obras-de-pavimento-de-carpeta-asfaltica-en-el-3er-tramo-del-camino-curticeiras\/","title":{"rendered":"Entrega a la comunidad de las obras de Pavimento de Carpeta Asf\u00e1ltica en el 3er Tramo del Camino Curticeiras"},"content":{"rendered":"<p>Se realiz\u00f3 este mi\u00e9rcoles 27 de diciembre la entrega a la comunidad de las obras pertenecientes al 3er tramo del camino Curticeiras, que constan de la pavimentaci\u00f3n de la carpeta asf\u00e1ltica que une a ruta nacional N\u00ba 5.<\/p>\n<p>En la oportunidad estuvieron presentes autoridades departamentales, Intendente, Dr. Marne Osorio Lima acompa\u00f1ado por el Director de Obras, Arq. Jos\u00e9 Mazzoni, Secretario General, Cr. Richard Sander, Sub- Director de Oficina de Planeamiento y Presupuesto (OPP), Santiago Soto, integrantes de OPP, Ediles, integrantes de la comisi\u00f3n de vecinos de Curticeiras y vecinos en general.<!--more--><\/p>\n<p>El objeto del proyecto es contribuir a la mejora de la transitabilidad desde y hacia la ciudad de Rivera, de la poblaci\u00f3n rural que habita en las inmediaciones del camino Curticeiras o que transita por el para trasladar su producci\u00f3n.<\/p>\n<p>Para ello se propuso la pavimentaci\u00f3n en carpeta asf\u00e1ltica de 9 cm de un tramo de 3.3 km de extensi\u00f3n en el Camino Curticeiras entre escuela N\u00ba 40 y ruta nacional N\u00ba5, al sur de la ciudad de Rivera.<\/p>\n<p>El Sub-Director de la OPP, Santiago Soto, resalt\u00f3 el buen relacionamiento con la Intendencia y particularmente con la Intendencia de Rivera, \u201cestamos muy contentos por estas obras, hacemos un balance muy positivo de todos los trabajos realizados durante el a\u00f1o\u201d.<\/p>\n<p>Muchos fueron los beneficiados por este proyecto, por un lado 103 viviendas rurales en el entorno del camino del tramo 1, y 30 viviendas rurales en el entorno del tramo 2, lo cual equivale a aproximadamente un total de 350 personas, teniendo en cuenta el \u00faltimo Censo realizado en el pa\u00eds.<\/p>\n<p>Adem\u00e1s dentro del tramo 2 se encuentra la escuela P\u00fablica Rural N\u00ba 40, con un total de 33 alumnos y 5 funcionarios afectados (docentes y no docentes).<\/p>\n<p>Como consecuencia, los beneficiarios directos entre viviendas y escuelas totalizan 388.<\/p>\n<p>Adicionalmente, como lo mencionamos, existe una poblaci\u00f3n de peque\u00f1os productores en el \u00e1rea de estudio, los cuales no son de f\u00e1cil cuantificaci\u00f3n pero si est\u00e1n bien identificados y refieren a:<\/p>\n<ul>\n<li>1 Aserradero<\/li>\n<li>3 Canteras de Balasto<\/li>\n<li>1 Cantera de Piedra<\/li>\n<li>1 Planta de Asfalto<\/li>\n<li>1 Viticultura y peque\u00f1os productores de granja y ganaderos<\/li>\n<\/ul>\n<p><iframe loading=\"lazy\" width=\"1160\" height=\"653\" src=\"https:\/\/www.youtube.com\/embed\/Ro70L5Ghxx0?feature=oembed\" frameborder=\"0\" allow=\"autoplay; encrypted-media\" allowfullscreen><\/iframe><\/p>\n","protected":false},"excerpt":{"rendered":"<p>Se realiz\u00f3 este mi\u00e9rcoles 27 de diciembre la entrega a la comunidad de las obras pertenecientes al 3er tramo del camino Curticeiras, que constan de la pavimentaci\u00f3n de la carpeta asf\u00e1ltica que une a ruta nacional N\u00ba 5. En la oportunidad estuvieron presentes autoridades departamentales, Intendente, Dr. Marne Osorio Lima acompa\u00f1ado por el Director de [&hellip;]<\/p>\n","protected":false},"author":2,"featured_media":869,"comment_status":"open","ping_status":"open","sticky":false,"template":"","format":"standard","meta":{"footnotes":""},"categories":[1,3],"tags":[47,18,23,24],"_links":{"self":[{"href":"https:\/\/www.rivera.gub.uy\/obras\/wp-json\/wp\/v2\/posts\/868"}],"collection":[{"href":"https:\/\/www.rivera.gub.uy\/obras\/wp-json\/wp\/v2\/posts"}],"about":[{"href":"https:\/\/www.rivera.gub.uy\/obras\/wp-json\/wp\/v2\/types\/post"}],"author":[{"embeddable":true,"href":"https:\/\/www.rivera.gub.uy\/obras\/wp-json\/wp\/v2\/users\/2"}],"replies":[{"embeddable":true,"href":"https:\/\/www.rivera.gub.uy\/obras\/wp-json\/wp\/v2\/comments?post=868"}],"version-history":[{"count":1,"href":"https:\/\/www.rivera.gub.uy\/obras\/wp-json\/wp\/v2\/posts\/868\/revisions"}],"predecessor-version":[{"id":870,"href":"https:\/\/www.rivera.gub.uy\/obras\/wp-json\/wp\/v2\/posts\/868\/revisions\/870"}],"wp:featuredmedia":[{"embeddable":true,"href":"https:\/\/www.rivera.gub.uy\/obras\/wp-json\/wp\/v2\/media\/869"}],"wp:attachment":[{"href":"https:\/\/www.rivera.gub.uy\/obras\/wp-json\/wp\/v2\/media?parent=868"}],"wp:term":[{"taxonomy":"category","embeddable":true,"href":"https:\/\/www.rivera.gub.uy\/obras\/wp-json\/wp\/v2\/categories?post=868"},{"taxonomy":"post_tag","embeddable":true,"href":"https:\/\/www.rivera.gub.uy\/obras\/wp-json\/wp\/v2\/tags?post=868"}],"curies":[{"name":"wp","href":"https:\/\/api.w.org\/{rel}","templated":true}]}}