{"id":871,"date":"2018-01-15T17:40:50","date_gmt":"2018-01-15T17:40:50","guid":{"rendered":"http:\/\/rivera.gub.uy\/obras\/?p=871"},"modified":"2018-07-02T17:42:58","modified_gmt":"2018-07-02T17:42:58","slug":"intendente-i-richard-sander-recorre-obras-en-el-departamento","status":"publish","type":"post","link":"https:\/\/www.rivera.gub.uy\/obras\/intendente-i-richard-sander-recorre-obras-en-el-departamento\/","title":{"rendered":"Intendente (I) Richard Sander recorre obras en el departamento"},"content":{"rendered":"<p>El intendente (I) Cr. Richard Sander Dar\u00edn recorri\u00f3 obras en ejecuci\u00f3n, en diferentes barrios y dependencias municipales.<br \/>\nAlgunos de los lugares contemplados por el jerarca comunal fueron, el Hogar Transitorio \u201cDr. Altivo Esteves\u201d, el Comedor Municipal de Av. Cuar\u00f3 y obras en las calles Tac\u00fa, intervenciones que se est\u00e1n realizando desde la Direcci\u00f3n General de Obras de la Intendencia.<!--more--><br \/>\nAl comienzo de la semana pasada, Sander, se traslad\u00f3 hasta el centro poblado Lagos del Norte, d\u00f3nde dialog\u00f3 con vecinos, escuchando sus inquietudes.<br \/>\nLa recorrida semanal prosigui\u00f3 por las obras en ejecuci\u00f3n en barrio Pueblo Nuevo, Progreso y barrio Recreo, siguiendo con la visita al Polo Demostrativo de Desarrollo Agropecuario, que depende de la Direcci\u00f3n General de Desarrollo y Medio Ambiente.<br \/>\nEl pasado jueves recorri\u00f3, junto a los vecinos, las obras en el complejo de Viviendas N\u00ba.2 del barrio Santa Isabel y los trabajos que se vienen realizando, desde la Direcci\u00f3n General de Obras, en el barrio Santa Teresa. Dichas obras, constan de cord\u00f3n cuneta y pavimento asf\u00e1ltico.<br \/>\nLa semana cerr\u00f3 con la recorrida por barrio La Racca, donde el mandatario se reuni\u00f3 con vecinos, quienes le expresaron sus necesidades, y la visita al Parque Gran Breta\u00f1a, que es el destino preferido de los fronterizos en esta temporada estival.<br \/>\nEn di\u00e1logo con el Intendente interino, el mismo expres\u00f3: \u201c\u2026es un placer estar en la funci\u00f3n de Intendente en estos d\u00edas, como me ha tocado en varias oportunidades. S\u00ed, estuvimos recorriendo y seguiremos haci\u00e9ndolo por el interior del departamento y la capital, porque la idea es estar m\u00e1s cerca de los vecinos para contarles a todos sobre los m\u00e1s de 30 frentes de obras que tiene la intendencia en diferentes divisiones y mostrarle a la gente lo que hacemos con su dinero. En general, los vecinos quieren obras en las calles y por ah\u00ed no se dan cuenta que hace muchos a\u00f1os atr\u00e1s las calles eran solo balastro y hay mucha gente que no lo vio, la gente joven no vio la transformaci\u00f3n como por ejemplo de Av. Italia, porque ya naci\u00f3 con la Av. pronta.<br \/>\nSabemos que a\u00fan nos falta, estamos con muchos frentes de obras en esa zona, que contemplan una gran transformaci\u00f3n en un trabajo important\u00edsimo de ingenier\u00eda de obras, con la apertura de canales por dentro de casas particulares y entubar, donde se necesita autorizaci\u00f3n, pero que al culminar la obra la calidad de vida del vecino cambia totalmente\u201d.<\/p>\n<div id='gallery-1' class='gallery galleryid-871 gallery-columns-6 gallery-size-thumbnail'><figure class='gallery-item'>\n\t\t\t<div class='gallery-icon landscape'>\n\t\t\t\t<a href='https:\/\/www.rivera.gub.uy\/obras\/wp-content\/uploads\/2018\/07\/1-1.jpg'><img loading=\"lazy\" decoding=\"async\" width=\"150\" height=\"150\" src=\"https:\/\/www.rivera.gub.uy\/obras\/wp-content\/uploads\/2018\/07\/1-1-150x150.jpg\" class=\"attachment-thumbnail size-thumbnail\" alt=\"\" \/><\/a>\n\t\t\t<\/div><\/figure><figure class='gallery-item'>\n\t\t\t<div class='gallery-icon landscape'>\n\t\t\t\t<a href='https:\/\/www.rivera.gub.uy\/obras\/wp-content\/uploads\/2018\/07\/1-1-1.jpg'><img loading=\"lazy\" decoding=\"async\" width=\"150\" height=\"150\" src=\"https:\/\/www.rivera.gub.uy\/obras\/wp-content\/uploads\/2018\/07\/1-1-1-150x150.jpg\" class=\"attachment-thumbnail size-thumbnail\" alt=\"\" \/><\/a>\n\t\t\t<\/div><\/figure><figure class='gallery-item'>\n\t\t\t<div class='gallery-icon landscape'>\n\t\t\t\t<a href='https:\/\/www.rivera.gub.uy\/obras\/wp-content\/uploads\/2018\/07\/2-1.jpg'><img loading=\"lazy\" decoding=\"async\" width=\"150\" height=\"150\" src=\"https:\/\/www.rivera.gub.uy\/obras\/wp-content\/uploads\/2018\/07\/2-1-150x150.jpg\" class=\"attachment-thumbnail size-thumbnail\" alt=\"\" \/><\/a>\n\t\t\t<\/div><\/figure><figure class='gallery-item'>\n\t\t\t<div class='gallery-icon landscape'>\n\t\t\t\t<a href='https:\/\/www.rivera.gub.uy\/obras\/wp-content\/uploads\/2018\/07\/2-2.jpg'><img loading=\"lazy\" decoding=\"async\" width=\"150\" height=\"150\" src=\"https:\/\/www.rivera.gub.uy\/obras\/wp-content\/uploads\/2018\/07\/2-2-150x150.jpg\" class=\"attachment-thumbnail size-thumbnail\" alt=\"\" \/><\/a>\n\t\t\t<\/div><\/figure><figure class='gallery-item'>\n\t\t\t<div class='gallery-icon landscape'>\n\t\t\t\t<a href='https:\/\/www.rivera.gub.uy\/obras\/wp-content\/uploads\/2018\/07\/3-1.jpg'><img loading=\"lazy\" decoding=\"async\" width=\"150\" height=\"150\" src=\"https:\/\/www.rivera.gub.uy\/obras\/wp-content\/uploads\/2018\/07\/3-1-150x150.jpg\" class=\"attachment-thumbnail size-thumbnail\" alt=\"\" \/><\/a>\n\t\t\t<\/div><\/figure><figure class='gallery-item'>\n\t\t\t<div class='gallery-icon landscape'>\n\t\t\t\t<a href='https:\/\/www.rivera.gub.uy\/obras\/wp-content\/uploads\/2018\/07\/4.jpg'><img loading=\"lazy\" decoding=\"async\" width=\"150\" height=\"150\" src=\"https:\/\/www.rivera.gub.uy\/obras\/wp-content\/uploads\/2018\/07\/4-150x150.jpg\" class=\"attachment-thumbnail size-thumbnail\" alt=\"\" \/><\/a>\n\t\t\t<\/div><\/figure><figure class='gallery-item'>\n\t\t\t<div class='gallery-icon landscape'>\n\t\t\t\t<a href='https:\/\/www.rivera.gub.uy\/obras\/wp-content\/uploads\/2018\/07\/4-1.jpg'><img loading=\"lazy\" decoding=\"async\" width=\"150\" height=\"150\" src=\"https:\/\/www.rivera.gub.uy\/obras\/wp-content\/uploads\/2018\/07\/4-1-150x150.jpg\" class=\"attachment-thumbnail size-thumbnail\" alt=\"\" \/><\/a>\n\t\t\t<\/div><\/figure><figure class='gallery-item'>\n\t\t\t<div class='gallery-icon landscape'>\n\t\t\t\t<a href='https:\/\/www.rivera.gub.uy\/obras\/wp-content\/uploads\/2018\/07\/5.jpg'><img loading=\"lazy\" decoding=\"async\" width=\"150\" height=\"150\" src=\"https:\/\/www.rivera.gub.uy\/obras\/wp-content\/uploads\/2018\/07\/5-150x150.jpg\" class=\"attachment-thumbnail size-thumbnail\" alt=\"\" \/><\/a>\n\t\t\t<\/div><\/figure><figure class='gallery-item'>\n\t\t\t<div class='gallery-icon landscape'>\n\t\t\t\t<a href='https:\/\/www.rivera.gub.uy\/obras\/wp-content\/uploads\/2018\/07\/WhatsApp-Image-2018-01-12-at-12.20.03-PM.jpeg'><img loading=\"lazy\" decoding=\"async\" width=\"150\" height=\"150\" src=\"https:\/\/www.rivera.gub.uy\/obras\/wp-content\/uploads\/2018\/07\/WhatsApp-Image-2018-01-12-at-12.20.03-PM-150x150.jpeg\" class=\"attachment-thumbnail size-thumbnail\" alt=\"\" \/><\/a>\n\t\t\t<\/div><\/figure><figure class='gallery-item'>\n\t\t\t<div class='gallery-icon landscape'>\n\t\t\t\t<a href='https:\/\/www.rivera.gub.uy\/obras\/wp-content\/uploads\/2018\/07\/WhatsApp-Image-2018-01-12-at-12.20.04-PM.jpeg'><img loading=\"lazy\" decoding=\"async\" width=\"150\" height=\"150\" src=\"https:\/\/www.rivera.gub.uy\/obras\/wp-content\/uploads\/2018\/07\/WhatsApp-Image-2018-01-12-at-12.20.04-PM-150x150.jpeg\" class=\"attachment-thumbnail size-thumbnail\" alt=\"\" \/><\/a>\n\t\t\t<\/div><\/figure><figure class='gallery-item'>\n\t\t\t<div class='gallery-icon landscape'>\n\t\t\t\t<a href='https:\/\/www.rivera.gub.uy\/obras\/wp-content\/uploads\/2018\/07\/WhatsApp-Image-2018-01-12-at-12.20.06-PM.jpeg'><img loading=\"lazy\" decoding=\"async\" width=\"150\" height=\"150\" src=\"https:\/\/www.rivera.gub.uy\/obras\/wp-content\/uploads\/2018\/07\/WhatsApp-Image-2018-01-12-at-12.20.06-PM-150x150.jpeg\" class=\"attachment-thumbnail size-thumbnail\" alt=\"\" \/><\/a>\n\t\t\t<\/div><\/figure><figure class='gallery-item'>\n\t\t\t<div class='gallery-icon landscape'>\n\t\t\t\t<a href='https:\/\/www.rivera.gub.uy\/obras\/wp-content\/uploads\/2018\/07\/WhatsApp-Image-2018-01-12-at-12.20.08-PM.jpeg'><img loading=\"lazy\" decoding=\"async\" width=\"150\" height=\"150\" src=\"https:\/\/www.rivera.gub.uy\/obras\/wp-content\/uploads\/2018\/07\/WhatsApp-Image-2018-01-12-at-12.20.08-PM-150x150.jpeg\" class=\"attachment-thumbnail size-thumbnail\" alt=\"\" \/><\/a>\n\t\t\t<\/div><\/figure>\n\t\t<\/div>\n\n<p>Sander, manifest\u00f3 que es lindo ver que la ciudad crece y que la gente logra construir su casa, agregando que a\u00fan faltan intervenciones que piensan culminar en la actual administraci\u00f3n.<br \/>\n\u201cQueremos que la gente vea el trabajo de los obreros que colocan asfalto en pleno calor, que tengan paciencia, que las obras llegar\u00e1n frente a sus casas, y que sepan de los trabajos que se est\u00e1n realizando en todos los barrios. Sabemos que la gente queda intranquila por las obras que quedan estancadas, pero que a la larga se terminan, porque es nuestro compromiso.<br \/>\nLa construcci\u00f3n de la gesti\u00f3n se hace escuchando el problema del vecino y nuestra funci\u00f3n es poner el o\u00eddo, luego poner el ingenio y dar la cara para ayudarlo\u201d, enfatiz\u00f3.<\/p>\n<p>\u201cCreo firmemente que en este 2018, Rivera pegar\u00e1 otro salto de calidad y a eso apuntamos\u201d. Finaliz\u00f3 el mandatario.<\/p>\n<p><iframe loading=\"lazy\" width=\"1160\" height=\"653\" src=\"https:\/\/www.youtube.com\/embed\/NPdPlsnybS0?feature=oembed\" frameborder=\"0\" allow=\"autoplay; encrypted-media\" allowfullscreen><\/iframe><\/p>\n","protected":false},"excerpt":{"rendered":"<p>El intendente (I) Cr. Richard Sander Dar\u00edn recorri\u00f3 obras en ejecuci\u00f3n, en diferentes barrios y dependencias municipales. Algunos de los lugares contemplados por el jerarca comunal fueron, el Hogar Transitorio \u201cDr. Altivo Esteves\u201d, el Comedor Municipal de Av. Cuar\u00f3 y obras en las calles Tac\u00fa, intervenciones que se est\u00e1n realizando desde la Direcci\u00f3n General de [&hellip;]<\/p>\n","protected":false},"author":2,"featured_media":875,"comment_status":"open","ping_status":"open","sticky":false,"template":"","format":"standard","meta":{"footnotes":""},"categories":[1,3],"tags":[23,13,39,48,24],"_links":{"self":[{"href":"https:\/\/www.rivera.gub.uy\/obras\/wp-json\/wp\/v2\/posts\/871"}],"collection":[{"href":"https:\/\/www.rivera.gub.uy\/obras\/wp-json\/wp\/v2\/posts"}],"about":[{"href":"https:\/\/www.rivera.gub.uy\/obras\/wp-json\/wp\/v2\/types\/post"}],"author":[{"embeddable":true,"href":"https:\/\/www.rivera.gub.uy\/obras\/wp-json\/wp\/v2\/users\/2"}],"replies":[{"embeddable":true,"href":"https:\/\/www.rivera.gub.uy\/obras\/wp-json\/wp\/v2\/comments?post=871"}],"version-history":[{"count":1,"href":"https:\/\/www.rivera.gub.uy\/obras\/wp-json\/wp\/v2\/posts\/871\/revisions"}],"predecessor-version":[{"id":884,"href":"https:\/\/www.rivera.gub.uy\/obras\/wp-json\/wp\/v2\/posts\/871\/revisions\/884"}],"wp:featuredmedia":[{"embeddable":true,"href":"https:\/\/www.rivera.gub.uy\/obras\/wp-json\/wp\/v2\/media\/875"}],"wp:attachment":[{"href":"https:\/\/www.rivera.gub.uy\/obras\/wp-json\/wp\/v2\/media?parent=871"}],"wp:term":[{"taxonomy":"category","embeddable":true,"href":"https:\/\/www.rivera.gub.uy\/obras\/wp-json\/wp\/v2\/categories?post=871"},{"taxonomy":"post_tag","embeddable":true,"href":"https:\/\/www.rivera.gub.uy\/obras\/wp-json\/wp\/v2\/tags?post=871"}],"curies":[{"name":"wp","href":"https:\/\/api.w.org\/{rel}","templated":true}]}}