{"id":885,"date":"2017-12-27T17:44:38","date_gmt":"2017-12-27T17:44:38","guid":{"rendered":"http:\/\/rivera.gub.uy\/obras\/?p=885"},"modified":"2018-07-02T17:46:02","modified_gmt":"2018-07-02T17:46:02","slug":"firma-del-contrato-para-la-realizacion-de-las-obras-de-remodelacion-del-barrio-artigas-en-tranqueras","status":"publish","type":"post","link":"https:\/\/www.rivera.gub.uy\/obras\/firma-del-contrato-para-la-realizacion-de-las-obras-de-remodelacion-del-barrio-artigas-en-tranqueras\/","title":{"rendered":"Firma del contrato para la realizaci\u00f3n de las obras de remodelaci\u00f3n del barrio Artigas en Tranqueras"},"content":{"rendered":"<p>En la jornada del d\u00eda mi\u00e9rcoles 27 de diciembre, se llev\u00f3 a cabo la ceremonia para la firma del contrato entre la Intendencia de Rivera, con la empresa Stiller (empresa ganadora de la licitaci\u00f3n presentada hace un a\u00f1o) que habilita el comienzo de obras de Acondicionamiento y Remodelaci\u00f3n del barrio Artigas de la ciudad de Tranqueras.<!--more--><\/p>\n<p>La reuni\u00f3n de autoridades se llev\u00f3 a cabo en la escuela N\u00ba. 124 (Rep\u00fablica de China) de Tranqueras, ante la presencia de autoridades y vecinos de la ciudad que atentamente escucharon y fueron testigos de la firma de un proyecto que se har\u00e1 realidad prontamente.<\/p>\n<p>Estuvieron presentes en la mesa de presentaci\u00f3n, Pedro Apeztegu\u00eda (Estrategia OPP), Alcaldesa en ejercicio, Y\u00e9sica G\u00f3mez, Secretario General de la IDR, Cr. Richard Sander, Sub-Director de OPP, Santiago Soto, Director de Obras, Arq. Jos\u00e9 Mazzoni, y representante de empresa Stiller.<\/p>\n<p>El mandatario indic\u00f3: \u201cHoy estamos firmando un contrato con la empresa que gan\u00f3 la licitaci\u00f3n al descorrer de este a\u00f1o que est\u00e1 terminando, la empresa STILLER, una empresa nacional.<\/p>\n<p>Esta obra significa un cambio muy importante, realmente extraordinario, es la inversi\u00f3n m\u00e1s grande de este per\u00edodo de gobierno, que comienza con obras de pluviales ante un barrio que tiene problemas de drenaje de las aguas cuando llueve, la escuela quedaba alagada.<\/p>\n<p>Estamos hablando de casi 6 kil\u00f3metros a ambos lados, de construcci\u00f3n de cord\u00f3n cunetas, pavimentaci\u00f3n, saneamiento, alumbrado, mobiliario urbano, espacio p\u00fablico, se\u00f1alizaci\u00f3n, arbolizaci\u00f3n, en definitiva estamos hablando de un proyecto de cambio muy profundo y es en la ciudad de Tranqueras\u201d.<\/p>\n<p>Marne Osorio, agreg\u00f3 que esta obra requiere una inversi\u00f3n de 125 millones de pesos uruguayos y un tiempo previsible de realizaci\u00f3n de 15 meses de ejecuci\u00f3n, lo que significa que todo el a\u00f1o 2018 y parte de 2019 \u201ccon la dificultades que eso conlleva pero con la alegr\u00eda de ver el proyecto realizado\u201d.<\/p>\n<p>\u00c9sta obra favorece a m\u00e1s de mil familias, lo que representa casi 4 mil personas vinculadas directamente al proyecto.<\/p>\n<p><iframe loading=\"lazy\" width=\"1160\" height=\"653\" src=\"https:\/\/www.youtube.com\/embed\/Jk2HJEL_rUA?feature=oembed\" frameborder=\"0\" allow=\"autoplay; encrypted-media\" allowfullscreen><\/iframe><\/p>\n","protected":false},"excerpt":{"rendered":"<p>En la jornada del d\u00eda mi\u00e9rcoles 27 de diciembre, se llev\u00f3 a cabo la ceremonia para la firma del contrato entre la Intendencia de Rivera, con la empresa Stiller (empresa ganadora de la licitaci\u00f3n presentada hace un a\u00f1o) que habilita el comienzo de obras de Acondicionamiento y Remodelaci\u00f3n del barrio Artigas de la ciudad de [&hellip;]<\/p>\n","protected":false},"author":2,"featured_media":886,"comment_status":"open","ping_status":"open","sticky":false,"template":"","format":"standard","meta":{"footnotes":""},"categories":[1,4],"tags":[35,18,23,24,36],"_links":{"self":[{"href":"https:\/\/www.rivera.gub.uy\/obras\/wp-json\/wp\/v2\/posts\/885"}],"collection":[{"href":"https:\/\/www.rivera.gub.uy\/obras\/wp-json\/wp\/v2\/posts"}],"about":[{"href":"https:\/\/www.rivera.gub.uy\/obras\/wp-json\/wp\/v2\/types\/post"}],"author":[{"embeddable":true,"href":"https:\/\/www.rivera.gub.uy\/obras\/wp-json\/wp\/v2\/users\/2"}],"replies":[{"embeddable":true,"href":"https:\/\/www.rivera.gub.uy\/obras\/wp-json\/wp\/v2\/comments?post=885"}],"version-history":[{"count":1,"href":"https:\/\/www.rivera.gub.uy\/obras\/wp-json\/wp\/v2\/posts\/885\/revisions"}],"predecessor-version":[{"id":887,"href":"https:\/\/www.rivera.gub.uy\/obras\/wp-json\/wp\/v2\/posts\/885\/revisions\/887"}],"wp:featuredmedia":[{"embeddable":true,"href":"https:\/\/www.rivera.gub.uy\/obras\/wp-json\/wp\/v2\/media\/886"}],"wp:attachment":[{"href":"https:\/\/www.rivera.gub.uy\/obras\/wp-json\/wp\/v2\/media?parent=885"}],"wp:term":[{"taxonomy":"category","embeddable":true,"href":"https:\/\/www.rivera.gub.uy\/obras\/wp-json\/wp\/v2\/categories?post=885"},{"taxonomy":"post_tag","embeddable":true,"href":"https:\/\/www.rivera.gub.uy\/obras\/wp-json\/wp\/v2\/tags?post=885"}],"curies":[{"name":"wp","href":"https:\/\/api.w.org\/{rel}","templated":true}]}}