{"id":891,"date":"2018-02-07T17:49:12","date_gmt":"2018-02-07T17:49:12","guid":{"rendered":"http:\/\/rivera.gub.uy\/obras\/?p=891"},"modified":"2018-07-02T17:51:01","modified_gmt":"2018-07-02T17:51:01","slug":"alumbrado-publico-nuevas-obras-abarcan-todo-el-departamento","status":"publish","type":"post","link":"https:\/\/www.rivera.gub.uy\/obras\/alumbrado-publico-nuevas-obras-abarcan-todo-el-departamento\/","title":{"rendered":"Alumbrado P\u00fablico: Nuevas obras abarcan todo el departamento"},"content":{"rendered":"<p>El Sr. Mart\u00ed Molins, Director de Divisi\u00f3n Alumbrado P\u00fablico, perteneciente a la Direcci\u00f3n General de Obras de la IDR, inform\u00f3 sobre los \u00faltimos trabajos realizados por su dependencia y que detalla a continuaci\u00f3n:<!--more--><\/p>\n<p>\u2022 Se dio cumplimiento a la nueva obra de alumbrado p\u00fablico en la Plaza de los Inmigrantes, de la ciudad de Tranqueras, instal\u00e1ndose luminarias con globos anti- vandalismo y acondicionamiento del alumbrado p\u00fablico del entorno.<\/p>\n<p>\u2022 Mejoras en el alumbrado del Balneario Paso Serpa, instal\u00e1ndose 14 nuevas luminarias, conexiones y tendido de cables.<\/p>\n<p>\u2022 Se colabor\u00f3 con conexiones varias y reparaciones de luminarias en Parque Gran Breta\u00f1a.<\/p>\n<p>\u2022 Coordinaci\u00f3n y ejecuci\u00f3n junto la Prefeitura Municipal de Santana do Livramento, en instalaciones el\u00e9ctricas y suministro de energ\u00eda para evento binacional.<\/p>\n<p>\u2022 Concurrimos a varias localidades del interior del Departamento para realizar mantenimiento de alumbrado p\u00fablico y atender diferentes eventos.<\/p>\n<p>\u2022 Diferentes trabajos para atender el programa Rivera Brilla; ejecut\u00e1ndo y vigilando. Se repar\u00f3 y se retir\u00f3 todos los adornos e instalaciones en el mes de enero 2018.<\/p>\n<p>\u2022 Se realizaron trabajos varios para recuperar el alumbrado de la ciudad de Rivera afectado por las inclemencias del tiempo y actos vand\u00e1licos.<\/p>\n<p>\u2022 Se organiz\u00f3 y procedi\u00f3 en la ejecuci\u00f3n del nuevo alumbrado de calle \u201cChasque de los Santos\u201d, instal\u00e1ndose columnas de hormig\u00f3n, luminarias, tendido de conductor y medici\u00f3n, entre calle Bernab\u00e9 Rivera y puente Lagunon.<\/p>\n<p>\u2022 Se continua trabajando con el equipo multidisciplinario en el \u201cpliego de condiciones para el llamado a licitaci\u00f3n de ESCOS\u201d atendiendo al recambio de tecnolog\u00eda sodio a led (programa eficiencia energ\u00e9tica).<\/p>\n<p>\u2022 Trabajamos en la nueva obra de alumbrado p\u00fablico de calle Nemesio Escobar, entre Guido Machado Brum, hasta Av. Sarand\u00ed. donde se instalar\u00e1n columnas de hormig\u00f3n, luminarias led y tendido de cable pre ensamblado 3\u00d71-6\u00d71-50AL realiz\u00e1ndose tr\u00e1mites ante UTE e instalaciones el\u00e9ctricas para la respectiva medici\u00f3n del consumo energ\u00e9tico.<\/p>\n<p>\u2022 Realizamos trabajos de ampliaci\u00f3n del alumbrado p\u00fablico con redistribuci\u00f3n y agregados de luminarias con l\u00e1mparas 150W, a vapor de sodio en calle Andresito en toda su extensi\u00f3n, desde Presidente Gir\u00f3 hasta Aparicio Saravia.<\/p>\n<p>\u2022 Se realiz\u00f3 un trabajo de puesta a punto de todo el alumbrado en el interior del departamento, abarcando casi todas las localidades (antes de finalizar el a\u00f1o 2017). retom\u00e1ndo este a\u00f1o con el env\u00edo el d\u00eda 5 de febrero, de un equipo a la ciudad de Tranqueras, para realizar trabajos de mantenimiento, reparaciones varias, conexiones y vigilancia durante el evento de la \u201cFiesta de la Sand\u00eda y la Forestaci\u00f3n\u201d.<br \/>\nCabe decir tambi\u00e9n que anterior a esto y durante el mes de enero del presente a\u00f1o se procedi\u00f3 a realizar id\u00e9nticas acciones en las localidades de Vichadero y Minas de Corrales, atendiendo los eventos de las semanas de esas Villas.<\/p>\n<p>\u2022 Se est\u00e1 trabajando actualmente en el nuevo alumbrado p\u00fablico e iluminaci\u00f3n interna de la plaza de barrio Insausti.<\/p>\n<p>\u2022Se estar\u00e1 atendiendo a expedientes solicitados por los contribuyentes a esta oficina (inspecci\u00f3n e instalaci\u00f3n).como la atenci\u00f3n de reclamos, eventos varios e imprevistos ocasionados en la v\u00eda p\u00fablica. Recorridos nocturnos por diferentes barrios y plazas de la ciudad para verificaci\u00f3n del correcto funcionamiento de las mismas.<\/p>\n<p>\u2022 En el \u00e1rea del sector log\u00edstica se contin\u00faa elaborando todos los proyectos de obras nuevas.<\/p>\n<p>\u2022 Se contin\u00faa en el proceso de mantenimiento de la certificaci\u00f3n de calidad otorgada por el LATU (ISO 9001).<\/p>\n<p>\u2022 Se mantiene la comunicaci\u00f3n con UTE informando las modificaciones en las redes del alumbrado p\u00fablico.<\/p>\n<div id='gallery-1' class='gallery galleryid-891 gallery-columns-4 gallery-size-thumbnail'><figure class='gallery-item'>\n\t\t\t<div class='gallery-icon landscape'>\n\t\t\t\t<a href='https:\/\/www.rivera.gub.uy\/obras\/wp-content\/uploads\/2018\/07\/alumbrado-1-1.jpg'><img loading=\"lazy\" decoding=\"async\" width=\"150\" height=\"150\" src=\"https:\/\/www.rivera.gub.uy\/obras\/wp-content\/uploads\/2018\/07\/alumbrado-1-1-150x150.jpg\" class=\"attachment-thumbnail size-thumbnail\" alt=\"\" \/><\/a>\n\t\t\t<\/div><\/figure><figure class='gallery-item'>\n\t\t\t<div class='gallery-icon portrait'>\n\t\t\t\t<a href='https:\/\/www.rivera.gub.uy\/obras\/wp-content\/uploads\/2018\/07\/alumbrado2.jpg'><img loading=\"lazy\" decoding=\"async\" width=\"150\" height=\"150\" src=\"https:\/\/www.rivera.gub.uy\/obras\/wp-content\/uploads\/2018\/07\/alumbrado2-150x150.jpg\" class=\"attachment-thumbnail size-thumbnail\" alt=\"\" \/><\/a>\n\t\t\t<\/div><\/figure><figure class='gallery-item'>\n\t\t\t<div class='gallery-icon portrait'>\n\t\t\t\t<a href='https:\/\/www.rivera.gub.uy\/obras\/wp-content\/uploads\/2018\/07\/alumbrado3.jpg'><img loading=\"lazy\" decoding=\"async\" width=\"150\" height=\"150\" src=\"https:\/\/www.rivera.gub.uy\/obras\/wp-content\/uploads\/2018\/07\/alumbrado3-150x150.jpg\" class=\"attachment-thumbnail size-thumbnail\" alt=\"\" \/><\/a>\n\t\t\t<\/div><\/figure><figure class='gallery-item'>\n\t\t\t<div class='gallery-icon landscape'>\n\t\t\t\t<a href='https:\/\/www.rivera.gub.uy\/obras\/wp-content\/uploads\/2018\/07\/alumbrado4.jpg'><img loading=\"lazy\" decoding=\"async\" width=\"150\" height=\"150\" src=\"https:\/\/www.rivera.gub.uy\/obras\/wp-content\/uploads\/2018\/07\/alumbrado4-150x150.jpg\" class=\"attachment-thumbnail size-thumbnail\" alt=\"\" \/><\/a>\n\t\t\t<\/div><\/figure>\n\t\t<\/div>\n\n","protected":false},"excerpt":{"rendered":"<p>El Sr. Mart\u00ed Molins, Director de Divisi\u00f3n Alumbrado P\u00fablico, perteneciente a la Direcci\u00f3n General de Obras de la IDR, inform\u00f3 sobre los \u00faltimos trabajos realizados por su dependencia y que detalla a continuaci\u00f3n:<\/p>\n","protected":false},"author":2,"featured_media":896,"comment_status":"open","ping_status":"open","sticky":false,"template":"","format":"standard","meta":{"footnotes":""},"categories":[1,3],"tags":[32,16,23,24],"_links":{"self":[{"href":"https:\/\/www.rivera.gub.uy\/obras\/wp-json\/wp\/v2\/posts\/891"}],"collection":[{"href":"https:\/\/www.rivera.gub.uy\/obras\/wp-json\/wp\/v2\/posts"}],"about":[{"href":"https:\/\/www.rivera.gub.uy\/obras\/wp-json\/wp\/v2\/types\/post"}],"author":[{"embeddable":true,"href":"https:\/\/www.rivera.gub.uy\/obras\/wp-json\/wp\/v2\/users\/2"}],"replies":[{"embeddable":true,"href":"https:\/\/www.rivera.gub.uy\/obras\/wp-json\/wp\/v2\/comments?post=891"}],"version-history":[{"count":1,"href":"https:\/\/www.rivera.gub.uy\/obras\/wp-json\/wp\/v2\/posts\/891\/revisions"}],"predecessor-version":[{"id":897,"href":"https:\/\/www.rivera.gub.uy\/obras\/wp-json\/wp\/v2\/posts\/891\/revisions\/897"}],"wp:featuredmedia":[{"embeddable":true,"href":"https:\/\/www.rivera.gub.uy\/obras\/wp-json\/wp\/v2\/media\/896"}],"wp:attachment":[{"href":"https:\/\/www.rivera.gub.uy\/obras\/wp-json\/wp\/v2\/media?parent=891"}],"wp:term":[{"taxonomy":"category","embeddable":true,"href":"https:\/\/www.rivera.gub.uy\/obras\/wp-json\/wp\/v2\/categories?post=891"},{"taxonomy":"post_tag","embeddable":true,"href":"https:\/\/www.rivera.gub.uy\/obras\/wp-json\/wp\/v2\/tags?post=891"}],"curies":[{"name":"wp","href":"https:\/\/api.w.org\/{rel}","templated":true}]}}