{"id":930,"date":"2018-09-21T17:46:55","date_gmt":"2018-09-21T17:46:55","guid":{"rendered":"http:\/\/rivera.gub.uy\/obras\/?p=930"},"modified":"2018-11-22T15:12:55","modified_gmt":"2018-11-22T15:12:55","slug":"cerro-bella-vista","status":"publish","type":"post","link":"https:\/\/www.rivera.gub.uy\/obras\/cerro-bella-vista\/","title":{"rendered":"Cerro Bella Vista"},"content":{"rendered":"<p style=\"text-align: left;\">En el marco del trabajo que se viene realizando en el Cerro Bella Vista, antes Cerro del Estado, en conjunto con el MVOTMA esta semana se realizaron varias actividades con los vecinos del barrio. Entre ellas se realiz\u00f3 una jornada con los vecinos de plantaci\u00f3n de \u00e1rboles en la plaza ubicada en la entrada del barrio.<\/p>\n<p style=\"text-align: left;\">Tambi\u00e9n se realiz\u00f3 el sorteo para el nombre de las calles, dichos nombres fueron sugeridos por los proprios vecinos y as\u00ed quedaron definidos:<\/p>\n<p style=\"text-align: left;\">Proyectada n\u00b01- Amarillo<\/p>\n<p style=\"text-align: left;\">Proyectada n \u00b02 \u2013 Las Flores<\/p>\n<p style=\"text-align: left;\">Proyectada n\u00b0 3 \u2013 Moirones<\/p>\n<p style=\"text-align: left;\">Proyectada n \u00b0 4 \u2013 Masoller<\/p>\n<p style=\"text-align: left;\">Proyectada n\u00b0 5 \u2013 Arrollo Blanco<\/p>\n<p style=\"text-align: left;\">Proyectada n\u00b0 6 \u2013 Cuchilla de Manguera<\/p>\n<p style=\"text-align: left;\">Proyectada n \u00b0 7 \u2013 Paso Hospital<\/p>\n<p style=\"text-align: left;\">Proyectada n\u00b0 8 \u2013 Cerrillada<\/p>\n<p style=\"text-align: left;\">Proyectada n\u00b0 9 \u2013 Lagos del Norte<\/p>\n<p style=\"text-align: left;\">Proyectada n\u00b0 10 \u2013 La Puente<\/p>\n<p style=\"text-align: left;\">Proyectada n\u00b0 11- Paso Ataques<\/p>\n<p><img loading=\"lazy\" decoding=\"async\" class=\"alignnone size-medium wp-image-931\" src=\"http:\/\/rivera.gub.uy\/obras\/wp-content\/uploads\/2018\/09\/e0fdae70-cdd9-434f-bbbb-376a8176492f-300x225.jpg\" alt=\"\" width=\"300\" height=\"225\" srcset=\"https:\/\/www.rivera.gub.uy\/obras\/wp-content\/uploads\/2018\/09\/e0fdae70-cdd9-434f-bbbb-376a8176492f-300x225.jpg 300w, https:\/\/www.rivera.gub.uy\/obras\/wp-content\/uploads\/2018\/09\/e0fdae70-cdd9-434f-bbbb-376a8176492f-768x576.jpg 768w, https:\/\/www.rivera.gub.uy\/obras\/wp-content\/uploads\/2018\/09\/e0fdae70-cdd9-434f-bbbb-376a8176492f-1024x768.jpg 1024w, https:\/\/www.rivera.gub.uy\/obras\/wp-content\/uploads\/2018\/09\/e0fdae70-cdd9-434f-bbbb-376a8176492f-820x615.jpg 820w, https:\/\/www.rivera.gub.uy\/obras\/wp-content\/uploads\/2018\/09\/e0fdae70-cdd9-434f-bbbb-376a8176492f.jpg 1599w\" sizes=\"(max-width: 300px) 100vw, 300px\" \/> <img loading=\"lazy\" decoding=\"async\" class=\"alignnone size-medium wp-image-933\" src=\"http:\/\/rivera.gub.uy\/obras\/wp-content\/uploads\/2018\/09\/847a99a6-3e7e-42ed-9ce6-dc724975b705-300x225.jpg\" alt=\"\" width=\"300\" height=\"225\" srcset=\"https:\/\/www.rivera.gub.uy\/obras\/wp-content\/uploads\/2018\/09\/847a99a6-3e7e-42ed-9ce6-dc724975b705-300x225.jpg 300w, https:\/\/www.rivera.gub.uy\/obras\/wp-content\/uploads\/2018\/09\/847a99a6-3e7e-42ed-9ce6-dc724975b705-768x576.jpg 768w, https:\/\/www.rivera.gub.uy\/obras\/wp-content\/uploads\/2018\/09\/847a99a6-3e7e-42ed-9ce6-dc724975b705-1024x768.jpg 1024w, https:\/\/www.rivera.gub.uy\/obras\/wp-content\/uploads\/2018\/09\/847a99a6-3e7e-42ed-9ce6-dc724975b705-820x615.jpg 820w, https:\/\/www.rivera.gub.uy\/obras\/wp-content\/uploads\/2018\/09\/847a99a6-3e7e-42ed-9ce6-dc724975b705.jpg 1599w\" sizes=\"(max-width: 300px) 100vw, 300px\" \/><\/p>\n","protected":false},"excerpt":{"rendered":"<p>En el marco del trabajo que se viene realizando en el Cerro Bella Vista, antes Cerro del Estado, en conjunto con el MVOTMA esta semana se realizaron varias actividades con los vecinos del barrio. Entre ellas se realiz\u00f3 una jornada con los vecinos de plantaci\u00f3n de \u00e1rboles en la plaza ubicada en la entrada del [&hellip;]<\/p>\n","protected":false},"author":3,"featured_media":932,"comment_status":"open","ping_status":"open","sticky":false,"template":"","format":"standard","meta":{"footnotes":""},"categories":[1],"tags":[21,18,24,49],"_links":{"self":[{"href":"https:\/\/www.rivera.gub.uy\/obras\/wp-json\/wp\/v2\/posts\/930"}],"collection":[{"href":"https:\/\/www.rivera.gub.uy\/obras\/wp-json\/wp\/v2\/posts"}],"about":[{"href":"https:\/\/www.rivera.gub.uy\/obras\/wp-json\/wp\/v2\/types\/post"}],"author":[{"embeddable":true,"href":"https:\/\/www.rivera.gub.uy\/obras\/wp-json\/wp\/v2\/users\/3"}],"replies":[{"embeddable":true,"href":"https:\/\/www.rivera.gub.uy\/obras\/wp-json\/wp\/v2\/comments?post=930"}],"version-history":[{"count":3,"href":"https:\/\/www.rivera.gub.uy\/obras\/wp-json\/wp\/v2\/posts\/930\/revisions"}],"predecessor-version":[{"id":955,"href":"https:\/\/www.rivera.gub.uy\/obras\/wp-json\/wp\/v2\/posts\/930\/revisions\/955"}],"wp:featuredmedia":[{"embeddable":true,"href":"https:\/\/www.rivera.gub.uy\/obras\/wp-json\/wp\/v2\/media\/932"}],"wp:attachment":[{"href":"https:\/\/www.rivera.gub.uy\/obras\/wp-json\/wp\/v2\/media?parent=930"}],"wp:term":[{"taxonomy":"category","embeddable":true,"href":"https:\/\/www.rivera.gub.uy\/obras\/wp-json\/wp\/v2\/categories?post=930"},{"taxonomy":"post_tag","embeddable":true,"href":"https:\/\/www.rivera.gub.uy\/obras\/wp-json\/wp\/v2\/tags?post=930"}],"curies":[{"name":"wp","href":"https:\/\/api.w.org\/{rel}","templated":true}]}}