{"id":978,"date":"2019-05-20T14:22:51","date_gmt":"2019-05-20T14:22:51","guid":{"rendered":"https:\/\/rivera.gub.uy\/obras\/?p=978"},"modified":"2019-05-29T12:10:55","modified_gmt":"2019-05-29T12:10:55","slug":"convocatoria-premio-nacional-de-urbanismo-2019","status":"publish","type":"post","link":"https:\/\/www.rivera.gub.uy\/obras\/convocatoria-premio-nacional-de-urbanismo-2019\/","title":{"rendered":"Convocatoria Premio Nacional de Urbanismo 2019"},"content":{"rendered":"<p>El Ministerio de Vivienda, Ordenamiento Territorial y Medio Ambiente (Mvotma) invita a participar de la tercera edici\u00f3n del Premio Nacional de Urbanismo. Un galard\u00f3n, del cual Rivera a recibido<a href=\"https:\/\/www.rivera.gub.uy\/portal\/premio-nacional-de-urbanismo\/\" target=\"_blank\" rel=\"noopener noreferrer\"> menciones honor\u00edficas por Urbanizaci\u00f3n<\/a>.<\/p>\n<p><!--more--><br \/>\nEl objetivo es promover una mirada integral y multidisciplinaria del hecho urbano, que priorice y profundice la construcci\u00f3n de ciudades y territorios m\u00e1s inclusivos, integrados y sostenibles a trav\u00e9s de la planificaci\u00f3n. Destacar los aportes que desde diferentes \u00e1mbitos se realizan y que impactan positivamente en la calidad de vida de las personas y las comunidades.<\/p>\n<p><strong>\u00bfQui\u00e9nes pueden participar?<\/strong><\/p>\n<p>Instituciones, organizaciones, colectivos, profesionales, estudiantes y otras personas que con sus ideas, proyectos y\/o acciones ayudan a mejorar el lugar donde vivimos.<\/p>\n<p>Categor\u00edas:<\/p>\n<ul>\n<li>Instrumentos de Ordenamiento Territorial y Desarrollo Sostenible<\/li>\n<li>Proyectos Urbanos<\/li>\n<li>Eventos Urbanos<\/li>\n<li>Tesis de Posgrado e Investigaciones<\/li>\n<li>Comunicaci\u00f3n Social<\/li>\n<li>Trabajos de Estudiantes<\/li>\n<li>Premio a la Trayectoria<\/li>\n<\/ul>\n<p><strong>\u00bfC\u00f3mo?<\/strong><\/p>\n<p>Las inscripciones se realizan \u00fanicamente en la p\u00e1gina <a href=\"http:\/\/mvotma.gub.uy\/\" target=\"_blank\" rel=\"noopener noreferrer\">web del Mvotma<\/a> a trav\u00e9s de formulario electr\u00f3nico, <span style=\"font-weight: 400;\">hasta el 14 de junio a las 23.59 horas.<\/span><br \/>\nBases, condiciones y formularios de inscripci\u00f3n en <a href=\"http:\/\/www.mvotma.gub.uy\/pnu2019\" target=\"_blank\" rel=\"noopener noreferrer\">www.mvotma.gub.uy\/pnu2019<\/a><\/p>\n<p>Tambi\u00e9n es posible seguir el proceso del Premio a trav\u00e9s de las redes sociales:<\/p>\n<ul>\n<li>Facebook: MVOTMA Uruguay<\/li>\n<li>Twitter: @MVOTMA_Uruguay<\/li>\n<li>#PNU2019<\/li>\n<\/ul>\n","protected":false},"excerpt":{"rendered":"<p>El Ministerio de Vivienda, Ordenamiento Territorial y Medio Ambiente (Mvotma) invita a participar de la tercera edici\u00f3n del Premio Nacional de Urbanismo. Un galard\u00f3n, del cual Rivera a recibido menciones honor\u00edficas por Urbanizaci\u00f3n.<\/p>\n","protected":false},"author":2,"featured_media":985,"comment_status":"open","ping_status":"open","sticky":false,"template":"","format":"standard","meta":{"footnotes":""},"categories":[1],"tags":[54,55],"_links":{"self":[{"href":"https:\/\/www.rivera.gub.uy\/obras\/wp-json\/wp\/v2\/posts\/978"}],"collection":[{"href":"https:\/\/www.rivera.gub.uy\/obras\/wp-json\/wp\/v2\/posts"}],"about":[{"href":"https:\/\/www.rivera.gub.uy\/obras\/wp-json\/wp\/v2\/types\/post"}],"author":[{"embeddable":true,"href":"https:\/\/www.rivera.gub.uy\/obras\/wp-json\/wp\/v2\/users\/2"}],"replies":[{"embeddable":true,"href":"https:\/\/www.rivera.gub.uy\/obras\/wp-json\/wp\/v2\/comments?post=978"}],"version-history":[{"count":5,"href":"https:\/\/www.rivera.gub.uy\/obras\/wp-json\/wp\/v2\/posts\/978\/revisions"}],"predecessor-version":[{"id":984,"href":"https:\/\/www.rivera.gub.uy\/obras\/wp-json\/wp\/v2\/posts\/978\/revisions\/984"}],"wp:featuredmedia":[{"embeddable":true,"href":"https:\/\/www.rivera.gub.uy\/obras\/wp-json\/wp\/v2\/media\/985"}],"wp:attachment":[{"href":"https:\/\/www.rivera.gub.uy\/obras\/wp-json\/wp\/v2\/media?parent=978"}],"wp:term":[{"taxonomy":"category","embeddable":true,"href":"https:\/\/www.rivera.gub.uy\/obras\/wp-json\/wp\/v2\/categories?post=978"},{"taxonomy":"post_tag","embeddable":true,"href":"https:\/\/www.rivera.gub.uy\/obras\/wp-json\/wp\/v2\/tags?post=978"}],"curies":[{"name":"wp","href":"https:\/\/api.w.org\/{rel}","templated":true}]}}