{"id":13365,"global_id":"www.rivera.gub.uy\/portal?id=13365","global_id_lineage":["www.rivera.gub.uy\/portal?id=13365"],"author":"1","status":"publish","date":"2019-02-06 15:41:05","date_utc":"2019-02-06 17:41:05","modified":"2019-02-06 15:43:06","modified_utc":"2019-02-06 17:43:06","url":"https:\/\/www.rivera.gub.uy\/portal\/evento\/foro-sandia-madera-y-miel\/","rest_url":"https:\/\/www.rivera.gub.uy\/portal\/wp-json\/tribe\/events\/v1\/events\/13365","title":"Foro: Sand\u00eda, Madera y Miel","description":"<p>El d\u00eda 9 de febrero, a partir de las 08:30, se realizar\u00e1 el foro &#8220;Sand\u00eda, Madera y Miel&#8221; , impulsado por Rotary, Redema, proyecto Sand\u00edas de Rivera e Intendencia Departamental de Rivera.<\/p>\n<p>Las actividades tendr\u00e1n lugar en el Centro Artigas Uruguay de Tranqueras. Dicho evento se enmarca en la 28\u00b0 fiesta de la Sand\u00eda y la Forestaci\u00f3n.<\/p>\n<p>&nbsp;<\/p>","excerpt":"","slug":"foro-sandia-madera-y-miel","image":{"url":"https:\/\/www.rivera.gub.uy\/portal\/wp-content\/uploads\/2019\/02\/WhatsApp-Image-2019-02-06-at-14.12.31.jpeg","id":13374,"extension":"jpeg","width":904,"height":1280,"sizes":{"thumbnail":{"width":66,"height":94,"mime-type":"image\/jpeg","url":"https:\/\/www.rivera.gub.uy\/portal\/wp-content\/uploads\/2019\/02\/WhatsApp-Image-2019-02-06-at-14.12.31-66x94.jpeg"},"medium":{"width":133,"height":188,"mime-type":"image\/jpeg","url":"https:\/\/www.rivera.gub.uy\/portal\/wp-content\/uploads\/2019\/02\/WhatsApp-Image-2019-02-06-at-14.12.31-133x188.jpeg"},"medium_large":{"width":768,"height":1087,"mime-type":"image\/jpeg","url":"https:\/\/www.rivera.gub.uy\/portal\/wp-content\/uploads\/2019\/02\/WhatsApp-Image-2019-02-06-at-14.12.31-768x1087.jpeg"},"large":{"width":442,"height":626,"mime-type":"image\/jpeg","url":"https:\/\/www.rivera.gub.uy\/portal\/wp-content\/uploads\/2019\/02\/WhatsApp-Image-2019-02-06-at-14.12.31-442x626.jpeg"},"carousel-thumb":{"width":600,"height":400,"mime-type":"image\/jpeg","url":"https:\/\/www.rivera.gub.uy\/portal\/wp-content\/uploads\/2019\/02\/WhatsApp-Image-2019-02-06-at-14.12.31-600x400.jpeg"},"entry-thumb":{"width":820,"height":1161,"mime-type":"image\/jpeg","url":"https:\/\/www.rivera.gub.uy\/portal\/wp-content\/uploads\/2019\/02\/WhatsApp-Image-2019-02-06-at-14.12.31-820x1161.jpeg"},"sow-carousel-default":{"width":272,"height":182,"mime-type":"image\/jpeg","url":"https:\/\/www.rivera.gub.uy\/portal\/wp-content\/uploads\/2019\/02\/WhatsApp-Image-2019-02-06-at-14.12.31-272x182.jpeg"}}},"all_day":true,"start_date":"2019-02-09 00:00:00","start_date_details":{"year":"2019","month":"02","day":"09","hour":"00","minutes":"00","seconds":"00"},"end_date":"2019-02-09 23:59:59","end_date_details":{"year":"2019","month":"02","day":"09","hour":"23","minutes":"59","seconds":"59"},"utc_start_date":"2019-02-09 02:00:00","utc_start_date_details":{"year":"2019","month":"02","day":"09","hour":"02","minutes":"00","seconds":"00"},"utc_end_date":"2019-02-10 01:59:59","utc_end_date_details":{"year":"2019","month":"02","day":"10","hour":"01","minutes":"59","seconds":"59"},"timezone":"America\/Montevideo","timezone_abbr":"UYST","cost":"","cost_details":{"currency_symbol":"","currency_code":"","currency_position":"prefix","values":[]},"website":"rivera.gub.uy","show_map":true,"show_map_link":true,"hide_from_listings":false,"sticky":false,"featured":false,"categories":[{"name":"IDR","slug":"idr","term_group":0,"term_taxonomy_id":302,"taxonomy":"tribe_events_cat","description":"","parent":0,"count":221,"filter":"raw","id":302,"urls":{"self":"https:\/\/www.rivera.gub.uy\/portal\/wp-json\/tribe\/events\/v1\/categories\/302","collection":"https:\/\/www.rivera.gub.uy\/portal\/wp-json\/tribe\/events\/v1\/categories"}}],"tags":[{"name":"forestaci\u00f3n","slug":"forestacion","term_group":0,"term_taxonomy_id":74,"taxonomy":"post_tag","description":"","parent":0,"count":9,"filter":"raw","id":74,"urls":{"self":"https:\/\/www.rivera.gub.uy\/portal\/wp-json\/tribe\/events\/v1\/tags\/74","collection":"https:\/\/www.rivera.gub.uy\/portal\/wp-json\/tribe\/events\/v1\/tags"}},{"name":"intendencia","slug":"intendencia","term_group":0,"term_taxonomy_id":36,"taxonomy":"post_tag","description":"","parent":0,"count":1157,"filter":"raw","id":36,"urls":{"self":"https:\/\/www.rivera.gub.uy\/portal\/wp-json\/tribe\/events\/v1\/tags\/36","collection":"https:\/\/www.rivera.gub.uy\/portal\/wp-json\/tribe\/events\/v1\/tags"}},{"name":"sandia","slug":"sandia","term_group":0,"term_taxonomy_id":272,"taxonomy":"post_tag","description":"","parent":0,"count":12,"filter":"raw","id":272,"urls":{"self":"https:\/\/www.rivera.gub.uy\/portal\/wp-json\/tribe\/events\/v1\/tags\/272","collection":"https:\/\/www.rivera.gub.uy\/portal\/wp-json\/tribe\/events\/v1\/tags"}},{"name":"turismo","slug":"turismo","term_group":0,"term_taxonomy_id":363,"taxonomy":"post_tag","description":"","parent":0,"count":17,"filter":"raw","id":363,"urls":{"self":"https:\/\/www.rivera.gub.uy\/portal\/wp-json\/tribe\/events\/v1\/tags\/363","collection":"https:\/\/www.rivera.gub.uy\/portal\/wp-json\/tribe\/events\/v1\/tags"}}],"venue":{"id":4303,"author":"7","status":"publish","date":"2018-02-02 15:11:48","date_utc":"2018-02-02 17:11:48","modified":"2018-02-02 15:11:48","modified_utc":"2018-02-02 17:11:48","url":"https:\/\/www.rivera.gub.uy\/portal\/lugar\/tranqueras\/","venue":"Tranqueras","slug":"tranqueras","address":"General Jos\u00e9 Gervasio Artigas, 40001 Tranqueras, Rivera","city":"Tranqueras","country":"Uruguay","province":"Rivera","zip":"40001","website":"www.rivera.gub.uy","stateprovince":"Rivera","json_ld":{"@type":"Place","name":"Tranqueras","description":"","url":"","address":{"@type":"PostalAddress","streetAddress":"General Jos\u00e9 Gervasio Artigas, 40001 Tranqueras, Rivera","addressLocality":"Tranqueras","addressRegion":"Rivera","postalCode":"40001","addressCountry":"Uruguay"},"telephone":"","sameAs":"www.rivera.gub.uy"},"show_map":true,"show_map_link":true,"global_id":"www.rivera.gub.uy\/portal?id=4303","global_id_lineage":["www.rivera.gub.uy\/portal?id=4303"]},"organizer":[{"id":3879,"author":"7","status":"publish","date":"2017-12-26 11:13:59","date_utc":"2017-12-26 13:13:59","modified":"2017-12-26 11:13:59","modified_utc":"2017-12-26 13:13:59","url":"https:\/\/www.rivera.gub.uy\/portal\/organizador\/idr\/","organizer":"IDR","slug":"idr","phone":"46231900","website":"www.rivera.gub.uy","email":"obras@rivera.gub.uy","json_ld":{"@type":"Person","name":"IDR","description":"","url":"http:\/\/www.rivera.gub.uy","telephone":"46231900","email":"&#111;b&#114;&#97;s&#64;&#114;iver&#97;.gub.&#117;y","sameAs":"http:\/\/www.rivera.gub.uy"},"global_id":"www.rivera.gub.uy\/portal?id=3879","global_id_lineage":["www.rivera.gub.uy\/portal?id=3879"]}],"custom_fields":[],"json_ld":{"@context":"http:\/\/schema.org","@type":"Event","name":"Foro: Sand\u00eda, Madera y Miel","description":"&lt;p&gt;El d\u00eda 9 de febrero, a partir de las 08:30, se realizar\u00e1 el foro &quot;Sand\u00eda, Madera y Miel&quot; , impulsado por Rotary, Redema, proyecto Sand\u00edas de Rivera e Intendencia Departamental de Rivera. Las actividades tendr\u00e1n lugar en el Centro Artigas Uruguay de Tranqueras. Dicho evento se enmarca en la 28\u00b0 fiesta de la Sand\u00eda y [&hellip;]&lt;\/p&gt;\\n","image":"https:\/\/www.rivera.gub.uy\/portal\/wp-content\/uploads\/2019\/02\/WhatsApp-Image-2019-02-06-at-14.12.31.jpeg","url":"https:\/\/www.rivera.gub.uy\/portal\/evento\/foro-sandia-madera-y-miel\/","eventAttendanceMode":"https:\/\/schema.org\/OfflineEventAttendanceMode","eventStatus":"https:\/\/schema.org\/EventScheduled","startDate":"2019-02-09T00:00:00-03:00","endDate":"2019-02-09T23:59:59-03:00","location":{"@type":"Place","name":"Tranqueras","description":"","url":"","address":{"@type":"PostalAddress","streetAddress":"General Jos\u00e9 Gervasio Artigas, 40001 Tranqueras, Rivera","addressLocality":"Tranqueras","addressRegion":"Rivera","postalCode":"40001","addressCountry":"Uruguay"},"telephone":"","sameAs":"www.rivera.gub.uy"},"organizer":{"@type":"Person","name":"IDR","description":"","url":"http:\/\/www.rivera.gub.uy","telephone":"46231900","email":"o&#98;&#114;as&#64;&#114;&#105;ve&#114;&#97;&#46;g&#117;b.&#117;&#121;","sameAs":"http:\/\/www.rivera.gub.uy"},"performer":"Organization"}}