{"id":21796,"global_id":"www.rivera.gub.uy\/portal?id=21796","global_id_lineage":["www.rivera.gub.uy\/portal?id=21796"],"author":"7","status":"publish","date":"2020-02-28 18:13:07","date_utc":"2020-02-28 21:13:07","modified":"2020-02-28 18:19:08","modified_utc":"2020-02-28 21:19:08","url":"https:\/\/www.rivera.gub.uy\/portal\/evento\/desfile-de-carnaval\/","rest_url":"https:\/\/www.rivera.gub.uy\/portal\/wp-json\/tribe\/events\/v1\/events\/21796","title":"Desfile de Carnaval","description":"<p>Este 28 y 29 de febrero, tendr\u00e1n lugar los desfiles de Carnaval por Av. Sarand\u00ed, a partir de las 21 horas.<\/p>\n<p>El evento contar\u00e1 con la presencia de la intendente, Alma Galup. <!--more--><\/p>\n<p>Programaci\u00f3n:<\/p>\n<p><strong>Viernes 28:<\/strong><\/p>\n<ul>\n<li>Carro con Reina y Rey Momo<\/li>\n<li>Escola de Samba &#8220;Leones del samba&#8221;<\/li>\n<li>Grupo Lubolos &#8220;Tambores del Norte&#8221;<\/li>\n<li>Escola de samba &#8220;Siempre Cerro&#8221;<\/li>\n<li>Grupo Lubolos &#8220;Birincunyamba&#8221;<\/li>\n<li>Escola de Samba &#8220;Naci\u00f3n Guerrera de Cuar\u00f3&#8221;<\/li>\n<li>Grupo Lubolos &#8220;Tizones de Ansina&#8221;<\/li>\n<li>Escenario m\u00f3vil con la Orquesta Departamental de Rivera<\/li>\n<li>Disfraces y Murga Colombina y Pierrots<\/li>\n<li>Bloco &#8220;Quem me viu Mentiu&#8221;<\/li>\n<li>Escola de &#8220;Samba Uni\u00f3n del Viejo Omb\u00fa&#8221;<\/li>\n<\/ul>\n<p><strong>S\u00e1bado 29:<\/strong><\/p>\n<ul>\n<li>Carro con Reina y Rey Momo<\/li>\n<li>Escola de Samba &#8220;Leones del samba&#8221;<\/li>\n<li>Grupo Lubolos &#8220;Tambores del Norte&#8221;<\/li>\n<li>Escola de Samba &#8220;Siempre Cerro&#8221;<\/li>\n<li>Grupo Lubolos &#8220;Tizones de Ansina&#8221;<\/li>\n<li>Escola de Samba &#8220;Naci\u00f3n Guerrera de Cuar\u00f3&#8221;<\/li>\n<li>Grupo Lubolos &#8220;Birincunyamba&#8221;<\/li>\n<li>Escenario m\u00f3vil con la Orquesta Departamental de Rivera<\/li>\n<li>Disfraces y Murga Colombina y Pierrots<\/li>\n<li>Bloco &#8220;Quem me viu Mentiu&#8221;<\/li>\n<li>Escola de Samba &#8220;Uni\u00f3n del Viejo Omb\u00fa&#8221;<\/li>\n<\/ul>\n<p>&nbsp;<\/p>\n<p>&nbsp;<\/p>","excerpt":"","slug":"desfile-de-carnaval","image":{"url":"https:\/\/www.rivera.gub.uy\/portal\/wp-content\/uploads\/2020\/02\/DSC_0467.jpg","id":21746,"extension":"jpg","width":1610,"height":1050,"sizes":{"thumbnail":{"width":144,"height":94,"mime-type":"image\/jpeg","url":"https:\/\/www.rivera.gub.uy\/portal\/wp-content\/uploads\/2020\/02\/DSC_0467-144x94.jpg"},"medium":{"width":288,"height":188,"mime-type":"image\/jpeg","url":"https:\/\/www.rivera.gub.uy\/portal\/wp-content\/uploads\/2020\/02\/DSC_0467-288x188.jpg"},"medium_large":{"width":768,"height":501,"mime-type":"image\/jpeg","url":"https:\/\/www.rivera.gub.uy\/portal\/wp-content\/uploads\/2020\/02\/DSC_0467-768x501.jpg"},"large":{"width":960,"height":626,"mime-type":"image\/jpeg","url":"https:\/\/www.rivera.gub.uy\/portal\/wp-content\/uploads\/2020\/02\/DSC_0467-960x626.jpg"},"carousel-thumb":{"width":600,"height":400,"mime-type":"image\/jpeg","url":"https:\/\/www.rivera.gub.uy\/portal\/wp-content\/uploads\/2020\/02\/DSC_0467-600x400.jpg"},"entry-thumb":{"width":820,"height":535,"mime-type":"image\/jpeg","url":"https:\/\/www.rivera.gub.uy\/portal\/wp-content\/uploads\/2020\/02\/DSC_0467-820x535.jpg"},"sow-carousel-default":{"width":272,"height":182,"mime-type":"image\/jpeg","url":"https:\/\/www.rivera.gub.uy\/portal\/wp-content\/uploads\/2020\/02\/DSC_0467-272x182.jpg"}}},"all_day":true,"start_date":"2020-02-28 00:00:00","start_date_details":{"year":"2020","month":"02","day":"28","hour":"00","minutes":"00","seconds":"00"},"end_date":"2020-02-29 23:59:59","end_date_details":{"year":"2020","month":"02","day":"29","hour":"23","minutes":"59","seconds":"59"},"utc_start_date":"2020-02-28 03:00:00","utc_start_date_details":{"year":"2020","month":"02","day":"28","hour":"03","minutes":"00","seconds":"00"},"utc_end_date":"2020-03-01 02:59:59","utc_end_date_details":{"year":"2020","month":"03","day":"01","hour":"02","minutes":"59","seconds":"59"},"timezone":"America\/Montevideo","timezone_abbr":"MMT","cost":"","cost_details":{"currency_symbol":"","currency_code":"","currency_position":"prefix","values":[]},"website":"rivera.gub.uy","show_map":true,"show_map_link":true,"hide_from_listings":false,"sticky":false,"featured":false,"categories":[{"name":"IDR","slug":"idr","term_group":0,"term_taxonomy_id":302,"taxonomy":"tribe_events_cat","description":"","parent":0,"count":221,"filter":"raw","id":302,"urls":{"self":"https:\/\/www.rivera.gub.uy\/portal\/wp-json\/tribe\/events\/v1\/categories\/302","collection":"https:\/\/www.rivera.gub.uy\/portal\/wp-json\/tribe\/events\/v1\/categories"}}],"tags":[],"venue":{"id":3749,"author":"7","status":"publish","date":"2017-12-13 11:25:06","date_utc":"2017-12-13 13:25:06","modified":"2017-12-13 11:25:06","modified_utc":"2017-12-13 13:25:06","url":"https:\/\/www.rivera.gub.uy\/portal\/lugar\/plaza-artigas\/","venue":"Plaza Artigas","slug":"plaza-artigas","address":"Sarand\u00ed 602, 40000 Rivera","city":"Rivera","country":"Uruguay","province":"Rivera","zip":"40000","phone":"46231900","website":"www.rivera.gub.uy","stateprovince":"Rivera","json_ld":{"@type":"Place","name":"Plaza Artigas","description":"","url":"","address":{"@type":"PostalAddress","streetAddress":"Sarand\u00ed 602, 40000 Rivera","addressLocality":"Rivera","addressRegion":"Rivera","postalCode":"40000","addressCountry":"Uruguay"},"telephone":"46231900","sameAs":"www.rivera.gub.uy"},"show_map":true,"show_map_link":true,"global_id":"www.rivera.gub.uy\/portal?id=3749","global_id_lineage":["www.rivera.gub.uy\/portal?id=3749"]},"organizer":[{"id":3879,"author":"7","status":"publish","date":"2017-12-26 11:13:59","date_utc":"2017-12-26 13:13:59","modified":"2017-12-26 11:13:59","modified_utc":"2017-12-26 13:13:59","url":"https:\/\/www.rivera.gub.uy\/portal\/organizador\/idr\/","organizer":"IDR","slug":"idr","phone":"46231900","website":"www.rivera.gub.uy","email":"obras@rivera.gub.uy","json_ld":{"@type":"Person","name":"IDR","description":"","url":"http:\/\/www.rivera.gub.uy","telephone":"46231900","email":"ob&#114;a&#115;&#64;r&#105;vera&#46;gub&#46;&#117;y","sameAs":"http:\/\/www.rivera.gub.uy"},"global_id":"www.rivera.gub.uy\/portal?id=3879","global_id_lineage":["www.rivera.gub.uy\/portal?id=3879"]}],"custom_fields":[],"json_ld":{"@context":"http:\/\/schema.org","@type":"Event","name":"Desfile de Carnaval","description":"&lt;p&gt;Este 28 y 29 de febrero, tendr\u00e1n lugar los desfiles de Carnaval por Av. Sarand\u00ed, a partir de las 21 horas. El evento contar\u00e1 con la presencia de la intendente, Alma Galup. Programaci\u00f3n: Viernes 28: Carro con Reina y Rey Momo Escola de Samba &quot;Leones del samba&quot; Grupo Lubolos &quot;Tambores del Norte&quot; Escola de samba [&hellip;]&lt;\/p&gt;\\n","image":"https:\/\/www.rivera.gub.uy\/portal\/wp-content\/uploads\/2020\/02\/DSC_0467.jpg","url":"https:\/\/www.rivera.gub.uy\/portal\/evento\/desfile-de-carnaval\/","eventAttendanceMode":"https:\/\/schema.org\/OfflineEventAttendanceMode","eventStatus":"https:\/\/schema.org\/EventScheduled","startDate":"2020-02-28T00:00:00-03:00","endDate":"2020-02-29T23:59:59-03:00","location":{"@type":"Place","name":"Plaza Artigas","description":"","url":"","address":{"@type":"PostalAddress","streetAddress":"Sarand\u00ed 602, 40000 Rivera","addressLocality":"Rivera","addressRegion":"Rivera","postalCode":"40000","addressCountry":"Uruguay"},"telephone":"46231900","sameAs":"www.rivera.gub.uy"},"organizer":{"@type":"Person","name":"IDR","description":"","url":"http:\/\/www.rivera.gub.uy","telephone":"46231900","email":"o&#98;&#114;a&#115;&#64;ri&#118;era.gub&#46;u&#121;","sameAs":"http:\/\/www.rivera.gub.uy"},"performer":"Organization"}}