{"id":11212,"date":"2018-09-04T10:34:42","date_gmt":"2018-09-04T13:34:42","guid":{"rendered":"http:\/\/www.rivera.gub.uy\/portal\/?p=11212"},"modified":"2018-09-04T10:34:42","modified_gmt":"2018-09-04T13:34:42","slug":"inauguracion-del-nuevo-edificio-del-centro-universitario-de-rivera","status":"publish","type":"post","link":"https:\/\/www.rivera.gub.uy\/portal\/inauguracion-del-nuevo-edificio-del-centro-universitario-de-rivera\/","title":{"rendered":"Inauguraci\u00f3n del Nuevo Edificio del Centro Universitario de Rivera"},"content":{"rendered":"<p>El pasado viernes 31 de agosto se llev\u00f3 a cabo la inauguraci\u00f3n del nuevo edificio del CUR, en Rivera, que consolida la presencia de la Universidad de la Rep\u00fablica, en la regi\u00f3n y el trabajo interinstitucional sum\u00e1ndose al Polo de Ense\u00f1anza Superior, conformado por todas las instituciones de Ense\u00f1anza P\u00fablica del Uruguay (UdelaR, UTEC y ANEP), presentes en el mismo predio.<!--more--><br \/>\nA la inauguraci\u00f3n acudieron autoridades nacionales y departamentales, entre ellos, el Rector de la Universidad, Dr Roberto Markari\u00e1n y el Intendente de Rivera, Dr. Marne Osorio, quienes se encargaron de cortar la cinta de inauguraci\u00f3n y de descubrir la placa recordatoria.<\/p>\n<p>El Intendente Marne, manifest\u00f3: \u201cEs una inmensa alegr\u00eda poder acompa\u00f1ar al Rector de la Universidad, en la inauguraci\u00f3n de este nuevo local, que es uno de los tres locales que va a construir la Universidad de la Rep\u00fablica, en los pr\u00f3ximos meses, en este Polo de Educaci\u00f3n Superior, donde la IDR, est\u00e1 haciendo toda la obra de urbanizaci\u00f3n, o sea, una inversi\u00f3n de todas las instituciones que apuntan a generar oportunidades para que nuestros j\u00f3venes, del departamento y de la regi\u00f3n puedan estudiar y para que los empresarios y el aparato productivo puedan tener cerca la capacidad que genera la academia, desde la investigaci\u00f3n, desde la innovaci\u00f3n, desde el conocimiento\u201d.<\/p>\n<div id='gallery-1' class='gallery galleryid-11212 gallery-columns-4 gallery-size-thumbnail'><figure class='gallery-item'>\n\t\t\t<div class='gallery-icon landscape'>\n\t\t\t\t<a href='https:\/\/www.rivera.gub.uy\/portal\/wp-content\/uploads\/2018\/09\/1-2.jpg'><img loading=\"lazy\" decoding=\"async\" width=\"132\" height=\"94\" src=\"https:\/\/www.rivera.gub.uy\/portal\/wp-content\/uploads\/2018\/09\/1-2-132x94.jpg\" class=\"attachment-thumbnail size-thumbnail\" alt=\"\" srcset=\"https:\/\/www.rivera.gub.uy\/portal\/wp-content\/uploads\/2018\/09\/1-2-132x94.jpg 132w, https:\/\/www.rivera.gub.uy\/portal\/wp-content\/uploads\/2018\/09\/1-2-263x188.jpg 263w, https:\/\/www.rivera.gub.uy\/portal\/wp-content\/uploads\/2018\/09\/1-2-768x549.jpg 768w, https:\/\/www.rivera.gub.uy\/portal\/wp-content\/uploads\/2018\/09\/1-2-876x626.jpg 876w, https:\/\/www.rivera.gub.uy\/portal\/wp-content\/uploads\/2018\/09\/1-2-820x586.jpg 820w\" sizes=\"auto, (max-width: 132px) 100vw, 132px\" \/><\/a>\n\t\t\t<\/div><\/figure><figure class='gallery-item'>\n\t\t\t<div class='gallery-icon landscape'>\n\t\t\t\t<a href='https:\/\/www.rivera.gub.uy\/portal\/wp-content\/uploads\/2018\/09\/2-2.jpg'><img loading=\"lazy\" decoding=\"async\" width=\"132\" height=\"94\" src=\"https:\/\/www.rivera.gub.uy\/portal\/wp-content\/uploads\/2018\/09\/2-2-132x94.jpg\" class=\"attachment-thumbnail size-thumbnail\" alt=\"\" srcset=\"https:\/\/www.rivera.gub.uy\/portal\/wp-content\/uploads\/2018\/09\/2-2-132x94.jpg 132w, https:\/\/www.rivera.gub.uy\/portal\/wp-content\/uploads\/2018\/09\/2-2-263x188.jpg 263w, https:\/\/www.rivera.gub.uy\/portal\/wp-content\/uploads\/2018\/09\/2-2-768x549.jpg 768w, https:\/\/www.rivera.gub.uy\/portal\/wp-content\/uploads\/2018\/09\/2-2-876x626.jpg 876w, https:\/\/www.rivera.gub.uy\/portal\/wp-content\/uploads\/2018\/09\/2-2-820x586.jpg 820w\" sizes=\"auto, (max-width: 132px) 100vw, 132px\" \/><\/a>\n\t\t\t<\/div><\/figure><figure class='gallery-item'>\n\t\t\t<div class='gallery-icon landscape'>\n\t\t\t\t<a href='https:\/\/www.rivera.gub.uy\/portal\/wp-content\/uploads\/2018\/09\/3-2.jpg'><img loading=\"lazy\" decoding=\"async\" width=\"132\" height=\"94\" src=\"https:\/\/www.rivera.gub.uy\/portal\/wp-content\/uploads\/2018\/09\/3-2-132x94.jpg\" class=\"attachment-thumbnail size-thumbnail\" alt=\"\" srcset=\"https:\/\/www.rivera.gub.uy\/portal\/wp-content\/uploads\/2018\/09\/3-2-132x94.jpg 132w, https:\/\/www.rivera.gub.uy\/portal\/wp-content\/uploads\/2018\/09\/3-2-263x188.jpg 263w, https:\/\/www.rivera.gub.uy\/portal\/wp-content\/uploads\/2018\/09\/3-2-768x549.jpg 768w, https:\/\/www.rivera.gub.uy\/portal\/wp-content\/uploads\/2018\/09\/3-2-876x626.jpg 876w, https:\/\/www.rivera.gub.uy\/portal\/wp-content\/uploads\/2018\/09\/3-2-820x586.jpg 820w\" sizes=\"auto, (max-width: 132px) 100vw, 132px\" \/><\/a>\n\t\t\t<\/div><\/figure><figure class='gallery-item'>\n\t\t\t<div class='gallery-icon landscape'>\n\t\t\t\t<a href='https:\/\/www.rivera.gub.uy\/portal\/wp-content\/uploads\/2018\/09\/4-1.jpg'><img loading=\"lazy\" decoding=\"async\" width=\"132\" height=\"94\" src=\"https:\/\/www.rivera.gub.uy\/portal\/wp-content\/uploads\/2018\/09\/4-1-132x94.jpg\" class=\"attachment-thumbnail size-thumbnail\" alt=\"\" srcset=\"https:\/\/www.rivera.gub.uy\/portal\/wp-content\/uploads\/2018\/09\/4-1-132x94.jpg 132w, https:\/\/www.rivera.gub.uy\/portal\/wp-content\/uploads\/2018\/09\/4-1-263x188.jpg 263w, https:\/\/www.rivera.gub.uy\/portal\/wp-content\/uploads\/2018\/09\/4-1-768x549.jpg 768w, https:\/\/www.rivera.gub.uy\/portal\/wp-content\/uploads\/2018\/09\/4-1-876x626.jpg 876w, https:\/\/www.rivera.gub.uy\/portal\/wp-content\/uploads\/2018\/09\/4-1-820x586.jpg 820w\" sizes=\"auto, (max-width: 132px) 100vw, 132px\" \/><\/a>\n\t\t\t<\/div><\/figure>\n\t\t<\/div>\n\n","protected":false},"excerpt":{"rendered":"<p>El pasado viernes 31 de agosto se llev\u00f3 a cabo la inauguraci\u00f3n del nuevo edificio del CUR, en Rivera, que consolida la presencia de la Universidad de la Rep\u00fablica, en la regi\u00f3n y el trabajo interinstitucional sum\u00e1ndose al Polo de Ense\u00f1anza Superior, conformado por todas las instituciones de Ense\u00f1anza P\u00fablica del Uruguay (UdelaR, UTEC y [&hellip;]<\/p>\n","protected":false},"author":7,"featured_media":11215,"comment_status":"open","ping_status":"open","sticky":false,"template":"","format":"standard","meta":{"footnotes":""},"categories":[1],"tags":[571,82,36],"class_list":["post-11212","post","type-post","status-publish","format-standard","has-post-thumbnail","hentry","category-novedades","tag-cur","tag-inauguracion","tag-intendencia"],"_links":{"self":[{"href":"https:\/\/www.rivera.gub.uy\/portal\/wp-json\/wp\/v2\/posts\/11212","targetHints":{"allow":["GET"]}}],"collection":[{"href":"https:\/\/www.rivera.gub.uy\/portal\/wp-json\/wp\/v2\/posts"}],"about":[{"href":"https:\/\/www.rivera.gub.uy\/portal\/wp-json\/wp\/v2\/types\/post"}],"author":[{"embeddable":true,"href":"https:\/\/www.rivera.gub.uy\/portal\/wp-json\/wp\/v2\/users\/7"}],"replies":[{"embeddable":true,"href":"https:\/\/www.rivera.gub.uy\/portal\/wp-json\/wp\/v2\/comments?post=11212"}],"version-history":[{"count":2,"href":"https:\/\/www.rivera.gub.uy\/portal\/wp-json\/wp\/v2\/posts\/11212\/revisions"}],"predecessor-version":[{"id":11218,"href":"https:\/\/www.rivera.gub.uy\/portal\/wp-json\/wp\/v2\/posts\/11212\/revisions\/11218"}],"wp:featuredmedia":[{"embeddable":true,"href":"https:\/\/www.rivera.gub.uy\/portal\/wp-json\/wp\/v2\/media\/11215"}],"wp:attachment":[{"href":"https:\/\/www.rivera.gub.uy\/portal\/wp-json\/wp\/v2\/media?parent=11212"}],"wp:term":[{"taxonomy":"category","embeddable":true,"href":"https:\/\/www.rivera.gub.uy\/portal\/wp-json\/wp\/v2\/categories?post=11212"},{"taxonomy":"post_tag","embeddable":true,"href":"https:\/\/www.rivera.gub.uy\/portal\/wp-json\/wp\/v2\/tags?post=11212"}],"curies":[{"name":"wp","href":"https:\/\/api.w.org\/{rel}","templated":true}]}}