{"id":11397,"date":"2018-09-13T20:36:55","date_gmt":"2018-09-13T23:36:55","guid":{"rendered":"http:\/\/www.rivera.gub.uy\/portal\/?p=11397"},"modified":"2018-11-15T10:38:48","modified_gmt":"2018-11-15T12:38:48","slug":"comienza-una-nueva-inspeccion-tecnica-anual-reglamentaria","status":"publish","type":"post","link":"https:\/\/www.rivera.gub.uy\/portal\/comienza-una-nueva-inspeccion-tecnica-anual-reglamentaria\/","title":{"rendered":"Comienza una nueva Inspecci\u00f3n T\u00e9cnica Anual Reglamentaria"},"content":{"rendered":"<p>En horas de la ma\u00f1ana del d\u00eda jueves 13 de setiembre, en el despacho del Director General de Tr\u00e1nsito y Transporte, Mauricio Gonz\u00e1lez, se realiz\u00f3 el lanzamiento de la Inspecci\u00f3n T\u00e9cnica Anual Reglamentaria 2018.<\/p>\n<p>El Director enfatiz\u00f3 que: \u201cLa misma es muy importante para la Administraci\u00f3n Departamental, debido a que contempla el aspecto t\u00e9cnico de los veh\u00edculos. Es totalmente gratis y pedimos a la poblaci\u00f3n que colabore concurriendo a realizar la mencionada inspecci\u00f3n\u201d.<!--more--><br \/>\nGonz\u00e1lez destac\u00f3 tambi\u00e9n, que se busca proteger y tener mayor seguridad en el tr\u00e1nsito de todo el departamento. \u201cLa Inspecci\u00f3n T\u00e9cnica Anual Reglamentaria estar\u00e1 comenzando el d\u00eda lunes 17 de setiembre en la ciudad de Tranqueras, luego seguir\u00e1 por Minas de Corrales y Vichadero.<\/p>\n<p>Este a\u00f1o se incrementaran los trabajos de inspecci\u00f3n en varias localidades del interior profundo como ser: Paso Hospital, Amarillo, Paso del Cerro y otras.\u201d<\/p>\n<p>En la ciudad de Rivera la inspecci\u00f3n comenzar\u00e1 el d\u00eda 16 de octubre, de lunes a viernes, 09:00 a 16:00 horas, en el port\u00f3n N\u00ba15, Tribuna Norte del estadio Atilio Paiva Olivera.<\/p>\n<p>Para la inspecci\u00f3n, se solicitar\u00e1 la propiedad del veh\u00edculo y libreta de conducir, mientras que para los veh\u00edculos brasile\u00f1os se solicitar\u00e1 el permiso de circulaci\u00f3n adem\u00e1s de la libreta de conducir. Las exigencias pasan por neum\u00e1ticos, luces, se\u00f1aleros, bocina, limpia parabrisas y bomberito.<\/p>\n<p>Por \u00faltimo, Gonz\u00e1lez mencion\u00f3 \u201cQue lo m\u00e1s importante es crear una conscientizaci\u00f3n en la poblaci\u00f3n de la importancia de realizar la Inspecci\u00f3n T\u00e9cnica Anual Reglamentaria\u201d.<\/p>\n<p><iframe loading=\"lazy\" width=\"1160\" height=\"653\" src=\"https:\/\/www.youtube.com\/embed\/U8hbUG72Z8Y?feature=oembed\" frameborder=\"0\" allow=\"accelerometer; autoplay; encrypted-media; gyroscope; picture-in-picture\" allowfullscreen><\/iframe><\/p>\n","protected":false},"excerpt":{"rendered":"<p>En horas de la ma\u00f1ana del d\u00eda jueves 13 de setiembre, en el despacho del Director General de Tr\u00e1nsito y Transporte, Mauricio Gonz\u00e1lez, se realiz\u00f3 el lanzamiento de la Inspecci\u00f3n T\u00e9cnica Anual Reglamentaria 2018. El Director enfatiz\u00f3 que: \u201cLa misma es muy importante para la Administraci\u00f3n Departamental, debido a que contempla el aspecto t\u00e9cnico de [&hellip;]<\/p>\n","protected":false},"author":7,"featured_media":11398,"comment_status":"open","ping_status":"open","sticky":false,"template":"","format":"standard","meta":{"footnotes":""},"categories":[3,1],"tags":[],"class_list":["post-11397","post","type-post","status-publish","format-standard","has-post-thumbnail","hentry","category-multimedia","category-novedades"],"_links":{"self":[{"href":"https:\/\/www.rivera.gub.uy\/portal\/wp-json\/wp\/v2\/posts\/11397","targetHints":{"allow":["GET"]}}],"collection":[{"href":"https:\/\/www.rivera.gub.uy\/portal\/wp-json\/wp\/v2\/posts"}],"about":[{"href":"https:\/\/www.rivera.gub.uy\/portal\/wp-json\/wp\/v2\/types\/post"}],"author":[{"embeddable":true,"href":"https:\/\/www.rivera.gub.uy\/portal\/wp-json\/wp\/v2\/users\/7"}],"replies":[{"embeddable":true,"href":"https:\/\/www.rivera.gub.uy\/portal\/wp-json\/wp\/v2\/comments?post=11397"}],"version-history":[{"count":3,"href":"https:\/\/www.rivera.gub.uy\/portal\/wp-json\/wp\/v2\/posts\/11397\/revisions"}],"predecessor-version":[{"id":12315,"href":"https:\/\/www.rivera.gub.uy\/portal\/wp-json\/wp\/v2\/posts\/11397\/revisions\/12315"}],"wp:featuredmedia":[{"embeddable":true,"href":"https:\/\/www.rivera.gub.uy\/portal\/wp-json\/wp\/v2\/media\/11398"}],"wp:attachment":[{"href":"https:\/\/www.rivera.gub.uy\/portal\/wp-json\/wp\/v2\/media?parent=11397"}],"wp:term":[{"taxonomy":"category","embeddable":true,"href":"https:\/\/www.rivera.gub.uy\/portal\/wp-json\/wp\/v2\/categories?post=11397"},{"taxonomy":"post_tag","embeddable":true,"href":"https:\/\/www.rivera.gub.uy\/portal\/wp-json\/wp\/v2\/tags?post=11397"}],"curies":[{"name":"wp","href":"https:\/\/api.w.org\/{rel}","templated":true}]}}