{"id":11464,"date":"2018-09-17T15:05:13","date_gmt":"2018-09-17T18:05:13","guid":{"rendered":"http:\/\/www.rivera.gub.uy\/portal\/?p=11464"},"modified":"2018-09-18T09:57:55","modified_gmt":"2018-09-18T12:57:55","slug":"rivera-celebra-el-dia-de-la-cultura-gaucha","status":"publish","type":"post","link":"https:\/\/www.rivera.gub.uy\/portal\/rivera-celebra-el-dia-de-la-cultura-gaucha\/","title":{"rendered":"Rivera celebra el d\u00eda de la \u201cCultura Gaucha\u201d"},"content":{"rendered":"<p>Desde la Direcci\u00f3n General de Promoci\u00f3n y Acci\u00f3n Social, a trav\u00e9s de la Direcci\u00f3n de Cultura, se coordinan todas las acciones para el gran espect\u00e1culo que se realizar\u00e1 en conmemoraci\u00f3n al \u201cD\u00eda de la Cultura Gaucha\u201d.<br \/>\nLa Coordinadora de Cultura, Mtra, Luc\u00eda Rodr\u00edguez, hizo referencia a la celebraci\u00f3n que se recuerda anualmente el d\u00eda 20 de setiembre, seg\u00fan Ley N\u00ba 18.055 del a\u00f1o 2006, con el feriado correspondiente.<!--more--><\/p>\n<p>En este sentido Rodr\u00edguez, destac\u00f3 que \u201chonrando la fecha, se esta preparando un espect\u00e1culo que tendr\u00e1 lugar en la jornada de este pr\u00f3ximo jueves 20 de setiembre, a las 19:00 hs. en Plaza Flores, con folclore, canto, recitado, m\u00fasica, danza y el cierre con la participaci\u00f3n especial de grupo -Puro Chamuyo-, en un show que promete mucho. Es bueno destacar el colorido y ambientaci\u00f3n, para un espect\u00e1culo de primer nivel, totalmente gratuito donde se invita a toda la poblaci\u00f3n a presenciar\u201d.<\/p>\n<p>El d\u00eda de la \u201cCultura Gaucha\u201d, se celebra en este 2018 a trav\u00e9s de las artes musicales y es organizado por la DGPAS, de la Intendencia Departamental de Rivera.<\/p>\n<p>&nbsp;<\/p>\n<p><iframe loading=\"lazy\" width=\"1160\" height=\"653\" src=\"https:\/\/www.youtube.com\/embed\/bqNdpTjHpLg?feature=oembed\" frameborder=\"0\" allow=\"autoplay; encrypted-media\" allowfullscreen><\/iframe><\/p>\n","protected":false},"excerpt":{"rendered":"<p>Desde la Direcci\u00f3n General de Promoci\u00f3n y Acci\u00f3n Social, a trav\u00e9s de la Direcci\u00f3n de Cultura, se coordinan todas las acciones para el gran espect\u00e1culo que se realizar\u00e1 en conmemoraci\u00f3n al \u201cD\u00eda de la Cultura Gaucha\u201d. La Coordinadora de Cultura, Mtra, Luc\u00eda Rodr\u00edguez, hizo referencia a la celebraci\u00f3n que se recuerda anualmente el d\u00eda 20 [&hellip;]<\/p>\n","protected":false},"author":7,"featured_media":11482,"comment_status":"open","ping_status":"open","sticky":false,"template":"","format":"standard","meta":{"footnotes":""},"categories":[3,1],"tags":[65,838,36,33],"class_list":["post-11464","post","type-post","status-publish","format-standard","has-post-thumbnail","hentry","category-multimedia","category-novedades","tag-cultura","tag-gaucha","tag-intendencia","tag-rivera"],"_links":{"self":[{"href":"https:\/\/www.rivera.gub.uy\/portal\/wp-json\/wp\/v2\/posts\/11464","targetHints":{"allow":["GET"]}}],"collection":[{"href":"https:\/\/www.rivera.gub.uy\/portal\/wp-json\/wp\/v2\/posts"}],"about":[{"href":"https:\/\/www.rivera.gub.uy\/portal\/wp-json\/wp\/v2\/types\/post"}],"author":[{"embeddable":true,"href":"https:\/\/www.rivera.gub.uy\/portal\/wp-json\/wp\/v2\/users\/7"}],"replies":[{"embeddable":true,"href":"https:\/\/www.rivera.gub.uy\/portal\/wp-json\/wp\/v2\/comments?post=11464"}],"version-history":[{"count":3,"href":"https:\/\/www.rivera.gub.uy\/portal\/wp-json\/wp\/v2\/posts\/11464\/revisions"}],"predecessor-version":[{"id":11481,"href":"https:\/\/www.rivera.gub.uy\/portal\/wp-json\/wp\/v2\/posts\/11464\/revisions\/11481"}],"wp:featuredmedia":[{"embeddable":true,"href":"https:\/\/www.rivera.gub.uy\/portal\/wp-json\/wp\/v2\/media\/11482"}],"wp:attachment":[{"href":"https:\/\/www.rivera.gub.uy\/portal\/wp-json\/wp\/v2\/media?parent=11464"}],"wp:term":[{"taxonomy":"category","embeddable":true,"href":"https:\/\/www.rivera.gub.uy\/portal\/wp-json\/wp\/v2\/categories?post=11464"},{"taxonomy":"post_tag","embeddable":true,"href":"https:\/\/www.rivera.gub.uy\/portal\/wp-json\/wp\/v2\/tags?post=11464"}],"curies":[{"name":"wp","href":"https:\/\/api.w.org\/{rel}","templated":true}]}}