{"id":11593,"date":"2018-09-27T09:49:18","date_gmt":"2018-09-27T12:49:18","guid":{"rendered":"http:\/\/www.rivera.gub.uy\/portal\/?p=11593"},"modified":"2018-09-27T15:01:46","modified_gmt":"2018-09-27T18:01:46","slug":"cecoed-informe-sobre-trabajo-realizado-ante-las-alertas-meteorologicas-del-fin-de-semana","status":"publish","type":"post","link":"https:\/\/www.rivera.gub.uy\/portal\/cecoed-informe-sobre-trabajo-realizado-ante-las-alertas-meteorologicas-del-fin-de-semana\/","title":{"rendered":"CECOED: Informe sobre trabajo realizado ante las alertas meteorol\u00f3gicas del fin de semana"},"content":{"rendered":"<p class=\"western\"><span style=\"font-size: large\">El Director del Comit\u00e9 Departamental de Emergencia (CECOED), Gustavo Guedes, brind\u00f3 detalles sobre la situaci\u00f3n de nuestro departamento a ra\u00edz de la alerta Roja, que rigi\u00f3 en gran parte del pa\u00eds los d\u00edas 22 y 23 de setiembre.<\/span><!--more--><\/p>\n<p class=\"western\"><span style=\"font-size: large\">Afirm\u00f3 que \u201cse trabaj\u00f3 en varios lugares, durante todo el fin de semana, desde las primeras horas del d\u00eda s\u00e1bado, donde en la madrugada se pronostic\u00f3 alerta Roja y a posterior Naranja\u201d.<\/span><\/p>\n<p class=\"western\">\u201c<span style=\"font-size: large\">Tuvimos dificultades en barrio Tres Cruces, camino Pizorno, barrio Mandub\u00ed, Santa Teresa, Pueblo Nuevo, voladuras de techo en La Puente y tambi\u00e9n en barrio Pirulo en la ciudad de Tranqueras\u201d, inform\u00f3 el Coordinador del CECOED.<\/span><\/p>\n<div id='gallery-1' class='gallery galleryid-11593 gallery-columns-4 gallery-size-thumbnail'><figure class='gallery-item'>\n\t\t\t<div class='gallery-icon portrait'>\n\t\t\t\t<a href='https:\/\/www.rivera.gub.uy\/portal\/wp-content\/uploads\/2018\/09\/IMG-20180926-WA0007.jpg'><img loading=\"lazy\" decoding=\"async\" width=\"53\" height=\"94\" src=\"https:\/\/www.rivera.gub.uy\/portal\/wp-content\/uploads\/2018\/09\/IMG-20180926-WA0007-53x94.jpg\" class=\"attachment-thumbnail size-thumbnail\" alt=\"\" srcset=\"https:\/\/www.rivera.gub.uy\/portal\/wp-content\/uploads\/2018\/09\/IMG-20180926-WA0007-53x94.jpg 53w, https:\/\/www.rivera.gub.uy\/portal\/wp-content\/uploads\/2018\/09\/IMG-20180926-WA0007-106x188.jpg 106w, https:\/\/www.rivera.gub.uy\/portal\/wp-content\/uploads\/2018\/09\/IMG-20180926-WA0007-768x1364.jpg 768w, https:\/\/www.rivera.gub.uy\/portal\/wp-content\/uploads\/2018\/09\/IMG-20180926-WA0007-353x626.jpg 353w, https:\/\/www.rivera.gub.uy\/portal\/wp-content\/uploads\/2018\/09\/IMG-20180926-WA0007-820x1456.jpg 820w, https:\/\/www.rivera.gub.uy\/portal\/wp-content\/uploads\/2018\/09\/IMG-20180926-WA0007.jpg 901w\" sizes=\"auto, (max-width: 53px) 100vw, 53px\" \/><\/a>\n\t\t\t<\/div><\/figure><figure class='gallery-item'>\n\t\t\t<div class='gallery-icon portrait'>\n\t\t\t\t<a href='https:\/\/www.rivera.gub.uy\/portal\/wp-content\/uploads\/2018\/09\/IMG-20180926-WA0008.jpg'><img loading=\"lazy\" decoding=\"async\" width=\"53\" height=\"94\" src=\"https:\/\/www.rivera.gub.uy\/portal\/wp-content\/uploads\/2018\/09\/IMG-20180926-WA0008-53x94.jpg\" class=\"attachment-thumbnail size-thumbnail\" alt=\"\" srcset=\"https:\/\/www.rivera.gub.uy\/portal\/wp-content\/uploads\/2018\/09\/IMG-20180926-WA0008-53x94.jpg 53w, https:\/\/www.rivera.gub.uy\/portal\/wp-content\/uploads\/2018\/09\/IMG-20180926-WA0008-106x188.jpg 106w, https:\/\/www.rivera.gub.uy\/portal\/wp-content\/uploads\/2018\/09\/IMG-20180926-WA0008-768x1364.jpg 768w, https:\/\/www.rivera.gub.uy\/portal\/wp-content\/uploads\/2018\/09\/IMG-20180926-WA0008-353x626.jpg 353w, https:\/\/www.rivera.gub.uy\/portal\/wp-content\/uploads\/2018\/09\/IMG-20180926-WA0008-820x1456.jpg 820w, https:\/\/www.rivera.gub.uy\/portal\/wp-content\/uploads\/2018\/09\/IMG-20180926-WA0008.jpg 901w\" sizes=\"auto, (max-width: 53px) 100vw, 53px\" \/><\/a>\n\t\t\t<\/div><\/figure><figure class='gallery-item'>\n\t\t\t<div class='gallery-icon portrait'>\n\t\t\t\t<a href='https:\/\/www.rivera.gub.uy\/portal\/wp-content\/uploads\/2018\/09\/IMG-20180926-WA0009.jpg'><img loading=\"lazy\" decoding=\"async\" width=\"53\" height=\"94\" src=\"https:\/\/www.rivera.gub.uy\/portal\/wp-content\/uploads\/2018\/09\/IMG-20180926-WA0009-53x94.jpg\" class=\"attachment-thumbnail size-thumbnail\" alt=\"\" srcset=\"https:\/\/www.rivera.gub.uy\/portal\/wp-content\/uploads\/2018\/09\/IMG-20180926-WA0009-53x94.jpg 53w, https:\/\/www.rivera.gub.uy\/portal\/wp-content\/uploads\/2018\/09\/IMG-20180926-WA0009-106x188.jpg 106w, https:\/\/www.rivera.gub.uy\/portal\/wp-content\/uploads\/2018\/09\/IMG-20180926-WA0009-768x1366.jpg 768w, https:\/\/www.rivera.gub.uy\/portal\/wp-content\/uploads\/2018\/09\/IMG-20180926-WA0009-352x626.jpg 352w, https:\/\/www.rivera.gub.uy\/portal\/wp-content\/uploads\/2018\/09\/IMG-20180926-WA0009-820x1458.jpg 820w, https:\/\/www.rivera.gub.uy\/portal\/wp-content\/uploads\/2018\/09\/IMG-20180926-WA0009.jpg 899w\" sizes=\"auto, (max-width: 53px) 100vw, 53px\" \/><\/a>\n\t\t\t<\/div><\/figure><figure class='gallery-item'>\n\t\t\t<div class='gallery-icon portrait'>\n\t\t\t\t<a href='https:\/\/www.rivera.gub.uy\/portal\/wp-content\/uploads\/2018\/09\/IMG-20180926-WA0010.jpg'><img loading=\"lazy\" decoding=\"async\" width=\"71\" height=\"94\" src=\"https:\/\/www.rivera.gub.uy\/portal\/wp-content\/uploads\/2018\/09\/IMG-20180926-WA0010-71x94.jpg\" class=\"attachment-thumbnail size-thumbnail\" alt=\"\" srcset=\"https:\/\/www.rivera.gub.uy\/portal\/wp-content\/uploads\/2018\/09\/IMG-20180926-WA0010-71x94.jpg 71w, https:\/\/www.rivera.gub.uy\/portal\/wp-content\/uploads\/2018\/09\/IMG-20180926-WA0010-141x188.jpg 141w, https:\/\/www.rivera.gub.uy\/portal\/wp-content\/uploads\/2018\/09\/IMG-20180926-WA0010-768x1024.jpg 768w, https:\/\/www.rivera.gub.uy\/portal\/wp-content\/uploads\/2018\/09\/IMG-20180926-WA0010-470x626.jpg 470w, https:\/\/www.rivera.gub.uy\/portal\/wp-content\/uploads\/2018\/09\/IMG-20180926-WA0010-820x1093.jpg 820w, https:\/\/www.rivera.gub.uy\/portal\/wp-content\/uploads\/2018\/09\/IMG-20180926-WA0010.jpg 1200w\" sizes=\"auto, (max-width: 71px) 100vw, 71px\" \/><\/a>\n\t\t\t<\/div><\/figure>\n\t\t<\/div>\n\n<p class=\"western\"><span style=\"font-size: large\">Guedes destac\u00f3 que se logr\u00f3 mitigar esa emergencia y agreg\u00f3 \u201c&#8230;estamos trabajando con la oficina territorial del MIDES, para realizar los tr\u00e1mites de emergencia para poder luego solicitar ayuda en caso de que la necesitemos ante la Direcci\u00f3n Nacional del Sistema Nacional de Emergencias\u201d.<\/span><\/p>\n<p class=\"western\"><span style=\"font-size: large\">Gustavo Guedes, record\u00f3 que ante cualquier tipo emergencia, hay que llamar al 911, porque es el n\u00famero que brinda garant\u00eda y es el n\u00famero donde se mantiene permanente, contacto con las direcciones departamentales.<\/span><\/p>\n<p><iframe loading=\"lazy\" width=\"1160\" height=\"653\" src=\"https:\/\/www.youtube.com\/embed\/lFoMJijSnBc?feature=oembed\" frameborder=\"0\" allow=\"autoplay; encrypted-media\" allowfullscreen><\/iframe><\/p>\n","protected":false},"excerpt":{"rendered":"<p>El Director del Comit\u00e9 Departamental de Emergencia (CECOED), Gustavo Guedes, brind\u00f3 detalles sobre la situaci\u00f3n de nuestro departamento a ra\u00edz de la alerta Roja, que rigi\u00f3 en gran parte del pa\u00eds los d\u00edas 22 y 23 de setiembre.<\/p>\n","protected":false},"author":7,"featured_media":11594,"comment_status":"open","ping_status":"open","sticky":false,"template":"","format":"standard","meta":{"footnotes":""},"categories":[3,1],"tags":[507,36,33],"class_list":["post-11593","post","type-post","status-publish","format-standard","has-post-thumbnail","hentry","category-multimedia","category-novedades","tag-cecoed","tag-intendencia","tag-rivera"],"_links":{"self":[{"href":"https:\/\/www.rivera.gub.uy\/portal\/wp-json\/wp\/v2\/posts\/11593","targetHints":{"allow":["GET"]}}],"collection":[{"href":"https:\/\/www.rivera.gub.uy\/portal\/wp-json\/wp\/v2\/posts"}],"about":[{"href":"https:\/\/www.rivera.gub.uy\/portal\/wp-json\/wp\/v2\/types\/post"}],"author":[{"embeddable":true,"href":"https:\/\/www.rivera.gub.uy\/portal\/wp-json\/wp\/v2\/users\/7"}],"replies":[{"embeddable":true,"href":"https:\/\/www.rivera.gub.uy\/portal\/wp-json\/wp\/v2\/comments?post=11593"}],"version-history":[{"count":3,"href":"https:\/\/www.rivera.gub.uy\/portal\/wp-json\/wp\/v2\/posts\/11593\/revisions"}],"predecessor-version":[{"id":11617,"href":"https:\/\/www.rivera.gub.uy\/portal\/wp-json\/wp\/v2\/posts\/11593\/revisions\/11617"}],"wp:featuredmedia":[{"embeddable":true,"href":"https:\/\/www.rivera.gub.uy\/portal\/wp-json\/wp\/v2\/media\/11594"}],"wp:attachment":[{"href":"https:\/\/www.rivera.gub.uy\/portal\/wp-json\/wp\/v2\/media?parent=11593"}],"wp:term":[{"taxonomy":"category","embeddable":true,"href":"https:\/\/www.rivera.gub.uy\/portal\/wp-json\/wp\/v2\/categories?post=11593"},{"taxonomy":"post_tag","embeddable":true,"href":"https:\/\/www.rivera.gub.uy\/portal\/wp-json\/wp\/v2\/tags?post=11593"}],"curies":[{"name":"wp","href":"https:\/\/api.w.org\/{rel}","templated":true}]}}