{"id":11662,"date":"2018-09-28T16:43:17","date_gmt":"2018-09-28T19:43:17","guid":{"rendered":"http:\/\/www.rivera.gub.uy\/portal\/?p=11662"},"modified":"2018-09-28T17:12:36","modified_gmt":"2018-09-28T20:12:36","slug":"proyecto-cine-y-television","status":"publish","type":"post","link":"https:\/\/www.rivera.gub.uy\/portal\/proyecto-cine-y-television\/","title":{"rendered":"Proyecto &#8220;Cine y Televisi\u00f3n&#8221;"},"content":{"rendered":"<p>Los alumnos de 1\u00b0 e inical 4 y 5 a\u00f1os, de la Escuela 154 de Tranqueras, realizaron una salida did\u00e1ctica en la ciudad de Rivera, en el marco del proyecto &#8220;Cine y Televisi\u00f3n&#8221;.<!--more--><\/p>\n<p>El Proyecto &#8220;Cine y Televisi\u00f3n&#8221;, cont\u00f3 con el apoyo de la Intendencia Departamental de Rivera y el Rotary Club Tranqueras.<\/p>\n<p>Durante la jornada, los estudiantes conocieron los estudios de Canal 10 Rivera, adem\u00e1s fueron recibidos por el Intendente Departamental, Dr. Marne Osorio, quien obsequi\u00f3 a los ni\u00f1os y maestras, entre otras cosas, con una bandera del Departamento y entradas para conocer las salas del Cine de la ciudad.<\/p>\n<p>Por otra parte, los chicos tambi\u00e9n realizaron una recorrida por Plaza Insausti, para conocer las esculturas de hierro que fueron creadas por el Tranquerense Guillermo Laguna.<\/p>\n<div id='gallery-1' class='gallery galleryid-11662 gallery-columns-4 gallery-size-thumbnail'><figure class='gallery-item'>\n\t\t\t<div class='gallery-icon portrait'>\n\t\t\t\t<a href='https:\/\/www.rivera.gub.uy\/portal\/wp-content\/uploads\/2018\/09\/IMG-20180928-WA0005.jpg'><img loading=\"lazy\" decoding=\"async\" width=\"53\" height=\"94\" src=\"https:\/\/www.rivera.gub.uy\/portal\/wp-content\/uploads\/2018\/09\/IMG-20180928-WA0005-53x94.jpg\" class=\"attachment-thumbnail size-thumbnail\" alt=\"\" srcset=\"https:\/\/www.rivera.gub.uy\/portal\/wp-content\/uploads\/2018\/09\/IMG-20180928-WA0005-53x94.jpg 53w, https:\/\/www.rivera.gub.uy\/portal\/wp-content\/uploads\/2018\/09\/IMG-20180928-WA0005-106x188.jpg 106w, https:\/\/www.rivera.gub.uy\/portal\/wp-content\/uploads\/2018\/09\/IMG-20180928-WA0005-352x626.jpg 352w, https:\/\/www.rivera.gub.uy\/portal\/wp-content\/uploads\/2018\/09\/IMG-20180928-WA0005.jpg 720w\" sizes=\"auto, (max-width: 53px) 100vw, 53px\" \/><\/a>\n\t\t\t<\/div><\/figure><figure class='gallery-item'>\n\t\t\t<div class='gallery-icon landscape'>\n\t\t\t\t<a href='https:\/\/www.rivera.gub.uy\/portal\/wp-content\/uploads\/2018\/09\/4-8.jpg'><img loading=\"lazy\" decoding=\"async\" width=\"150\" height=\"84\" src=\"https:\/\/www.rivera.gub.uy\/portal\/wp-content\/uploads\/2018\/09\/4-8-150x84.jpg\" class=\"attachment-thumbnail size-thumbnail\" alt=\"\" srcset=\"https:\/\/www.rivera.gub.uy\/portal\/wp-content\/uploads\/2018\/09\/4-8-150x84.jpg 150w, https:\/\/www.rivera.gub.uy\/portal\/wp-content\/uploads\/2018\/09\/4-8-300x169.jpg 300w, https:\/\/www.rivera.gub.uy\/portal\/wp-content\/uploads\/2018\/09\/4-8-768x432.jpg 768w, https:\/\/www.rivera.gub.uy\/portal\/wp-content\/uploads\/2018\/09\/4-8-1000x563.jpg 1000w, https:\/\/www.rivera.gub.uy\/portal\/wp-content\/uploads\/2018\/09\/4-8-820x461.jpg 820w, https:\/\/www.rivera.gub.uy\/portal\/wp-content\/uploads\/2018\/09\/4-8.jpg 1600w\" sizes=\"auto, (max-width: 150px) 100vw, 150px\" \/><\/a>\n\t\t\t<\/div><\/figure><figure class='gallery-item'>\n\t\t\t<div class='gallery-icon landscape'>\n\t\t\t\t<a href='https:\/\/www.rivera.gub.uy\/portal\/wp-content\/uploads\/2018\/09\/2-12.jpg'><img loading=\"lazy\" decoding=\"async\" width=\"142\" height=\"94\" src=\"https:\/\/www.rivera.gub.uy\/portal\/wp-content\/uploads\/2018\/09\/2-12-142x94.jpg\" class=\"attachment-thumbnail size-thumbnail\" alt=\"\" srcset=\"https:\/\/www.rivera.gub.uy\/portal\/wp-content\/uploads\/2018\/09\/2-12-142x94.jpg 142w, https:\/\/www.rivera.gub.uy\/portal\/wp-content\/uploads\/2018\/09\/2-12-285x188.jpg 285w, https:\/\/www.rivera.gub.uy\/portal\/wp-content\/uploads\/2018\/09\/2-12-768x507.jpg 768w, https:\/\/www.rivera.gub.uy\/portal\/wp-content\/uploads\/2018\/09\/2-12-948x626.jpg 948w, https:\/\/www.rivera.gub.uy\/portal\/wp-content\/uploads\/2018\/09\/2-12-600x400.jpg 600w, https:\/\/www.rivera.gub.uy\/portal\/wp-content\/uploads\/2018\/09\/2-12-820x541.jpg 820w, https:\/\/www.rivera.gub.uy\/portal\/wp-content\/uploads\/2018\/09\/2-12-272x182.jpg 272w, https:\/\/www.rivera.gub.uy\/portal\/wp-content\/uploads\/2018\/09\/2-12.jpg 1363w\" sizes=\"auto, (max-width: 142px) 100vw, 142px\" \/><\/a>\n\t\t\t<\/div><\/figure><figure class='gallery-item'>\n\t\t\t<div class='gallery-icon landscape'>\n\t\t\t\t<a href='https:\/\/www.rivera.gub.uy\/portal\/wp-content\/uploads\/2018\/09\/3-11.jpg'><img loading=\"lazy\" decoding=\"async\" width=\"150\" height=\"84\" src=\"https:\/\/www.rivera.gub.uy\/portal\/wp-content\/uploads\/2018\/09\/3-11-150x84.jpg\" class=\"attachment-thumbnail size-thumbnail\" alt=\"\" srcset=\"https:\/\/www.rivera.gub.uy\/portal\/wp-content\/uploads\/2018\/09\/3-11-150x84.jpg 150w, https:\/\/www.rivera.gub.uy\/portal\/wp-content\/uploads\/2018\/09\/3-11-300x169.jpg 300w, https:\/\/www.rivera.gub.uy\/portal\/wp-content\/uploads\/2018\/09\/3-11-768x432.jpg 768w, https:\/\/www.rivera.gub.uy\/portal\/wp-content\/uploads\/2018\/09\/3-11-1000x563.jpg 1000w, https:\/\/www.rivera.gub.uy\/portal\/wp-content\/uploads\/2018\/09\/3-11-820x461.jpg 820w, https:\/\/www.rivera.gub.uy\/portal\/wp-content\/uploads\/2018\/09\/3-11.jpg 1600w\" sizes=\"auto, (max-width: 150px) 100vw, 150px\" \/><\/a>\n\t\t\t<\/div><\/figure><figure class='gallery-item'>\n\t\t\t<div class='gallery-icon landscape'>\n\t\t\t\t<a href='https:\/\/www.rivera.gub.uy\/portal\/wp-content\/uploads\/2018\/09\/1-15.jpg'><img loading=\"lazy\" decoding=\"async\" width=\"150\" height=\"84\" src=\"https:\/\/www.rivera.gub.uy\/portal\/wp-content\/uploads\/2018\/09\/1-15-150x84.jpg\" class=\"attachment-thumbnail size-thumbnail\" alt=\"\" srcset=\"https:\/\/www.rivera.gub.uy\/portal\/wp-content\/uploads\/2018\/09\/1-15-150x84.jpg 150w, https:\/\/www.rivera.gub.uy\/portal\/wp-content\/uploads\/2018\/09\/1-15-300x169.jpg 300w, https:\/\/www.rivera.gub.uy\/portal\/wp-content\/uploads\/2018\/09\/1-15-768x432.jpg 768w, https:\/\/www.rivera.gub.uy\/portal\/wp-content\/uploads\/2018\/09\/1-15-1000x563.jpg 1000w, https:\/\/www.rivera.gub.uy\/portal\/wp-content\/uploads\/2018\/09\/1-15-820x461.jpg 820w, https:\/\/www.rivera.gub.uy\/portal\/wp-content\/uploads\/2018\/09\/1-15.jpg 1600w\" sizes=\"auto, (max-width: 150px) 100vw, 150px\" \/><\/a>\n\t\t\t<\/div><\/figure>\n\t\t<\/div>\n\n","protected":false},"excerpt":{"rendered":"<p>Los alumnos de 1\u00b0 e inical 4 y 5 a\u00f1os, de la Escuela 154 de Tranqueras, realizaron una salida did\u00e1ctica en la ciudad de Rivera, en el marco del proyecto &#8220;Cine y Televisi\u00f3n&#8221;.<\/p>\n","protected":false},"author":7,"featured_media":11664,"comment_status":"open","ping_status":"open","sticky":false,"template":"","format":"standard","meta":{"footnotes":""},"categories":[1,18],"tags":[648,854,36,33,72],"class_list":["post-11662","post","type-post","status-publish","format-standard","has-post-thumbnail","hentry","category-novedades","category-participacion","tag-canal-10","tag-cine","tag-intendencia","tag-rivera","tag-tranqueras"],"_links":{"self":[{"href":"https:\/\/www.rivera.gub.uy\/portal\/wp-json\/wp\/v2\/posts\/11662","targetHints":{"allow":["GET"]}}],"collection":[{"href":"https:\/\/www.rivera.gub.uy\/portal\/wp-json\/wp\/v2\/posts"}],"about":[{"href":"https:\/\/www.rivera.gub.uy\/portal\/wp-json\/wp\/v2\/types\/post"}],"author":[{"embeddable":true,"href":"https:\/\/www.rivera.gub.uy\/portal\/wp-json\/wp\/v2\/users\/7"}],"replies":[{"embeddable":true,"href":"https:\/\/www.rivera.gub.uy\/portal\/wp-json\/wp\/v2\/comments?post=11662"}],"version-history":[{"count":6,"href":"https:\/\/www.rivera.gub.uy\/portal\/wp-json\/wp\/v2\/posts\/11662\/revisions"}],"predecessor-version":[{"id":11673,"href":"https:\/\/www.rivera.gub.uy\/portal\/wp-json\/wp\/v2\/posts\/11662\/revisions\/11673"}],"wp:featuredmedia":[{"embeddable":true,"href":"https:\/\/www.rivera.gub.uy\/portal\/wp-json\/wp\/v2\/media\/11664"}],"wp:attachment":[{"href":"https:\/\/www.rivera.gub.uy\/portal\/wp-json\/wp\/v2\/media?parent=11662"}],"wp:term":[{"taxonomy":"category","embeddable":true,"href":"https:\/\/www.rivera.gub.uy\/portal\/wp-json\/wp\/v2\/categories?post=11662"},{"taxonomy":"post_tag","embeddable":true,"href":"https:\/\/www.rivera.gub.uy\/portal\/wp-json\/wp\/v2\/tags?post=11662"}],"curies":[{"name":"wp","href":"https:\/\/api.w.org\/{rel}","templated":true}]}}