{"id":11689,"date":"2018-10-01T14:30:53","date_gmt":"2018-10-01T17:30:53","guid":{"rendered":"http:\/\/www.rivera.gub.uy\/portal\/?p=11689"},"modified":"2018-10-02T08:25:17","modified_gmt":"2018-10-02T11:25:17","slug":"lanzamiento-de-la-semana-del-patrimonio-2018","status":"publish","type":"post","link":"https:\/\/www.rivera.gub.uy\/portal\/lanzamiento-de-la-semana-del-patrimonio-2018\/","title":{"rendered":"Lanzamiento de la Semana del Patrimonio 2018"},"content":{"rendered":"<p>En la ma\u00f1ana del d\u00eda 1\u00ba de octubre, en instalaciones del Museo del Patrimonio de Rivera, se dieron a conocer los detalles de programaci\u00f3n para lo que ser\u00e1 la \u201cSemana del Patrimonio\u201d.<!--more--><\/p>\n<p>El director de Cultura, Alex Alvez, resalt\u00f3 la importancia de la programaci\u00f3n que destaca la diversidad cultural de nuestro departamento.<br \/>\nA su vez el director General de Promoci\u00f3n y Acci\u00f3n Social, Cr. Giovani Conti, record\u00f3 el 134 aniversario del Departamento de Rivera y su historia \u201cfundada por una diversidad enorme de distintas nacionalidades donde vivimos en armon\u00eda y con respeto\u201d.<\/p>\n<div id='gallery-1' class='gallery galleryid-11689 gallery-columns-4 gallery-size-thumbnail'><figure class='gallery-item'>\n\t\t\t<div class='gallery-icon landscape'>\n\t\t\t\t<a href='https:\/\/www.rivera.gub.uy\/portal\/wp-content\/uploads\/2018\/10\/1.jpg'><img loading=\"lazy\" decoding=\"async\" width=\"144\" height=\"94\" src=\"https:\/\/www.rivera.gub.uy\/portal\/wp-content\/uploads\/2018\/10\/1-144x94.jpg\" class=\"attachment-thumbnail size-thumbnail\" alt=\"\" srcset=\"https:\/\/www.rivera.gub.uy\/portal\/wp-content\/uploads\/2018\/10\/1-144x94.jpg 144w, https:\/\/www.rivera.gub.uy\/portal\/wp-content\/uploads\/2018\/10\/1-288x188.jpg 288w, https:\/\/www.rivera.gub.uy\/portal\/wp-content\/uploads\/2018\/10\/1-768x501.jpg 768w, https:\/\/www.rivera.gub.uy\/portal\/wp-content\/uploads\/2018\/10\/1-960x626.jpg 960w, https:\/\/www.rivera.gub.uy\/portal\/wp-content\/uploads\/2018\/10\/1-820x535.jpg 820w\" sizes=\"auto, (max-width: 144px) 100vw, 144px\" \/><\/a>\n\t\t\t<\/div><\/figure><figure class='gallery-item'>\n\t\t\t<div class='gallery-icon landscape'>\n\t\t\t\t<a href='https:\/\/www.rivera.gub.uy\/portal\/wp-content\/uploads\/2018\/10\/2.jpg'><img loading=\"lazy\" decoding=\"async\" width=\"144\" height=\"94\" src=\"https:\/\/www.rivera.gub.uy\/portal\/wp-content\/uploads\/2018\/10\/2-144x94.jpg\" class=\"attachment-thumbnail size-thumbnail\" alt=\"\" srcset=\"https:\/\/www.rivera.gub.uy\/portal\/wp-content\/uploads\/2018\/10\/2-144x94.jpg 144w, https:\/\/www.rivera.gub.uy\/portal\/wp-content\/uploads\/2018\/10\/2-288x188.jpg 288w, https:\/\/www.rivera.gub.uy\/portal\/wp-content\/uploads\/2018\/10\/2-768x501.jpg 768w, https:\/\/www.rivera.gub.uy\/portal\/wp-content\/uploads\/2018\/10\/2-960x626.jpg 960w, https:\/\/www.rivera.gub.uy\/portal\/wp-content\/uploads\/2018\/10\/2-820x535.jpg 820w\" sizes=\"auto, (max-width: 144px) 100vw, 144px\" \/><\/a>\n\t\t\t<\/div><\/figure><figure class='gallery-item'>\n\t\t\t<div class='gallery-icon landscape'>\n\t\t\t\t<a href='https:\/\/www.rivera.gub.uy\/portal\/wp-content\/uploads\/2018\/10\/3.jpg'><img loading=\"lazy\" decoding=\"async\" width=\"144\" height=\"94\" src=\"https:\/\/www.rivera.gub.uy\/portal\/wp-content\/uploads\/2018\/10\/3-144x94.jpg\" class=\"attachment-thumbnail size-thumbnail\" alt=\"\" srcset=\"https:\/\/www.rivera.gub.uy\/portal\/wp-content\/uploads\/2018\/10\/3-144x94.jpg 144w, https:\/\/www.rivera.gub.uy\/portal\/wp-content\/uploads\/2018\/10\/3-288x188.jpg 288w, https:\/\/www.rivera.gub.uy\/portal\/wp-content\/uploads\/2018\/10\/3-768x501.jpg 768w, https:\/\/www.rivera.gub.uy\/portal\/wp-content\/uploads\/2018\/10\/3-960x626.jpg 960w, https:\/\/www.rivera.gub.uy\/portal\/wp-content\/uploads\/2018\/10\/3-820x535.jpg 820w\" sizes=\"auto, (max-width: 144px) 100vw, 144px\" \/><\/a>\n\t\t\t<\/div><\/figure><figure class='gallery-item'>\n\t\t\t<div class='gallery-icon landscape'>\n\t\t\t\t<a href='https:\/\/www.rivera.gub.uy\/portal\/wp-content\/uploads\/2018\/10\/4.jpg'><img loading=\"lazy\" decoding=\"async\" width=\"144\" height=\"94\" src=\"https:\/\/www.rivera.gub.uy\/portal\/wp-content\/uploads\/2018\/10\/4-144x94.jpg\" class=\"attachment-thumbnail size-thumbnail\" alt=\"\" srcset=\"https:\/\/www.rivera.gub.uy\/portal\/wp-content\/uploads\/2018\/10\/4-144x94.jpg 144w, https:\/\/www.rivera.gub.uy\/portal\/wp-content\/uploads\/2018\/10\/4-288x188.jpg 288w, https:\/\/www.rivera.gub.uy\/portal\/wp-content\/uploads\/2018\/10\/4-768x501.jpg 768w, https:\/\/www.rivera.gub.uy\/portal\/wp-content\/uploads\/2018\/10\/4-960x626.jpg 960w, https:\/\/www.rivera.gub.uy\/portal\/wp-content\/uploads\/2018\/10\/4-820x535.jpg 820w\" sizes=\"auto, (max-width: 144px) 100vw, 144px\" \/><\/a>\n\t\t\t<\/div><\/figure>\n\t\t<\/div>\n\n<p>Se brind\u00f3 detalles de cada una de las actividades que realizar\u00e1n las Oficinas pertenecientes a la Direcci\u00f3n General de Promoci\u00f3n y Acci\u00f3n Social, en la cual participaran con una atractiva agenda: Museo de Artes Pl\u00e1sticas, Elenco de Teatro Departamental, Coro, Orquesta, Oficina del Adulto Mayor, completando las propuestas para toda la familia.<\/p>\n<p><iframe loading=\"lazy\" width=\"1160\" height=\"653\" src=\"https:\/\/www.youtube.com\/embed\/x1eWpmFLLtg?feature=oembed\" frameborder=\"0\" allow=\"autoplay; encrypted-media\" allowfullscreen><\/iframe><\/p>\n<p><strong>La Semana del Patrimonio se realizar\u00e1 del el 1\u00ba al 6 de octubre.<\/strong><\/p>\n<p><a href=\"http:\/\/www.rivera.gub.uy\/portal\/wp-content\/uploads\/2018\/10\/calendar.jpeg\"><img loading=\"lazy\" decoding=\"async\" class=\"aligncenter size-medium wp-image-11694\" src=\"http:\/\/www.rivera.gub.uy\/portal\/wp-content\/uploads\/2018\/10\/calendar-133x188.jpeg\" alt=\"\" width=\"133\" height=\"188\" srcset=\"https:\/\/www.rivera.gub.uy\/portal\/wp-content\/uploads\/2018\/10\/calendar-133x188.jpeg 133w, https:\/\/www.rivera.gub.uy\/portal\/wp-content\/uploads\/2018\/10\/calendar-67x94.jpeg 67w, https:\/\/www.rivera.gub.uy\/portal\/wp-content\/uploads\/2018\/10\/calendar-768x1085.jpeg 768w, https:\/\/www.rivera.gub.uy\/portal\/wp-content\/uploads\/2018\/10\/calendar-443x626.jpeg 443w, https:\/\/www.rivera.gub.uy\/portal\/wp-content\/uploads\/2018\/10\/calendar-820x1159.jpeg 820w, https:\/\/www.rivera.gub.uy\/portal\/wp-content\/uploads\/2018\/10\/calendar.jpeg 944w\" sizes=\"auto, (max-width: 133px) 100vw, 133px\" \/><\/a><\/p>\n","protected":false},"excerpt":{"rendered":"<p>En la ma\u00f1ana del d\u00eda 1\u00ba de octubre, en instalaciones del Museo del Patrimonio de Rivera, se dieron a conocer los detalles de programaci\u00f3n para lo que ser\u00e1 la \u201cSemana del Patrimonio\u201d.<\/p>\n","protected":false},"author":7,"featured_media":11693,"comment_status":"open","ping_status":"open","sticky":false,"template":"","format":"standard","meta":{"footnotes":""},"categories":[6,1],"tags":[36,858,256,857,33],"class_list":["post-11689","post","type-post","status-publish","format-standard","has-post-thumbnail","hentry","category-cultura","category-novedades","tag-intendencia","tag-mes","tag-museo","tag-patrimonio","tag-rivera"],"_links":{"self":[{"href":"https:\/\/www.rivera.gub.uy\/portal\/wp-json\/wp\/v2\/posts\/11689","targetHints":{"allow":["GET"]}}],"collection":[{"href":"https:\/\/www.rivera.gub.uy\/portal\/wp-json\/wp\/v2\/posts"}],"about":[{"href":"https:\/\/www.rivera.gub.uy\/portal\/wp-json\/wp\/v2\/types\/post"}],"author":[{"embeddable":true,"href":"https:\/\/www.rivera.gub.uy\/portal\/wp-json\/wp\/v2\/users\/7"}],"replies":[{"embeddable":true,"href":"https:\/\/www.rivera.gub.uy\/portal\/wp-json\/wp\/v2\/comments?post=11689"}],"version-history":[{"count":3,"href":"https:\/\/www.rivera.gub.uy\/portal\/wp-json\/wp\/v2\/posts\/11689\/revisions"}],"predecessor-version":[{"id":11699,"href":"https:\/\/www.rivera.gub.uy\/portal\/wp-json\/wp\/v2\/posts\/11689\/revisions\/11699"}],"wp:featuredmedia":[{"embeddable":true,"href":"https:\/\/www.rivera.gub.uy\/portal\/wp-json\/wp\/v2\/media\/11693"}],"wp:attachment":[{"href":"https:\/\/www.rivera.gub.uy\/portal\/wp-json\/wp\/v2\/media?parent=11689"}],"wp:term":[{"taxonomy":"category","embeddable":true,"href":"https:\/\/www.rivera.gub.uy\/portal\/wp-json\/wp\/v2\/categories?post=11689"},{"taxonomy":"post_tag","embeddable":true,"href":"https:\/\/www.rivera.gub.uy\/portal\/wp-json\/wp\/v2\/tags?post=11689"}],"curies":[{"name":"wp","href":"https:\/\/api.w.org\/{rel}","templated":true}]}}