{"id":11802,"date":"2018-10-10T10:12:23","date_gmt":"2018-10-10T12:12:23","guid":{"rendered":"http:\/\/www.rivera.gub.uy\/portal\/?p=11802"},"modified":"2018-10-11T10:59:08","modified_gmt":"2018-10-11T12:59:08","slug":"exito-total-fue-la-etapa-de-la-copa-truck-2018-en-rivera","status":"publish","type":"post","link":"https:\/\/www.rivera.gub.uy\/portal\/exito-total-fue-la-etapa-de-la-copa-truck-2018-en-rivera\/","title":{"rendered":"\u00c9xito total fue la etapa de la Copa Truck 2018, en Rivera"},"content":{"rendered":"<p>Un evento que quedar\u00e1 en la historia.<\/p>\n<p>Entre ruidos de motores acelerados, corazones palpitando, banderas multicolores y mucha adrenalina, se celebr\u00f3 la Copa Truck, en nuestra ciudad.<!--more--><br \/>\nCon un marco de p\u00fablico superior a las 28.000 personas, el Aut\u00f3dromo, Eduardo P. Cabrera, fue el anfitri\u00f3n de lujo para el m\u00e1s importante evento de competencias de camiones de Am\u00e9rica del sur.<\/p>\n<p>El espect\u00e1culo gener\u00f3 500 puestos de trabajo, bajo una organizaci\u00f3n que marc\u00f3 presencia en cada detalle, con el apoyo de la Intendencia Departamental de Rivera.<\/p>\n<p>El evento tuerca, atrajo a turistas de varios puntos de Uruguay y de Brasil en un fin de semana movido en la \u201cFrontera de la Paz\u201d.<\/p>\n<div id='gallery-1' class='gallery galleryid-11802 gallery-columns-3 gallery-size-thumbnail'><figure class='gallery-item'>\n\t\t\t<div class='gallery-icon landscape'>\n\t\t\t\t<a href='https:\/\/www.rivera.gub.uy\/portal\/wp-content\/uploads\/2018\/10\/1-6.jpg'><img loading=\"lazy\" decoding=\"async\" width=\"141\" height=\"94\" src=\"https:\/\/www.rivera.gub.uy\/portal\/wp-content\/uploads\/2018\/10\/1-6-141x94.jpg\" class=\"attachment-thumbnail size-thumbnail\" alt=\"\" srcset=\"https:\/\/www.rivera.gub.uy\/portal\/wp-content\/uploads\/2018\/10\/1-6-141x94.jpg 141w, https:\/\/www.rivera.gub.uy\/portal\/wp-content\/uploads\/2018\/10\/1-6-282x188.jpg 282w, https:\/\/www.rivera.gub.uy\/portal\/wp-content\/uploads\/2018\/10\/1-6-768x512.jpg 768w, https:\/\/www.rivera.gub.uy\/portal\/wp-content\/uploads\/2018\/10\/1-6-938x626.jpg 938w, https:\/\/www.rivera.gub.uy\/portal\/wp-content\/uploads\/2018\/10\/1-6-600x400.jpg 600w, https:\/\/www.rivera.gub.uy\/portal\/wp-content\/uploads\/2018\/10\/1-6-820x547.jpg 820w, https:\/\/www.rivera.gub.uy\/portal\/wp-content\/uploads\/2018\/10\/1-6-272x182.jpg 272w\" sizes=\"auto, (max-width: 141px) 100vw, 141px\" \/><\/a>\n\t\t\t<\/div><\/figure><figure class='gallery-item'>\n\t\t\t<div class='gallery-icon landscape'>\n\t\t\t\t<a href='https:\/\/www.rivera.gub.uy\/portal\/wp-content\/uploads\/2018\/10\/2-6.jpg'><img loading=\"lazy\" decoding=\"async\" width=\"141\" height=\"94\" src=\"https:\/\/www.rivera.gub.uy\/portal\/wp-content\/uploads\/2018\/10\/2-6-141x94.jpg\" class=\"attachment-thumbnail size-thumbnail\" alt=\"\" srcset=\"https:\/\/www.rivera.gub.uy\/portal\/wp-content\/uploads\/2018\/10\/2-6-141x94.jpg 141w, https:\/\/www.rivera.gub.uy\/portal\/wp-content\/uploads\/2018\/10\/2-6-282x188.jpg 282w, https:\/\/www.rivera.gub.uy\/portal\/wp-content\/uploads\/2018\/10\/2-6-768x512.jpg 768w, https:\/\/www.rivera.gub.uy\/portal\/wp-content\/uploads\/2018\/10\/2-6-938x626.jpg 938w, https:\/\/www.rivera.gub.uy\/portal\/wp-content\/uploads\/2018\/10\/2-6-600x400.jpg 600w, https:\/\/www.rivera.gub.uy\/portal\/wp-content\/uploads\/2018\/10\/2-6-820x547.jpg 820w, https:\/\/www.rivera.gub.uy\/portal\/wp-content\/uploads\/2018\/10\/2-6-272x182.jpg 272w\" sizes=\"auto, (max-width: 141px) 100vw, 141px\" \/><\/a>\n\t\t\t<\/div><\/figure><figure class='gallery-item'>\n\t\t\t<div class='gallery-icon landscape'>\n\t\t\t\t<a href='https:\/\/www.rivera.gub.uy\/portal\/wp-content\/uploads\/2018\/10\/3-6.jpg'><img loading=\"lazy\" decoding=\"async\" width=\"132\" height=\"94\" src=\"https:\/\/www.rivera.gub.uy\/portal\/wp-content\/uploads\/2018\/10\/3-6-132x94.jpg\" class=\"attachment-thumbnail size-thumbnail\" alt=\"\" srcset=\"https:\/\/www.rivera.gub.uy\/portal\/wp-content\/uploads\/2018\/10\/3-6-132x94.jpg 132w, https:\/\/www.rivera.gub.uy\/portal\/wp-content\/uploads\/2018\/10\/3-6-263x188.jpg 263w, https:\/\/www.rivera.gub.uy\/portal\/wp-content\/uploads\/2018\/10\/3-6-768x549.jpg 768w, https:\/\/www.rivera.gub.uy\/portal\/wp-content\/uploads\/2018\/10\/3-6-876x626.jpg 876w, https:\/\/www.rivera.gub.uy\/portal\/wp-content\/uploads\/2018\/10\/3-6-820x586.jpg 820w\" sizes=\"auto, (max-width: 132px) 100vw, 132px\" \/><\/a>\n\t\t\t<\/div><\/figure>\n\t\t<\/div>\n\n<p>Se cumplieron las expectativas del turismo interno, la gastronom\u00eda, la hoteler\u00eda y los \u201cFree Shop\u201d, donde miles y miles de turistas, pasearon, disfrutaron y consumieron, lo que ofrece la \u201cfrontera m\u00e1s hermana del mundo\u201d.<\/p>\n<p>El intendente, Dr. Marne Osorio, expres\u00f3 su satisfacci\u00f3n por un evento que viene marcando un antes y un despu\u00e9s \u201c\u2026la Copa Truck tiene la marca registrada de Rivera, estamos felices de recibirlos y esperemos que sigan realizando las competencias en nuestra ciudad\u201d.<\/p>\n<p>&nbsp;<\/p>\n<p><iframe loading=\"lazy\" width=\"1160\" height=\"653\" src=\"https:\/\/www.youtube.com\/embed\/QNxzHKpIomg?feature=oembed\" frameborder=\"0\" allow=\"autoplay; encrypted-media\" allowfullscreen><\/iframe><\/p>\n","protected":false},"excerpt":{"rendered":"<p>Un evento que quedar\u00e1 en la historia. Entre ruidos de motores acelerados, corazones palpitando, banderas multicolores y mucha adrenalina, se celebr\u00f3 la Copa Truck, en nuestra ciudad.<\/p>\n","protected":false},"author":7,"featured_media":11841,"comment_status":"open","ping_status":"open","sticky":false,"template":"","format":"standard","meta":{"footnotes":""},"categories":[3,1],"tags":[829,36,33],"class_list":["post-11802","post","type-post","status-publish","format-standard","has-post-thumbnail","hentry","category-multimedia","category-novedades","tag-copa-truck","tag-intendencia","tag-rivera"],"_links":{"self":[{"href":"https:\/\/www.rivera.gub.uy\/portal\/wp-json\/wp\/v2\/posts\/11802","targetHints":{"allow":["GET"]}}],"collection":[{"href":"https:\/\/www.rivera.gub.uy\/portal\/wp-json\/wp\/v2\/posts"}],"about":[{"href":"https:\/\/www.rivera.gub.uy\/portal\/wp-json\/wp\/v2\/types\/post"}],"author":[{"embeddable":true,"href":"https:\/\/www.rivera.gub.uy\/portal\/wp-json\/wp\/v2\/users\/7"}],"replies":[{"embeddable":true,"href":"https:\/\/www.rivera.gub.uy\/portal\/wp-json\/wp\/v2\/comments?post=11802"}],"version-history":[{"count":2,"href":"https:\/\/www.rivera.gub.uy\/portal\/wp-json\/wp\/v2\/posts\/11802\/revisions"}],"predecessor-version":[{"id":11818,"href":"https:\/\/www.rivera.gub.uy\/portal\/wp-json\/wp\/v2\/posts\/11802\/revisions\/11818"}],"wp:featuredmedia":[{"embeddable":true,"href":"https:\/\/www.rivera.gub.uy\/portal\/wp-json\/wp\/v2\/media\/11841"}],"wp:attachment":[{"href":"https:\/\/www.rivera.gub.uy\/portal\/wp-json\/wp\/v2\/media?parent=11802"}],"wp:term":[{"taxonomy":"category","embeddable":true,"href":"https:\/\/www.rivera.gub.uy\/portal\/wp-json\/wp\/v2\/categories?post=11802"},{"taxonomy":"post_tag","embeddable":true,"href":"https:\/\/www.rivera.gub.uy\/portal\/wp-json\/wp\/v2\/tags?post=11802"}],"curies":[{"name":"wp","href":"https:\/\/api.w.org\/{rel}","templated":true}]}}