{"id":12272,"date":"2018-11-13T14:57:27","date_gmt":"2018-11-13T16:57:27","guid":{"rendered":"https:\/\/www.rivera.gub.uy\/portal\/?p=12272"},"modified":"2018-11-13T14:59:21","modified_gmt":"2018-11-13T16:59:21","slug":"minas-de-corrales-gana-premio-pueblo-turistico-2018","status":"publish","type":"post","link":"https:\/\/www.rivera.gub.uy\/portal\/minas-de-corrales-gana-premio-pueblo-turistico-2018\/","title":{"rendered":"Minas de Corrales gana premio &#8220;Pueblo Tur\u00edstico 2018&#8221;"},"content":{"rendered":"<p>Proyecto a nivel pais convocado por MINTUR, elije a Minas de Corrales como &#8220;Pueblo Tur\u00edstico 2018&#8221;.<\/p>\n<p>Por ser el pueblo tur\u00edstico del a\u00f1o, Minas de Corrales fue premiado con 30.000 d\u00f3lares y adem\u00e1s, contar\u00e1 con promoci\u00f3n en todos los eventos a nivel nacional e internacional del Ministerio.<!--more--><\/p>\n<p>Dicho premio, ser\u00e1 destinado al acondicionamiento de la avenida principal.<\/p>\n<p>&#8220;El objetivo general es acondicionar unas 3 cuadras en la Avenida como un Pueblo Minero. Hacerlo sentir al visitante como un minero del siglo XIX, con la construcci\u00f3n de bancos, mesas, faroles, carteler\u00eda, todo con estilo minero&#8221;, explic\u00f3 el funcionario de la Alcald\u00eda, Hugo Pereira.<\/p>\n<div id='gallery-1' class='gallery galleryid-12272 gallery-columns-2 gallery-size-medium'><figure class='gallery-item'>\n\t\t\t<div class='gallery-icon landscape'>\n\t\t\t\t<a href='https:\/\/www.rivera.gub.uy\/portal\/wp-content\/uploads\/2018\/11\/1-5.jpg'><img loading=\"lazy\" decoding=\"async\" width=\"251\" height=\"188\" src=\"https:\/\/www.rivera.gub.uy\/portal\/wp-content\/uploads\/2018\/11\/1-5-251x188.jpg\" class=\"attachment-medium size-medium\" alt=\"\" srcset=\"https:\/\/www.rivera.gub.uy\/portal\/wp-content\/uploads\/2018\/11\/1-5-251x188.jpg 251w, https:\/\/www.rivera.gub.uy\/portal\/wp-content\/uploads\/2018\/11\/1-5-125x94.jpg 125w, https:\/\/www.rivera.gub.uy\/portal\/wp-content\/uploads\/2018\/11\/1-5-768x576.jpg 768w, https:\/\/www.rivera.gub.uy\/portal\/wp-content\/uploads\/2018\/11\/1-5-834x626.jpg 834w, https:\/\/www.rivera.gub.uy\/portal\/wp-content\/uploads\/2018\/11\/1-5-820x615.jpg 820w, https:\/\/www.rivera.gub.uy\/portal\/wp-content\/uploads\/2018\/11\/1-5.jpg 1377w\" sizes=\"auto, (max-width: 251px) 100vw, 251px\" \/><\/a>\n\t\t\t<\/div><\/figure><figure class='gallery-item'>\n\t\t\t<div class='gallery-icon landscape'>\n\t\t\t\t<a href='https:\/\/www.rivera.gub.uy\/portal\/wp-content\/uploads\/2018\/11\/2-6.jpg'><img loading=\"lazy\" decoding=\"async\" width=\"251\" height=\"188\" src=\"https:\/\/www.rivera.gub.uy\/portal\/wp-content\/uploads\/2018\/11\/2-6-251x188.jpg\" class=\"attachment-medium size-medium\" alt=\"\" srcset=\"https:\/\/www.rivera.gub.uy\/portal\/wp-content\/uploads\/2018\/11\/2-6-251x188.jpg 251w, https:\/\/www.rivera.gub.uy\/portal\/wp-content\/uploads\/2018\/11\/2-6-125x94.jpg 125w, https:\/\/www.rivera.gub.uy\/portal\/wp-content\/uploads\/2018\/11\/2-6-768x576.jpg 768w, https:\/\/www.rivera.gub.uy\/portal\/wp-content\/uploads\/2018\/11\/2-6-834x626.jpg 834w, https:\/\/www.rivera.gub.uy\/portal\/wp-content\/uploads\/2018\/11\/2-6-820x615.jpg 820w, https:\/\/www.rivera.gub.uy\/portal\/wp-content\/uploads\/2018\/11\/2-6.jpg 1389w\" sizes=\"auto, (max-width: 251px) 100vw, 251px\" \/><\/a>\n\t\t\t<\/div><\/figure>\n\t\t<\/div>\n\n","protected":false},"excerpt":{"rendered":"<p>Proyecto a nivel pais convocado por MINTUR, elije a Minas de Corrales como &#8220;Pueblo Tur\u00edstico 2018&#8221;. Por ser el pueblo tur\u00edstico del a\u00f1o, Minas de Corrales fue premiado con 30.000 d\u00f3lares y adem\u00e1s, contar\u00e1 con promoci\u00f3n en todos los eventos a nivel nacional e internacional del Ministerio.<\/p>\n","protected":false},"author":7,"featured_media":12275,"comment_status":"open","ping_status":"open","sticky":false,"template":"","format":"standard","meta":{"footnotes":""},"categories":[6,1,20],"tags":[],"class_list":["post-12272","post","type-post","status-publish","format-standard","has-post-thumbnail","hentry","category-cultura","category-novedades","category-turismo"],"_links":{"self":[{"href":"https:\/\/www.rivera.gub.uy\/portal\/wp-json\/wp\/v2\/posts\/12272","targetHints":{"allow":["GET"]}}],"collection":[{"href":"https:\/\/www.rivera.gub.uy\/portal\/wp-json\/wp\/v2\/posts"}],"about":[{"href":"https:\/\/www.rivera.gub.uy\/portal\/wp-json\/wp\/v2\/types\/post"}],"author":[{"embeddable":true,"href":"https:\/\/www.rivera.gub.uy\/portal\/wp-json\/wp\/v2\/users\/7"}],"replies":[{"embeddable":true,"href":"https:\/\/www.rivera.gub.uy\/portal\/wp-json\/wp\/v2\/comments?post=12272"}],"version-history":[{"count":3,"href":"https:\/\/www.rivera.gub.uy\/portal\/wp-json\/wp\/v2\/posts\/12272\/revisions"}],"predecessor-version":[{"id":12279,"href":"https:\/\/www.rivera.gub.uy\/portal\/wp-json\/wp\/v2\/posts\/12272\/revisions\/12279"}],"wp:featuredmedia":[{"embeddable":true,"href":"https:\/\/www.rivera.gub.uy\/portal\/wp-json\/wp\/v2\/media\/12275"}],"wp:attachment":[{"href":"https:\/\/www.rivera.gub.uy\/portal\/wp-json\/wp\/v2\/media?parent=12272"}],"wp:term":[{"taxonomy":"category","embeddable":true,"href":"https:\/\/www.rivera.gub.uy\/portal\/wp-json\/wp\/v2\/categories?post=12272"},{"taxonomy":"post_tag","embeddable":true,"href":"https:\/\/www.rivera.gub.uy\/portal\/wp-json\/wp\/v2\/tags?post=12272"}],"curies":[{"name":"wp","href":"https:\/\/api.w.org\/{rel}","templated":true}]}}