{"id":12447,"date":"2018-11-28T10:13:02","date_gmt":"2018-11-28T12:13:02","guid":{"rendered":"https:\/\/www.rivera.gub.uy\/portal\/?p=12447"},"modified":"2018-11-29T09:50:56","modified_gmt":"2018-11-29T11:50:56","slug":"se-inauguro-la-universidad-tecnologica-de-rivera","status":"publish","type":"post","link":"https:\/\/www.rivera.gub.uy\/portal\/se-inauguro-la-universidad-tecnologica-de-rivera\/","title":{"rendered":"Utec: la realidad de un logro de toda la frontera"},"content":{"rendered":"<p>La Construcci\u00f3n de logros desde la memoria.<\/p>\n<p>El pasado lunes 26 de noviembre, se realiz\u00f3 la inauguraci\u00f3n del la UTEC \u2013 Rivera, en<br \/>\nun hecho hist\u00f3rico para el departamento, la frontera y la regi\u00f3n, por las particularidades que tiene esta concreci\u00f3n material debido a la impronta binacional, que la hace \u00fanica en el pa\u00eds.<!--more--><\/p>\n<p>Esta nueva y moderna estructura edilicia, que se puede apreciar a las proximidades de la entrada de la ciudad, es hoy una realidad visible que comenz\u00f3 con una lucha de toda la comunidad de la frontera, llevada adelante desde el Gobierno Departamental y los Representantes Nacionales por el departamento de Rivera, en el a\u00f1o 2013.<\/p>\n<p>En la ceremonia inaugural, estuvo presente el Pte. de la Rep\u00fablica, Dr. Tabar\u00e9 V\u00e1quez,<br \/>\nel Intendente Dr. Marne Osorio, vice Pte. de la Rep\u00fablica, Luc\u00eda Topolansky, consejeros de UTEC y referentes de la Educaci\u00f3n Terciaria de Brasil y Uruguay.<\/p>\n<p><iframe loading=\"lazy\" width=\"1160\" height=\"653\" src=\"https:\/\/www.youtube.com\/embed\/GF37kWDNUVA?feature=oembed\" frameborder=\"0\" allow=\"accelerometer; autoplay; encrypted-media; gyroscope; picture-in-picture\" allowfullscreen><\/iframe><\/p>\n<h3>Haciendo memoria<\/h3>\n<p>Con la promulgaci\u00f3n de la Ley. 19.043, del 28 de diciembre de 2012, se aprueba para el interior del pa\u00eds la instalaci\u00f3n de la Universidad Tecnol\u00f3gica, que contar\u00eda con una sede central en el interior del pa\u00eds y desde el Gobierno Departamental de Rivera, en Resoluci\u00f3n N\u00ba 1014\/13, del 7 de febrero del 2013, se crea una Comisi\u00f3n Especial Departamental, con el objetivo de concretizar para nuestro departamento, la instalaci\u00f3n de un Instituto T\u00e9cnico Regional, dependiente de la Unidad Tecnol\u00f3gica del Uruguay.<\/p>\n<p><a href=\"https:\/\/www.rivera.gub.uy\/portal\/wp-content\/uploads\/2018\/11\/firma-utec.jpg\"><img loading=\"lazy\" decoding=\"async\" class=\"alignnone size-large wp-image-12504\" src=\"https:\/\/www.rivera.gub.uy\/portal\/wp-content\/uploads\/2018\/11\/firma-utec-876x626.jpg\" alt=\"\" width=\"876\" height=\"626\" srcset=\"https:\/\/www.rivera.gub.uy\/portal\/wp-content\/uploads\/2018\/11\/firma-utec-876x626.jpg 876w, https:\/\/www.rivera.gub.uy\/portal\/wp-content\/uploads\/2018\/11\/firma-utec-132x94.jpg 132w, https:\/\/www.rivera.gub.uy\/portal\/wp-content\/uploads\/2018\/11\/firma-utec-263x188.jpg 263w, https:\/\/www.rivera.gub.uy\/portal\/wp-content\/uploads\/2018\/11\/firma-utec-768x549.jpg 768w, https:\/\/www.rivera.gub.uy\/portal\/wp-content\/uploads\/2018\/11\/firma-utec-820x586.jpg 820w\" sizes=\"auto, (max-width: 876px) 100vw, 876px\" \/><\/a><\/p>\n<p>En una Campa\u00f1a de Recolecci\u00f3n de Firmas por la UTEC \u2013 Rivera, se levantaron 7000 firmas que fortalecieron adem\u00e1s, el aspecto de binacionalidad que deber\u00eda tener la instalaci\u00f3n de dicha universidad en el departamento en las negociaciones que se empezaban a realizar ante los organismos respectivos.<\/p>\n<p><a href=\"https:\/\/www.rivera.gub.uy\/portal\/wp-content\/uploads\/2018\/11\/foto-organismos-utec.jpg\"><img loading=\"lazy\" decoding=\"async\" class=\"alignnone size-large wp-image-12505\" src=\"https:\/\/www.rivera.gub.uy\/portal\/wp-content\/uploads\/2018\/11\/foto-organismos-utec-960x626.jpg\" alt=\"\" width=\"960\" height=\"626\" srcset=\"https:\/\/www.rivera.gub.uy\/portal\/wp-content\/uploads\/2018\/11\/foto-organismos-utec-960x626.jpg 960w, https:\/\/www.rivera.gub.uy\/portal\/wp-content\/uploads\/2018\/11\/foto-organismos-utec-144x94.jpg 144w, https:\/\/www.rivera.gub.uy\/portal\/wp-content\/uploads\/2018\/11\/foto-organismos-utec-288x188.jpg 288w, https:\/\/www.rivera.gub.uy\/portal\/wp-content\/uploads\/2018\/11\/foto-organismos-utec-768x501.jpg 768w, https:\/\/www.rivera.gub.uy\/portal\/wp-content\/uploads\/2018\/11\/foto-organismos-utec-820x535.jpg 820w\" sizes=\"auto, (max-width: 960px) 100vw, 960px\" \/><\/a><\/p>\n<h3>Concreci\u00f3n de esfuerzos<\/h3>\n<p>El d\u00eda 7 de noviembre de 2014, el Intendente Departamental de Rivera Marne Osorio Lima, realiza la confirmaci\u00f3n p\u00fablica del logro tan esperado por todos los riverenses,<br \/>\n\u201ceste d\u00eda quedar\u00e1 marcado en la historia de nuestro departamento. Hoy estamos anunciando la instalaci\u00f3n de la Sede Norte de la Universidad Tecnol\u00f3gica del Uruguay aqu\u00ed en Rivera. Estamos hablando de un proyecto que desde que comenz\u00f3 a gestarse, nosotros desde el Gobierno Departamental, comenzamos a generar un \u00e1mbito que convocase a todos los actores de nuestra comunidad para posicionar a nuestro departamento.\u201d<\/p>\n<p><a href=\"https:\/\/www.rivera.gub.uy\/portal\/wp-content\/uploads\/2018\/11\/reconocimiento.jpg\"><img loading=\"lazy\" decoding=\"async\" class=\"alignnone size-large wp-image-12506\" src=\"https:\/\/www.rivera.gub.uy\/portal\/wp-content\/uploads\/2018\/11\/reconocimiento-960x626.jpg\" alt=\"\" width=\"960\" height=\"626\" srcset=\"https:\/\/www.rivera.gub.uy\/portal\/wp-content\/uploads\/2018\/11\/reconocimiento-960x626.jpg 960w, https:\/\/www.rivera.gub.uy\/portal\/wp-content\/uploads\/2018\/11\/reconocimiento-144x94.jpg 144w, https:\/\/www.rivera.gub.uy\/portal\/wp-content\/uploads\/2018\/11\/reconocimiento-288x188.jpg 288w, https:\/\/www.rivera.gub.uy\/portal\/wp-content\/uploads\/2018\/11\/reconocimiento-768x501.jpg 768w, https:\/\/www.rivera.gub.uy\/portal\/wp-content\/uploads\/2018\/11\/reconocimiento-820x535.jpg 820w\" sizes=\"auto, (max-width: 960px) 100vw, 960px\" \/><\/a><\/p>\n<p>Hoy la Sede Norte de la Universidad Tecnol\u00f3gica de Rivera es una realidad que desde sus propuestas curriculares estar\u00e1 promoviendo la eliminaci\u00f3n de inequidades hist\u00f3ricas en el departamento acercando a nuestros j\u00f3venes posibilidades de una formaci\u00f3n terciaria donde el conocimiento est\u00e1 aplicado a la producci\u00f3n local y regional posibilitando la innovaci\u00f3n tecnol\u00f3gica desde la investigaci\u00f3n.<\/p>\n<p style=\"text-align: right\"><em>\u201cCon el conocimiento y la academia en los territorios<\/em><br \/>\n<em>es donde las inversiones se animan a llegar.\u201d<\/em><br \/>\n<em>Intendente Marne Osorio<\/em><br \/>\n<em>(Inauguraci\u00f3n UTEC-Rivera)<\/em><\/p>\n<p><a href=\"https:\/\/www.rivera.gub.uy\/portal\/wp-content\/uploads\/2018\/11\/imaguruacionutec.jpg\"><img loading=\"lazy\" decoding=\"async\" class=\"alignnone size-large wp-image-12507\" src=\"https:\/\/www.rivera.gub.uy\/portal\/wp-content\/uploads\/2018\/11\/imaguruacionutec-801x626.jpg\" alt=\"\" width=\"801\" height=\"626\" srcset=\"https:\/\/www.rivera.gub.uy\/portal\/wp-content\/uploads\/2018\/11\/imaguruacionutec-801x626.jpg 801w, https:\/\/www.rivera.gub.uy\/portal\/wp-content\/uploads\/2018\/11\/imaguruacionutec-120x94.jpg 120w, https:\/\/www.rivera.gub.uy\/portal\/wp-content\/uploads\/2018\/11\/imaguruacionutec-241x188.jpg 241w, https:\/\/www.rivera.gub.uy\/portal\/wp-content\/uploads\/2018\/11\/imaguruacionutec-768x600.jpg 768w, https:\/\/www.rivera.gub.uy\/portal\/wp-content\/uploads\/2018\/11\/imaguruacionutec-820x641.jpg 820w\" sizes=\"auto, (max-width: 801px) 100vw, 801px\" \/><\/a><\/p>\n<h3 align=\"justify\"><span style=\"font-family: Arial, sans-serif\"><span style=\"font-size: medium\">Un logro de todos<\/span><\/span><\/h3>\n<p>Ciertamente estamos ante un momento hist\u00f3rico para la formaci\u00f3n terciaria profesionalizante, pero tambi\u00e9n para el desarrollo del departamento y la regi\u00f3n, que posicionan a Rivera en un lugar de privilegio y destaque. \u201cEsto nos deja la enorme responsabilidad de aprovechar la oportunidad, fortaleciendo la gobernanza de toda la oferta educativa a nivel local, el gobierno en todos sus niveles, los empresarios, trabajadores y estudiantes,pues todo esto es nuestro\u201d, enfatiz\u00f3 en Intendente Osorio.<\/p>\n<p>Finalizado la oratoria protocolar de inauguraci\u00f3n se procedi\u00f3 a la firma del Convenio Anexo al protocolo de intenciones entre la Universidad Tecnol\u00f3gica, el Consejo de Educaci\u00f3n T\u00e9cnico Profesional &#8211; Universidad de Trabajo del Uruguay (CETP-UTU) y el Instituto Federal de Educaci\u00f3n, Ciencia y T\u00e9cnolog\u00eda Educaci\u00f3n, Ciencia y Tecnolog\u00eda Sul Rio-grandense. (IF-Sul).<\/p>\n<p><iframe loading=\"lazy\" width=\"1160\" height=\"653\" src=\"https:\/\/www.youtube.com\/embed\/LCJOfk-quag?start=7&#038;feature=oembed\" frameborder=\"0\" allow=\"accelerometer; autoplay; encrypted-media; gyroscope; picture-in-picture\" allowfullscreen><\/iframe><\/p>\n","protected":false},"excerpt":{"rendered":"<p>La Construcci\u00f3n de logros desde la memoria. El pasado lunes 26 de noviembre, se realiz\u00f3 la inauguraci\u00f3n del la UTEC \u2013 Rivera, en un hecho hist\u00f3rico para el departamento, la frontera y la regi\u00f3n, por las particularidades que tiene esta concreci\u00f3n material debido a la impronta binacional, que la hace \u00fanica en el pa\u00eds.<\/p>\n","protected":false},"author":7,"featured_media":12458,"comment_status":"open","ping_status":"open","sticky":false,"template":"","format":"standard","meta":{"footnotes":""},"categories":[3,1],"tags":[82,36,33,127],"class_list":["post-12447","post","type-post","status-publish","format-standard","has-post-thumbnail","hentry","category-multimedia","category-novedades","tag-inauguracion","tag-intendencia","tag-rivera","tag-utec"],"_links":{"self":[{"href":"https:\/\/www.rivera.gub.uy\/portal\/wp-json\/wp\/v2\/posts\/12447","targetHints":{"allow":["GET"]}}],"collection":[{"href":"https:\/\/www.rivera.gub.uy\/portal\/wp-json\/wp\/v2\/posts"}],"about":[{"href":"https:\/\/www.rivera.gub.uy\/portal\/wp-json\/wp\/v2\/types\/post"}],"author":[{"embeddable":true,"href":"https:\/\/www.rivera.gub.uy\/portal\/wp-json\/wp\/v2\/users\/7"}],"replies":[{"embeddable":true,"href":"https:\/\/www.rivera.gub.uy\/portal\/wp-json\/wp\/v2\/comments?post=12447"}],"version-history":[{"count":3,"href":"https:\/\/www.rivera.gub.uy\/portal\/wp-json\/wp\/v2\/posts\/12447\/revisions"}],"predecessor-version":[{"id":12508,"href":"https:\/\/www.rivera.gub.uy\/portal\/wp-json\/wp\/v2\/posts\/12447\/revisions\/12508"}],"wp:featuredmedia":[{"embeddable":true,"href":"https:\/\/www.rivera.gub.uy\/portal\/wp-json\/wp\/v2\/media\/12458"}],"wp:attachment":[{"href":"https:\/\/www.rivera.gub.uy\/portal\/wp-json\/wp\/v2\/media?parent=12447"}],"wp:term":[{"taxonomy":"category","embeddable":true,"href":"https:\/\/www.rivera.gub.uy\/portal\/wp-json\/wp\/v2\/categories?post=12447"},{"taxonomy":"post_tag","embeddable":true,"href":"https:\/\/www.rivera.gub.uy\/portal\/wp-json\/wp\/v2\/tags?post=12447"}],"curies":[{"name":"wp","href":"https:\/\/api.w.org\/{rel}","templated":true}]}}