{"id":12688,"date":"2018-12-10T18:37:11","date_gmt":"2018-12-10T20:37:11","guid":{"rendered":"https:\/\/www.rivera.gub.uy\/portal\/?p=12688"},"modified":"2018-12-10T18:37:11","modified_gmt":"2018-12-10T20:37:11","slug":"se-realizo-la-feria-arte-y-artesania-en-el-melancia-mall","status":"publish","type":"post","link":"https:\/\/www.rivera.gub.uy\/portal\/se-realizo-la-feria-arte-y-artesania-en-el-melancia-mall\/","title":{"rendered":"Se realiz\u00f3 la Feria \u201cArte y Artesan\u00eda\u201d, en el Melancia Mall"},"content":{"rendered":"<p>Se realiz\u00f3, en instalaciones del Shopping Melancia, la Feria de la ONG \u201cMujeres Empresarias y Profesionales de Rivera\u201d(MEPRI).<\/p>\n<p>Estuvieron presentes autoridades nacionales, departamentales y locales, que junto a las integrantes de MEPRI, encabezadas por Ximena Piqu\u00e9 Machado, procedieron a cortar la cinta que dej\u00f3 oficialmente inaugurada la Feria.<!--more-->\u201cArte y Artesan\u00eda\u201d es organizada por MEPRI, que ha logrado trasformase en una potente herramienta a disposici\u00f3n de las artistas y artesanas de la regi\u00f3n, con la finalidad de promocionar y comercializar sus productos.<\/p>\n<p>\u201cAc\u00e1 hay un gran trabajo realizado por las emprendedoras y sus familias. Queremos seguir brindando un mensaje de que podemos y que debemos estar en el emprendedurismo, en lo acad\u00e9mico, en lo pol\u00edtico , en la salud&#8230;. Y que somos las mejores, cuando planificamos y nos ponemos metas, adem\u00e1s somos solidarias y le ponemos amor\u201d, manifest\u00f3 Piqu\u00e9.<\/p>\n<div id='gallery-1' class='gallery galleryid-12688 gallery-columns-7 gallery-size-thumbnail'><figure class='gallery-item'>\n\t\t\t<div class='gallery-icon landscape'>\n\t\t\t\t<a href='https:\/\/www.rivera.gub.uy\/portal\/wp-content\/uploads\/2018\/12\/DSC_0038.jpg'><img loading=\"lazy\" decoding=\"async\" width=\"144\" height=\"94\" src=\"https:\/\/www.rivera.gub.uy\/portal\/wp-content\/uploads\/2018\/12\/DSC_0038-144x94.jpg\" class=\"attachment-thumbnail size-thumbnail\" alt=\"\" srcset=\"https:\/\/www.rivera.gub.uy\/portal\/wp-content\/uploads\/2018\/12\/DSC_0038-144x94.jpg 144w, https:\/\/www.rivera.gub.uy\/portal\/wp-content\/uploads\/2018\/12\/DSC_0038-288x188.jpg 288w, https:\/\/www.rivera.gub.uy\/portal\/wp-content\/uploads\/2018\/12\/DSC_0038-768x501.jpg 768w, https:\/\/www.rivera.gub.uy\/portal\/wp-content\/uploads\/2018\/12\/DSC_0038-960x626.jpg 960w, https:\/\/www.rivera.gub.uy\/portal\/wp-content\/uploads\/2018\/12\/DSC_0038-820x535.jpg 820w\" sizes=\"auto, (max-width: 144px) 100vw, 144px\" \/><\/a>\n\t\t\t<\/div><\/figure><figure class='gallery-item'>\n\t\t\t<div class='gallery-icon landscape'>\n\t\t\t\t<a href='https:\/\/www.rivera.gub.uy\/portal\/wp-content\/uploads\/2018\/12\/DSC_0047.jpg'><img loading=\"lazy\" decoding=\"async\" width=\"144\" height=\"94\" src=\"https:\/\/www.rivera.gub.uy\/portal\/wp-content\/uploads\/2018\/12\/DSC_0047-144x94.jpg\" class=\"attachment-thumbnail size-thumbnail\" alt=\"\" srcset=\"https:\/\/www.rivera.gub.uy\/portal\/wp-content\/uploads\/2018\/12\/DSC_0047-144x94.jpg 144w, https:\/\/www.rivera.gub.uy\/portal\/wp-content\/uploads\/2018\/12\/DSC_0047-288x188.jpg 288w, https:\/\/www.rivera.gub.uy\/portal\/wp-content\/uploads\/2018\/12\/DSC_0047-768x501.jpg 768w, https:\/\/www.rivera.gub.uy\/portal\/wp-content\/uploads\/2018\/12\/DSC_0047-960x626.jpg 960w, https:\/\/www.rivera.gub.uy\/portal\/wp-content\/uploads\/2018\/12\/DSC_0047-820x535.jpg 820w\" sizes=\"auto, (max-width: 144px) 100vw, 144px\" \/><\/a>\n\t\t\t<\/div><\/figure><figure class='gallery-item'>\n\t\t\t<div class='gallery-icon landscape'>\n\t\t\t\t<a href='https:\/\/www.rivera.gub.uy\/portal\/wp-content\/uploads\/2018\/12\/DSC_0057.jpg'><img loading=\"lazy\" decoding=\"async\" width=\"144\" height=\"94\" src=\"https:\/\/www.rivera.gub.uy\/portal\/wp-content\/uploads\/2018\/12\/DSC_0057-144x94.jpg\" class=\"attachment-thumbnail size-thumbnail\" alt=\"\" srcset=\"https:\/\/www.rivera.gub.uy\/portal\/wp-content\/uploads\/2018\/12\/DSC_0057-144x94.jpg 144w, https:\/\/www.rivera.gub.uy\/portal\/wp-content\/uploads\/2018\/12\/DSC_0057-288x188.jpg 288w, https:\/\/www.rivera.gub.uy\/portal\/wp-content\/uploads\/2018\/12\/DSC_0057-768x501.jpg 768w, https:\/\/www.rivera.gub.uy\/portal\/wp-content\/uploads\/2018\/12\/DSC_0057-960x626.jpg 960w, https:\/\/www.rivera.gub.uy\/portal\/wp-content\/uploads\/2018\/12\/DSC_0057-820x535.jpg 820w\" sizes=\"auto, (max-width: 144px) 100vw, 144px\" \/><\/a>\n\t\t\t<\/div><\/figure><figure class='gallery-item'>\n\t\t\t<div class='gallery-icon landscape'>\n\t\t\t\t<a href='https:\/\/www.rivera.gub.uy\/portal\/wp-content\/uploads\/2018\/12\/DSC_0086.jpg'><img loading=\"lazy\" decoding=\"async\" width=\"144\" height=\"94\" src=\"https:\/\/www.rivera.gub.uy\/portal\/wp-content\/uploads\/2018\/12\/DSC_0086-144x94.jpg\" class=\"attachment-thumbnail size-thumbnail\" alt=\"\" srcset=\"https:\/\/www.rivera.gub.uy\/portal\/wp-content\/uploads\/2018\/12\/DSC_0086-144x94.jpg 144w, https:\/\/www.rivera.gub.uy\/portal\/wp-content\/uploads\/2018\/12\/DSC_0086-288x188.jpg 288w, https:\/\/www.rivera.gub.uy\/portal\/wp-content\/uploads\/2018\/12\/DSC_0086-768x501.jpg 768w, https:\/\/www.rivera.gub.uy\/portal\/wp-content\/uploads\/2018\/12\/DSC_0086-960x626.jpg 960w, https:\/\/www.rivera.gub.uy\/portal\/wp-content\/uploads\/2018\/12\/DSC_0086-820x535.jpg 820w\" sizes=\"auto, (max-width: 144px) 100vw, 144px\" \/><\/a>\n\t\t\t<\/div><\/figure><figure class='gallery-item'>\n\t\t\t<div class='gallery-icon landscape'>\n\t\t\t\t<a href='https:\/\/www.rivera.gub.uy\/portal\/wp-content\/uploads\/2018\/12\/DSC_0087.jpg'><img loading=\"lazy\" decoding=\"async\" width=\"132\" height=\"94\" src=\"https:\/\/www.rivera.gub.uy\/portal\/wp-content\/uploads\/2018\/12\/DSC_0087-132x94.jpg\" class=\"attachment-thumbnail size-thumbnail\" alt=\"\" srcset=\"https:\/\/www.rivera.gub.uy\/portal\/wp-content\/uploads\/2018\/12\/DSC_0087-132x94.jpg 132w, https:\/\/www.rivera.gub.uy\/portal\/wp-content\/uploads\/2018\/12\/DSC_0087-263x188.jpg 263w, https:\/\/www.rivera.gub.uy\/portal\/wp-content\/uploads\/2018\/12\/DSC_0087-768x549.jpg 768w, https:\/\/www.rivera.gub.uy\/portal\/wp-content\/uploads\/2018\/12\/DSC_0087-876x626.jpg 876w, https:\/\/www.rivera.gub.uy\/portal\/wp-content\/uploads\/2018\/12\/DSC_0087-820x586.jpg 820w\" sizes=\"auto, (max-width: 132px) 100vw, 132px\" \/><\/a>\n\t\t\t<\/div><\/figure><figure class='gallery-item'>\n\t\t\t<div class='gallery-icon landscape'>\n\t\t\t\t<a href='https:\/\/www.rivera.gub.uy\/portal\/wp-content\/uploads\/2018\/12\/DSC_0095.jpg'><img loading=\"lazy\" decoding=\"async\" width=\"144\" height=\"94\" src=\"https:\/\/www.rivera.gub.uy\/portal\/wp-content\/uploads\/2018\/12\/DSC_0095-144x94.jpg\" class=\"attachment-thumbnail size-thumbnail\" alt=\"\" srcset=\"https:\/\/www.rivera.gub.uy\/portal\/wp-content\/uploads\/2018\/12\/DSC_0095-144x94.jpg 144w, https:\/\/www.rivera.gub.uy\/portal\/wp-content\/uploads\/2018\/12\/DSC_0095-288x188.jpg 288w, https:\/\/www.rivera.gub.uy\/portal\/wp-content\/uploads\/2018\/12\/DSC_0095-768x501.jpg 768w, https:\/\/www.rivera.gub.uy\/portal\/wp-content\/uploads\/2018\/12\/DSC_0095-960x626.jpg 960w, https:\/\/www.rivera.gub.uy\/portal\/wp-content\/uploads\/2018\/12\/DSC_0095-820x535.jpg 820w\" sizes=\"auto, (max-width: 144px) 100vw, 144px\" \/><\/a>\n\t\t\t<\/div><\/figure><figure class='gallery-item'>\n\t\t\t<div class='gallery-icon landscape'>\n\t\t\t\t<a href='https:\/\/www.rivera.gub.uy\/portal\/wp-content\/uploads\/2018\/12\/DSC_0131.jpg'><img loading=\"lazy\" decoding=\"async\" width=\"144\" height=\"94\" src=\"https:\/\/www.rivera.gub.uy\/portal\/wp-content\/uploads\/2018\/12\/DSC_0131-144x94.jpg\" class=\"attachment-thumbnail size-thumbnail\" alt=\"\" srcset=\"https:\/\/www.rivera.gub.uy\/portal\/wp-content\/uploads\/2018\/12\/DSC_0131-144x94.jpg 144w, https:\/\/www.rivera.gub.uy\/portal\/wp-content\/uploads\/2018\/12\/DSC_0131-288x188.jpg 288w, https:\/\/www.rivera.gub.uy\/portal\/wp-content\/uploads\/2018\/12\/DSC_0131-768x501.jpg 768w, https:\/\/www.rivera.gub.uy\/portal\/wp-content\/uploads\/2018\/12\/DSC_0131-960x626.jpg 960w, https:\/\/www.rivera.gub.uy\/portal\/wp-content\/uploads\/2018\/12\/DSC_0131-820x535.jpg 820w\" sizes=\"auto, (max-width: 144px) 100vw, 144px\" \/><\/a>\n\t\t\t<\/div><\/figure>\n\t\t<\/div>\n\n","protected":false},"excerpt":{"rendered":"<p>Se realiz\u00f3, en instalaciones del Shopping Melancia, la Feria de la ONG \u201cMujeres Empresarias y Profesionales de Rivera\u201d(MEPRI). Estuvieron presentes autoridades nacionales, departamentales y locales, que junto a las integrantes de MEPRI, encabezadas por Ximena Piqu\u00e9 Machado, procedieron a cortar la cinta que dej\u00f3 oficialmente inaugurada la Feria.<\/p>\n","protected":false},"author":7,"featured_media":12695,"comment_status":"open","ping_status":"open","sticky":false,"template":"","format":"standard","meta":{"footnotes":""},"categories":[9,1],"tags":[],"class_list":["post-12688","post","type-post","status-publish","format-standard","has-post-thumbnail","hentry","category-desarrollo-empresarial","category-novedades"],"_links":{"self":[{"href":"https:\/\/www.rivera.gub.uy\/portal\/wp-json\/wp\/v2\/posts\/12688","targetHints":{"allow":["GET"]}}],"collection":[{"href":"https:\/\/www.rivera.gub.uy\/portal\/wp-json\/wp\/v2\/posts"}],"about":[{"href":"https:\/\/www.rivera.gub.uy\/portal\/wp-json\/wp\/v2\/types\/post"}],"author":[{"embeddable":true,"href":"https:\/\/www.rivera.gub.uy\/portal\/wp-json\/wp\/v2\/users\/7"}],"replies":[{"embeddable":true,"href":"https:\/\/www.rivera.gub.uy\/portal\/wp-json\/wp\/v2\/comments?post=12688"}],"version-history":[{"count":1,"href":"https:\/\/www.rivera.gub.uy\/portal\/wp-json\/wp\/v2\/posts\/12688\/revisions"}],"predecessor-version":[{"id":12696,"href":"https:\/\/www.rivera.gub.uy\/portal\/wp-json\/wp\/v2\/posts\/12688\/revisions\/12696"}],"wp:featuredmedia":[{"embeddable":true,"href":"https:\/\/www.rivera.gub.uy\/portal\/wp-json\/wp\/v2\/media\/12695"}],"wp:attachment":[{"href":"https:\/\/www.rivera.gub.uy\/portal\/wp-json\/wp\/v2\/media?parent=12688"}],"wp:term":[{"taxonomy":"category","embeddable":true,"href":"https:\/\/www.rivera.gub.uy\/portal\/wp-json\/wp\/v2\/categories?post=12688"},{"taxonomy":"post_tag","embeddable":true,"href":"https:\/\/www.rivera.gub.uy\/portal\/wp-json\/wp\/v2\/tags?post=12688"}],"curies":[{"name":"wp","href":"https:\/\/api.w.org\/{rel}","templated":true}]}}