{"id":12883,"date":"2018-12-24T14:11:24","date_gmt":"2018-12-24T16:11:24","guid":{"rendered":"https:\/\/www.rivera.gub.uy\/portal\/?p=12883"},"modified":"2018-12-24T21:02:09","modified_gmt":"2018-12-24T23:02:09","slug":"nuevo-horario-de-recoleccion-selectiva-y-comun-de-residuos-por-las-tradicionales-fiestas","status":"publish","type":"post","link":"https:\/\/www.rivera.gub.uy\/portal\/nuevo-horario-de-recoleccion-selectiva-y-comun-de-residuos-por-las-tradicionales-fiestas\/","title":{"rendered":"Nuevo horario de recolecci\u00f3n selectiva y com\u00fan de residuos, por las tradicionales fiestas"},"content":{"rendered":"<p>La Direcci\u00f3n General de Desarrollo y Medio Ambiente, a trav\u00e9s de Divisi\u00f3n Higiene, hace saber que los d\u00edas martes 25 de diciembre 2018 y martes 1\u00b0 de enero 2019, no se realizar\u00e1n los servicios de recolecci\u00f3n domiciliaria, levante por calendario y recolecci\u00f3n selectiva.<!--more--><br \/>\nLos d\u00edas mi\u00e9rcoles 26 de diciembre 2018 y mi\u00e9rcoles 2 de enero 2019, se realizar\u00e1n los servicios normalmente, agregando un circuito<br \/>\nespecial, para atender contenedores por la ma\u00f1ana.<\/p>\n<p>Por la noche se atender\u00e1 la zona 1 ( Don Bosco, Cerro Marconi, Insausti) con servicio de recolecci\u00f3n selectiva y la zona 2, con servicio<br \/>\nde recolecci\u00f3n domiciliaria y selectiva simult\u00e1neamente.<\/p>\n<p>Por tal motivo se exhorta a la poblaci\u00f3n, sacar los residuos a la calle bien clasificados y en recipientes separados.<\/p>\n","protected":false},"excerpt":{"rendered":"<p>La Direcci\u00f3n General de Desarrollo y Medio Ambiente, a trav\u00e9s de Divisi\u00f3n Higiene, hace saber que los d\u00edas martes 25 de diciembre 2018 y martes 1\u00b0 de enero 2019, no se realizar\u00e1n los servicios de recolecci\u00f3n domiciliaria, levante por calendario y recolecci\u00f3n selectiva.<\/p>\n","protected":false},"author":7,"featured_media":12882,"comment_status":"open","ping_status":"open","sticky":false,"template":"","format":"standard","meta":{"footnotes":""},"categories":[1],"tags":[199,36,882,33],"class_list":["post-12883","post","type-post","status-publish","format-standard","has-post-thumbnail","hentry","category-novedades","tag-higiene","tag-intendencia","tag-recoleccion","tag-rivera"],"_links":{"self":[{"href":"https:\/\/www.rivera.gub.uy\/portal\/wp-json\/wp\/v2\/posts\/12883","targetHints":{"allow":["GET"]}}],"collection":[{"href":"https:\/\/www.rivera.gub.uy\/portal\/wp-json\/wp\/v2\/posts"}],"about":[{"href":"https:\/\/www.rivera.gub.uy\/portal\/wp-json\/wp\/v2\/types\/post"}],"author":[{"embeddable":true,"href":"https:\/\/www.rivera.gub.uy\/portal\/wp-json\/wp\/v2\/users\/7"}],"replies":[{"embeddable":true,"href":"https:\/\/www.rivera.gub.uy\/portal\/wp-json\/wp\/v2\/comments?post=12883"}],"version-history":[{"count":2,"href":"https:\/\/www.rivera.gub.uy\/portal\/wp-json\/wp\/v2\/posts\/12883\/revisions"}],"predecessor-version":[{"id":12886,"href":"https:\/\/www.rivera.gub.uy\/portal\/wp-json\/wp\/v2\/posts\/12883\/revisions\/12886"}],"wp:featuredmedia":[{"embeddable":true,"href":"https:\/\/www.rivera.gub.uy\/portal\/wp-json\/wp\/v2\/media\/12882"}],"wp:attachment":[{"href":"https:\/\/www.rivera.gub.uy\/portal\/wp-json\/wp\/v2\/media?parent=12883"}],"wp:term":[{"taxonomy":"category","embeddable":true,"href":"https:\/\/www.rivera.gub.uy\/portal\/wp-json\/wp\/v2\/categories?post=12883"},{"taxonomy":"post_tag","embeddable":true,"href":"https:\/\/www.rivera.gub.uy\/portal\/wp-json\/wp\/v2\/tags?post=12883"}],"curies":[{"name":"wp","href":"https:\/\/api.w.org\/{rel}","templated":true}]}}