{"id":13477,"date":"2019-02-14T16:09:43","date_gmt":"2019-02-14T18:09:43","guid":{"rendered":"https:\/\/www.rivera.gub.uy\/portal\/?p=13477"},"modified":"2019-02-14T16:13:01","modified_gmt":"2019-02-14T18:13:01","slug":"eleccion-de-reyes-del-carnaval-2019","status":"publish","type":"post","link":"https:\/\/www.rivera.gub.uy\/portal\/eleccion-de-reyes-del-carnaval-2019\/","title":{"rendered":"Elecci\u00f3n de Reyes del Carnaval 2019"},"content":{"rendered":"<p>El domingo 17 de febrero, a la hora 20.00, en el Teatro Municipal, se elige Rey y Reina del Carnaval de Rivera 2019.<\/p>\n<p>A pocas semanas del inicio del Carnaval 2019, la Intendencia Departamental de Rivera, a trav\u00e9s de Div. Turismo y la Comisi\u00f3n de Carnaval, trabajan arduamente y sin pausa, para concretar el \u201cCarnaval que quieren los riverenses\u201d.<br \/>\nLuego de muchas reuniones y debates, que comenzaron en abril de 2018 y contaron con la presencia de representantes de los vecinos, de las instituciones y del gobierno departamental, el pueblo Rivera, tendr\u00e1 una fiesta popular con variadas opciones.<!--more--><\/p>\n<p>El Director, de Divisi\u00f3n Turismo de la IDR, Lic. Carlos Martorell, inform\u00f3 que: \u201cEstamos trabajando con los detalles del Carnaval 2019, con los desfiles por\u00a0Av. Sarand\u00ed, d\u00edas 8 y 9 de marzo y tambi\u00e9n con los 6 tablados que estar\u00e1n participando desde el d\u00eda 3, hasta el d\u00eda 9 de marzo, en diferentes barrios.<\/p>\n<div id='gallery-1' class='gallery galleryid-13477 gallery-columns-5 gallery-size-thumbnail'><figure class='gallery-item'>\n\t\t\t<div class='gallery-icon portrait'>\n\t\t\t\t<a href='https:\/\/www.rivera.gub.uy\/portal\/wp-content\/uploads\/2019\/02\/DSC_0056.jpg'><img loading=\"lazy\" decoding=\"async\" width=\"67\" height=\"94\" src=\"https:\/\/www.rivera.gub.uy\/portal\/wp-content\/uploads\/2019\/02\/DSC_0056-67x94.jpg\" class=\"attachment-thumbnail size-thumbnail\" alt=\"\" srcset=\"https:\/\/www.rivera.gub.uy\/portal\/wp-content\/uploads\/2019\/02\/DSC_0056-67x94.jpg 67w, https:\/\/www.rivera.gub.uy\/portal\/wp-content\/uploads\/2019\/02\/DSC_0056-134x188.jpg 134w, https:\/\/www.rivera.gub.uy\/portal\/wp-content\/uploads\/2019\/02\/DSC_0056-768x1075.jpg 768w, https:\/\/www.rivera.gub.uy\/portal\/wp-content\/uploads\/2019\/02\/DSC_0056-447x626.jpg 447w, https:\/\/www.rivera.gub.uy\/portal\/wp-content\/uploads\/2019\/02\/DSC_0056-820x1148.jpg 820w, https:\/\/www.rivera.gub.uy\/portal\/wp-content\/uploads\/2019\/02\/DSC_0056.jpg 1800w\" sizes=\"auto, (max-width: 67px) 100vw, 67px\" \/><\/a>\n\t\t\t<\/div><\/figure><figure class='gallery-item'>\n\t\t\t<div class='gallery-icon portrait'>\n\t\t\t\t<a href='https:\/\/www.rivera.gub.uy\/portal\/wp-content\/uploads\/2019\/02\/DSC_0065.jpg'><img loading=\"lazy\" decoding=\"async\" width=\"67\" height=\"94\" src=\"https:\/\/www.rivera.gub.uy\/portal\/wp-content\/uploads\/2019\/02\/DSC_0065-67x94.jpg\" class=\"attachment-thumbnail size-thumbnail\" alt=\"\" srcset=\"https:\/\/www.rivera.gub.uy\/portal\/wp-content\/uploads\/2019\/02\/DSC_0065-67x94.jpg 67w, https:\/\/www.rivera.gub.uy\/portal\/wp-content\/uploads\/2019\/02\/DSC_0065-134x188.jpg 134w, https:\/\/www.rivera.gub.uy\/portal\/wp-content\/uploads\/2019\/02\/DSC_0065-768x1075.jpg 768w, https:\/\/www.rivera.gub.uy\/portal\/wp-content\/uploads\/2019\/02\/DSC_0065-447x626.jpg 447w, https:\/\/www.rivera.gub.uy\/portal\/wp-content\/uploads\/2019\/02\/DSC_0065-820x1148.jpg 820w, https:\/\/www.rivera.gub.uy\/portal\/wp-content\/uploads\/2019\/02\/DSC_0065.jpg 1800w\" sizes=\"auto, (max-width: 67px) 100vw, 67px\" \/><\/a>\n\t\t\t<\/div><\/figure><figure class='gallery-item'>\n\t\t\t<div class='gallery-icon portrait'>\n\t\t\t\t<a href='https:\/\/www.rivera.gub.uy\/portal\/wp-content\/uploads\/2019\/02\/DSC_0079.jpg'><img loading=\"lazy\" decoding=\"async\" width=\"67\" height=\"94\" src=\"https:\/\/www.rivera.gub.uy\/portal\/wp-content\/uploads\/2019\/02\/DSC_0079-67x94.jpg\" class=\"attachment-thumbnail size-thumbnail\" alt=\"\" srcset=\"https:\/\/www.rivera.gub.uy\/portal\/wp-content\/uploads\/2019\/02\/DSC_0079-67x94.jpg 67w, https:\/\/www.rivera.gub.uy\/portal\/wp-content\/uploads\/2019\/02\/DSC_0079-134x188.jpg 134w, https:\/\/www.rivera.gub.uy\/portal\/wp-content\/uploads\/2019\/02\/DSC_0079-768x1075.jpg 768w, https:\/\/www.rivera.gub.uy\/portal\/wp-content\/uploads\/2019\/02\/DSC_0079-447x626.jpg 447w, https:\/\/www.rivera.gub.uy\/portal\/wp-content\/uploads\/2019\/02\/DSC_0079-820x1148.jpg 820w, https:\/\/www.rivera.gub.uy\/portal\/wp-content\/uploads\/2019\/02\/DSC_0079.jpg 1800w\" sizes=\"auto, (max-width: 67px) 100vw, 67px\" \/><\/a>\n\t\t\t<\/div><\/figure><figure class='gallery-item'>\n\t\t\t<div class='gallery-icon portrait'>\n\t\t\t\t<a href='https:\/\/www.rivera.gub.uy\/portal\/wp-content\/uploads\/2019\/02\/DSC_0094.jpg'><img loading=\"lazy\" decoding=\"async\" width=\"67\" height=\"94\" src=\"https:\/\/www.rivera.gub.uy\/portal\/wp-content\/uploads\/2019\/02\/DSC_0094-67x94.jpg\" class=\"attachment-thumbnail size-thumbnail\" alt=\"\" srcset=\"https:\/\/www.rivera.gub.uy\/portal\/wp-content\/uploads\/2019\/02\/DSC_0094-67x94.jpg 67w, https:\/\/www.rivera.gub.uy\/portal\/wp-content\/uploads\/2019\/02\/DSC_0094-134x188.jpg 134w, https:\/\/www.rivera.gub.uy\/portal\/wp-content\/uploads\/2019\/02\/DSC_0094-768x1075.jpg 768w, https:\/\/www.rivera.gub.uy\/portal\/wp-content\/uploads\/2019\/02\/DSC_0094-447x626.jpg 447w, https:\/\/www.rivera.gub.uy\/portal\/wp-content\/uploads\/2019\/02\/DSC_0094-820x1148.jpg 820w, https:\/\/www.rivera.gub.uy\/portal\/wp-content\/uploads\/2019\/02\/DSC_0094.jpg 1800w\" sizes=\"auto, (max-width: 67px) 100vw, 67px\" \/><\/a>\n\t\t\t<\/div><\/figure><figure class='gallery-item'>\n\t\t\t<div class='gallery-icon portrait'>\n\t\t\t\t<a href='https:\/\/www.rivera.gub.uy\/portal\/wp-content\/uploads\/2019\/02\/DSC_0110.jpg'><img loading=\"lazy\" decoding=\"async\" width=\"67\" height=\"94\" src=\"https:\/\/www.rivera.gub.uy\/portal\/wp-content\/uploads\/2019\/02\/DSC_0110-67x94.jpg\" class=\"attachment-thumbnail size-thumbnail\" alt=\"\" srcset=\"https:\/\/www.rivera.gub.uy\/portal\/wp-content\/uploads\/2019\/02\/DSC_0110-67x94.jpg 67w, https:\/\/www.rivera.gub.uy\/portal\/wp-content\/uploads\/2019\/02\/DSC_0110-134x188.jpg 134w, https:\/\/www.rivera.gub.uy\/portal\/wp-content\/uploads\/2019\/02\/DSC_0110-768x1075.jpg 768w, https:\/\/www.rivera.gub.uy\/portal\/wp-content\/uploads\/2019\/02\/DSC_0110-447x626.jpg 447w, https:\/\/www.rivera.gub.uy\/portal\/wp-content\/uploads\/2019\/02\/DSC_0110-820x1148.jpg 820w, https:\/\/www.rivera.gub.uy\/portal\/wp-content\/uploads\/2019\/02\/DSC_0110.jpg 1800w\" sizes=\"auto, (max-width: 67px) 100vw, 67px\" \/><\/a>\n\t\t\t<\/div><\/figure><figure class='gallery-item'>\n\t\t\t<div class='gallery-icon portrait'>\n\t\t\t\t<a href='https:\/\/www.rivera.gub.uy\/portal\/wp-content\/uploads\/2019\/02\/DSC_0127.jpg'><img loading=\"lazy\" decoding=\"async\" width=\"67\" height=\"94\" src=\"https:\/\/www.rivera.gub.uy\/portal\/wp-content\/uploads\/2019\/02\/DSC_0127-67x94.jpg\" class=\"attachment-thumbnail size-thumbnail\" alt=\"\" srcset=\"https:\/\/www.rivera.gub.uy\/portal\/wp-content\/uploads\/2019\/02\/DSC_0127-67x94.jpg 67w, https:\/\/www.rivera.gub.uy\/portal\/wp-content\/uploads\/2019\/02\/DSC_0127-134x188.jpg 134w, https:\/\/www.rivera.gub.uy\/portal\/wp-content\/uploads\/2019\/02\/DSC_0127-768x1075.jpg 768w, https:\/\/www.rivera.gub.uy\/portal\/wp-content\/uploads\/2019\/02\/DSC_0127-447x626.jpg 447w, https:\/\/www.rivera.gub.uy\/portal\/wp-content\/uploads\/2019\/02\/DSC_0127-820x1148.jpg 820w, https:\/\/www.rivera.gub.uy\/portal\/wp-content\/uploads\/2019\/02\/DSC_0127.jpg 1800w\" sizes=\"auto, (max-width: 67px) 100vw, 67px\" \/><\/a>\n\t\t\t<\/div><\/figure><figure class='gallery-item'>\n\t\t\t<div class='gallery-icon portrait'>\n\t\t\t\t<a href='https:\/\/www.rivera.gub.uy\/portal\/wp-content\/uploads\/2019\/02\/DSC_0138.jpg'><img loading=\"lazy\" decoding=\"async\" width=\"67\" height=\"94\" src=\"https:\/\/www.rivera.gub.uy\/portal\/wp-content\/uploads\/2019\/02\/DSC_0138-67x94.jpg\" class=\"attachment-thumbnail size-thumbnail\" alt=\"\" srcset=\"https:\/\/www.rivera.gub.uy\/portal\/wp-content\/uploads\/2019\/02\/DSC_0138-67x94.jpg 67w, https:\/\/www.rivera.gub.uy\/portal\/wp-content\/uploads\/2019\/02\/DSC_0138-134x188.jpg 134w, https:\/\/www.rivera.gub.uy\/portal\/wp-content\/uploads\/2019\/02\/DSC_0138-768x1075.jpg 768w, https:\/\/www.rivera.gub.uy\/portal\/wp-content\/uploads\/2019\/02\/DSC_0138-447x626.jpg 447w, https:\/\/www.rivera.gub.uy\/portal\/wp-content\/uploads\/2019\/02\/DSC_0138-820x1148.jpg 820w, https:\/\/www.rivera.gub.uy\/portal\/wp-content\/uploads\/2019\/02\/DSC_0138.jpg 1800w\" sizes=\"auto, (max-width: 67px) 100vw, 67px\" \/><\/a>\n\t\t\t<\/div><\/figure><figure class='gallery-item'>\n\t\t\t<div class='gallery-icon portrait'>\n\t\t\t\t<a href='https:\/\/www.rivera.gub.uy\/portal\/wp-content\/uploads\/2019\/02\/DSC_0155.jpg'><img loading=\"lazy\" decoding=\"async\" width=\"67\" height=\"94\" src=\"https:\/\/www.rivera.gub.uy\/portal\/wp-content\/uploads\/2019\/02\/DSC_0155-67x94.jpg\" class=\"attachment-thumbnail size-thumbnail\" alt=\"\" srcset=\"https:\/\/www.rivera.gub.uy\/portal\/wp-content\/uploads\/2019\/02\/DSC_0155-67x94.jpg 67w, https:\/\/www.rivera.gub.uy\/portal\/wp-content\/uploads\/2019\/02\/DSC_0155-134x188.jpg 134w, https:\/\/www.rivera.gub.uy\/portal\/wp-content\/uploads\/2019\/02\/DSC_0155-768x1075.jpg 768w, https:\/\/www.rivera.gub.uy\/portal\/wp-content\/uploads\/2019\/02\/DSC_0155-447x626.jpg 447w, https:\/\/www.rivera.gub.uy\/portal\/wp-content\/uploads\/2019\/02\/DSC_0155-820x1148.jpg 820w, https:\/\/www.rivera.gub.uy\/portal\/wp-content\/uploads\/2019\/02\/DSC_0155.jpg 1800w\" sizes=\"auto, (max-width: 67px) 100vw, 67px\" \/><\/a>\n\t\t\t<\/div><\/figure><figure class='gallery-item'>\n\t\t\t<div class='gallery-icon portrait'>\n\t\t\t\t<a href='https:\/\/www.rivera.gub.uy\/portal\/wp-content\/uploads\/2019\/02\/DSC_0172.jpg'><img loading=\"lazy\" decoding=\"async\" width=\"67\" height=\"94\" src=\"https:\/\/www.rivera.gub.uy\/portal\/wp-content\/uploads\/2019\/02\/DSC_0172-67x94.jpg\" class=\"attachment-thumbnail size-thumbnail\" alt=\"\" srcset=\"https:\/\/www.rivera.gub.uy\/portal\/wp-content\/uploads\/2019\/02\/DSC_0172-67x94.jpg 67w, https:\/\/www.rivera.gub.uy\/portal\/wp-content\/uploads\/2019\/02\/DSC_0172-134x188.jpg 134w, https:\/\/www.rivera.gub.uy\/portal\/wp-content\/uploads\/2019\/02\/DSC_0172-768x1075.jpg 768w, https:\/\/www.rivera.gub.uy\/portal\/wp-content\/uploads\/2019\/02\/DSC_0172-447x626.jpg 447w, https:\/\/www.rivera.gub.uy\/portal\/wp-content\/uploads\/2019\/02\/DSC_0172-820x1148.jpg 820w, https:\/\/www.rivera.gub.uy\/portal\/wp-content\/uploads\/2019\/02\/DSC_0172.jpg 1800w\" sizes=\"auto, (max-width: 67px) 100vw, 67px\" \/><\/a>\n\t\t\t<\/div><\/figure><figure class='gallery-item'>\n\t\t\t<div class='gallery-icon landscape'>\n\t\t\t\t<a href='https:\/\/www.rivera.gub.uy\/portal\/wp-content\/uploads\/2019\/02\/DSC_0871.jpg'><img loading=\"lazy\" decoding=\"async\" width=\"132\" height=\"94\" src=\"https:\/\/www.rivera.gub.uy\/portal\/wp-content\/uploads\/2019\/02\/DSC_0871-132x94.jpg\" class=\"attachment-thumbnail size-thumbnail\" alt=\"\" srcset=\"https:\/\/www.rivera.gub.uy\/portal\/wp-content\/uploads\/2019\/02\/DSC_0871-132x94.jpg 132w, https:\/\/www.rivera.gub.uy\/portal\/wp-content\/uploads\/2019\/02\/DSC_0871-263x188.jpg 263w, https:\/\/www.rivera.gub.uy\/portal\/wp-content\/uploads\/2019\/02\/DSC_0871-768x549.jpg 768w, https:\/\/www.rivera.gub.uy\/portal\/wp-content\/uploads\/2019\/02\/DSC_0871-876x626.jpg 876w, https:\/\/www.rivera.gub.uy\/portal\/wp-content\/uploads\/2019\/02\/DSC_0871-820x586.jpg 820w\" sizes=\"auto, (max-width: 132px) 100vw, 132px\" \/><\/a>\n\t\t\t<\/div><\/figure>\n\t\t<\/div>\n\n<p>Este domingo, 17 de febrero, a la hora 20.00, en el Teatro Municipal, estaremos realizando el certamen para elegir Reina y Rey del Carnaval de Rivera, 2019. Ser\u00e1n 7, las candidatas al t\u00edtulo de Reina y 2, candidatos a Rey Momo.<br \/>\nPara animar este evento, contaremos con la presencia de mini-baterias de las\u00a0Escolas de Samba de Rivera y cuerda de tambores de Comparsas de Negros y Lubolos. Invitamos a todos a participar de esta gran fiesta, la entrada es gratuita.\u201d<\/p>\n<p>Las candidatas a Reina son:<\/p>\n<ul>\n<li>Ceci Brum de Los Santos<\/li>\n<li>Valeria Fontes<\/li>\n<li>Priscila N\u00fa\u00f1ez<\/li>\n<li>Bruna Escobar<\/li>\n<li>Chesica Olivera<\/li>\n<li>Alexandra Flores<\/li>\n<li>Ali Zamit<\/li>\n<\/ul>\n<p>Los candidatos a Rey Momo son:<\/p>\n<ul>\n<li>Jos\u00e9 Viana<\/li>\n<li>Alejandro Macedo<\/li>\n<\/ul>\n<p><iframe loading=\"lazy\" width=\"1160\" height=\"653\" src=\"https:\/\/www.youtube.com\/embed\/P5OgoQZkotk?feature=oembed\" frameborder=\"0\" allow=\"accelerometer; autoplay; encrypted-media; gyroscope; picture-in-picture\" allowfullscreen><\/iframe><\/p>\n","protected":false},"excerpt":{"rendered":"<p>El domingo 17 de febrero, a la hora 20.00, en el Teatro Municipal, se elige Rey y Reina del Carnaval de Rivera 2019. A pocas semanas del inicio del Carnaval 2019, la Intendencia Departamental de Rivera, a trav\u00e9s de Div. Turismo y la Comisi\u00f3n de Carnaval, trabajan arduamente y sin pausa, para concretar el \u201cCarnaval [&hellip;]<\/p>\n","protected":false},"author":7,"featured_media":13487,"comment_status":"open","ping_status":"open","sticky":false,"template":"","format":"standard","meta":{"footnotes":""},"categories":[3,1],"tags":[928,396,938,36,798,939,33],"class_list":["post-13477","post","type-post","status-publish","format-standard","has-post-thumbnail","hentry","category-multimedia","category-novedades","tag-928","tag-carnaval","tag-elecccion","tag-intendencia","tag-reina","tag-rey","tag-rivera"],"_links":{"self":[{"href":"https:\/\/www.rivera.gub.uy\/portal\/wp-json\/wp\/v2\/posts\/13477","targetHints":{"allow":["GET"]}}],"collection":[{"href":"https:\/\/www.rivera.gub.uy\/portal\/wp-json\/wp\/v2\/posts"}],"about":[{"href":"https:\/\/www.rivera.gub.uy\/portal\/wp-json\/wp\/v2\/types\/post"}],"author":[{"embeddable":true,"href":"https:\/\/www.rivera.gub.uy\/portal\/wp-json\/wp\/v2\/users\/7"}],"replies":[{"embeddable":true,"href":"https:\/\/www.rivera.gub.uy\/portal\/wp-json\/wp\/v2\/comments?post=13477"}],"version-history":[{"count":1,"href":"https:\/\/www.rivera.gub.uy\/portal\/wp-json\/wp\/v2\/posts\/13477\/revisions"}],"predecessor-version":[{"id":13488,"href":"https:\/\/www.rivera.gub.uy\/portal\/wp-json\/wp\/v2\/posts\/13477\/revisions\/13488"}],"wp:featuredmedia":[{"embeddable":true,"href":"https:\/\/www.rivera.gub.uy\/portal\/wp-json\/wp\/v2\/media\/13487"}],"wp:attachment":[{"href":"https:\/\/www.rivera.gub.uy\/portal\/wp-json\/wp\/v2\/media?parent=13477"}],"wp:term":[{"taxonomy":"category","embeddable":true,"href":"https:\/\/www.rivera.gub.uy\/portal\/wp-json\/wp\/v2\/categories?post=13477"},{"taxonomy":"post_tag","embeddable":true,"href":"https:\/\/www.rivera.gub.uy\/portal\/wp-json\/wp\/v2\/tags?post=13477"}],"curies":[{"name":"wp","href":"https:\/\/api.w.org\/{rel}","templated":true}]}}