{"id":13597,"date":"2019-02-21T15:43:29","date_gmt":"2019-02-21T17:43:29","guid":{"rendered":"https:\/\/www.rivera.gub.uy\/portal\/?p=13597"},"modified":"2019-02-21T15:46:30","modified_gmt":"2019-02-21T17:46:30","slug":"division-tributos-de-la-idr-informa-sobre-los-proximos-vencimientos","status":"publish","type":"post","link":"https:\/\/www.rivera.gub.uy\/portal\/division-tributos-de-la-idr-informa-sobre-los-proximos-vencimientos\/","title":{"rendered":"Divisi\u00f3n Tributos de la IDR,  informa sobre los pr\u00f3ximos vencimientos"},"content":{"rendered":"<p>La contribuci\u00f3n puede abonarse en Rivera a trav\u00e9s de cualquier red de cobranza, habiendo impreso, previamente, la <a href=\"https:\/\/www.rivera.gub.uy\/portal\/contribucion\/\" target=\"_blank\" rel=\"noopener\">prefactura<\/a>.<!--more--><\/p>\n<p>Desde la Direcci\u00f3n General de Hacienda, de la Intendencia de Rivera, la Directora de divisi\u00f3n Tributos, Mariela Villagr\u00e1n, informa los pr\u00f3ximos vencimientos y hace un peque\u00f1o balance de estos primeros meses del a\u00f1o 2019;<br \/>\n\u201cLa recaudaci\u00f3n a sido buena, la gente concurre a tiempo y aprovecha las bonificaciones por buen pagador y pago adelantado. Siempre escuchamos a los contribuyentes y buscamos soluciones dentro de las diferentes opciones que tenemos\u201d.<\/p>\n<div id='gallery-1' class='gallery galleryid-13597 gallery-columns-2 gallery-size-thumbnail'><figure class='gallery-item'>\n\t\t\t<div class='gallery-icon landscape'>\n\t\t\t\t<a href='https:\/\/www.rivera.gub.uy\/portal\/wp-content\/uploads\/2019\/02\/1-8.jpg'><img loading=\"lazy\" decoding=\"async\" width=\"132\" height=\"94\" src=\"https:\/\/www.rivera.gub.uy\/portal\/wp-content\/uploads\/2019\/02\/1-8-132x94.jpg\" class=\"attachment-thumbnail size-thumbnail\" alt=\"\" srcset=\"https:\/\/www.rivera.gub.uy\/portal\/wp-content\/uploads\/2019\/02\/1-8-132x94.jpg 132w, https:\/\/www.rivera.gub.uy\/portal\/wp-content\/uploads\/2019\/02\/1-8-263x188.jpg 263w, https:\/\/www.rivera.gub.uy\/portal\/wp-content\/uploads\/2019\/02\/1-8-768x549.jpg 768w, https:\/\/www.rivera.gub.uy\/portal\/wp-content\/uploads\/2019\/02\/1-8-876x626.jpg 876w, https:\/\/www.rivera.gub.uy\/portal\/wp-content\/uploads\/2019\/02\/1-8-820x586.jpg 820w\" sizes=\"auto, (max-width: 132px) 100vw, 132px\" \/><\/a>\n\t\t\t<\/div><\/figure><figure class='gallery-item'>\n\t\t\t<div class='gallery-icon landscape'>\n\t\t\t\t<a href='https:\/\/www.rivera.gub.uy\/portal\/wp-content\/uploads\/2019\/02\/2-9.jpg'><img loading=\"lazy\" decoding=\"async\" width=\"132\" height=\"94\" src=\"https:\/\/www.rivera.gub.uy\/portal\/wp-content\/uploads\/2019\/02\/2-9-132x94.jpg\" class=\"attachment-thumbnail size-thumbnail\" alt=\"\" srcset=\"https:\/\/www.rivera.gub.uy\/portal\/wp-content\/uploads\/2019\/02\/2-9-132x94.jpg 132w, https:\/\/www.rivera.gub.uy\/portal\/wp-content\/uploads\/2019\/02\/2-9-263x188.jpg 263w, https:\/\/www.rivera.gub.uy\/portal\/wp-content\/uploads\/2019\/02\/2-9-768x549.jpg 768w, https:\/\/www.rivera.gub.uy\/portal\/wp-content\/uploads\/2019\/02\/2-9-876x626.jpg 876w, https:\/\/www.rivera.gub.uy\/portal\/wp-content\/uploads\/2019\/02\/2-9-820x586.jpg 820w\" sizes=\"auto, (max-width: 132px) 100vw, 132px\" \/><\/a>\n\t\t\t<\/div><\/figure>\n\t\t<\/div>\n\n<p><strong>Calendario de vencimientos:<\/strong><\/p>\n<ul>\n<li>Contribuci\u00f3n Inmobiliaria Urbana y Suburbana\n<ul>\n<li>Plan 12 cuotas &#8211; 3\u00ba cuota vencimiento d\u00eda mi\u00e9rcoles 20 de marzo<\/li>\n<li>Plan 4 cuotas &#8211; 1\u00ba cuota vencimiento d\u00eda mi\u00e9rcoles 20 de marzo<\/li>\n<\/ul>\n<\/li>\n<li>Contribuci\u00f3n Inmobiliaria Rural &#8211; vence el 20 de abril de 2019.<\/li>\n<li><a href=\"http:\/\/www.sucive.gub.uy\/\" target=\"_blank\" rel=\"noopener\">SUCIVE<\/a> &#8211; 2\u00ba cuota vencimiento d\u00eda mi\u00e9rcoles 20 de marzo<\/li>\n<li>Permiso de Circulaci\u00f3n\n<ul>\n<li>1\u00ba cuota &#8211; vencimiento aplazado para el d\u00eda mi\u00e9rcoles 20 de marzo.<\/li>\n<\/ul>\n<\/li>\n<li>Convenios\n<ul>\n<li>Jueves 28 de febrero<\/li>\n<li>Viernes 29 de marzo<\/li>\n<\/ul>\n<\/li>\n<\/ul>\n<p>La atenci\u00f3n al p\u00fablico, es de lunes a viernes, de 08:15hs a 14:45hs ( horario de\u00a0cierre de caja recaudadora).<\/p>\n<p>Los pagos de la patente de rodados, pueden realizarse ingresando a\u00a0<a href=\"http:\/\/www.sucive.gub.uy\/\" target=\"_blank\" rel=\"noopener\">www.sucive.gub.uy<\/a><\/p>\n","protected":false},"excerpt":{"rendered":"<p>La contribuci\u00f3n puede abonarse en Rivera a trav\u00e9s de cualquier red de cobranza, habiendo impreso, previamente, la prefactura.<\/p>\n","protected":false},"author":7,"featured_media":13599,"comment_status":"open","ping_status":"open","sticky":false,"template":"","format":"standard","meta":{"footnotes":""},"categories":[26,1,22],"tags":[431,432,36,944,33,116,943],"class_list":["post-13597","post","type-post","status-publish","format-standard","has-post-thumbnail","hentry","category-hacienda","category-novedades","category-vencimientos","tag-contribucion","tag-inmobiliaria","tag-intendencia","tag-patente-de-rodado","tag-rivera","tag-rural","tag-sucive"],"_links":{"self":[{"href":"https:\/\/www.rivera.gub.uy\/portal\/wp-json\/wp\/v2\/posts\/13597","targetHints":{"allow":["GET"]}}],"collection":[{"href":"https:\/\/www.rivera.gub.uy\/portal\/wp-json\/wp\/v2\/posts"}],"about":[{"href":"https:\/\/www.rivera.gub.uy\/portal\/wp-json\/wp\/v2\/types\/post"}],"author":[{"embeddable":true,"href":"https:\/\/www.rivera.gub.uy\/portal\/wp-json\/wp\/v2\/users\/7"}],"replies":[{"embeddable":true,"href":"https:\/\/www.rivera.gub.uy\/portal\/wp-json\/wp\/v2\/comments?post=13597"}],"version-history":[{"count":1,"href":"https:\/\/www.rivera.gub.uy\/portal\/wp-json\/wp\/v2\/posts\/13597\/revisions"}],"predecessor-version":[{"id":13600,"href":"https:\/\/www.rivera.gub.uy\/portal\/wp-json\/wp\/v2\/posts\/13597\/revisions\/13600"}],"wp:featuredmedia":[{"embeddable":true,"href":"https:\/\/www.rivera.gub.uy\/portal\/wp-json\/wp\/v2\/media\/13599"}],"wp:attachment":[{"href":"https:\/\/www.rivera.gub.uy\/portal\/wp-json\/wp\/v2\/media?parent=13597"}],"wp:term":[{"taxonomy":"category","embeddable":true,"href":"https:\/\/www.rivera.gub.uy\/portal\/wp-json\/wp\/v2\/categories?post=13597"},{"taxonomy":"post_tag","embeddable":true,"href":"https:\/\/www.rivera.gub.uy\/portal\/wp-json\/wp\/v2\/tags?post=13597"}],"curies":[{"name":"wp","href":"https:\/\/api.w.org\/{rel}","templated":true}]}}