{"id":13684,"date":"2019-02-27T12:17:35","date_gmt":"2019-02-27T14:17:35","guid":{"rendered":"https:\/\/www.rivera.gub.uy\/portal\/?p=13684"},"modified":"2019-02-27T13:42:06","modified_gmt":"2019-02-27T15:42:06","slug":"con-entusiasmo-se-lanza-el-carnaval-de-rivera-2019-miguel-white","status":"publish","type":"post","link":"https:\/\/www.rivera.gub.uy\/portal\/con-entusiasmo-se-lanza-el-carnaval-de-rivera-2019-miguel-white\/","title":{"rendered":"Con entusiasmo se lanza el Carnaval de Rivera 2019, \u201cMiguel White\u201d"},"content":{"rendered":"<p>&#8220;Rivera siempre a demostrado que el carnaval en la frontera es diferente y \u00fanico&#8221;<\/p>\n<p>El Intendente de Rivera, siente que se est\u00e1 relanzando el Carnaval hist\u00f3rico del departamento, \u201caqu\u00ed el verdadero protagonista es el pueblo de Rivera, donde hay que disfrutarlo en familia con paz y alegr\u00eda\u201d.<!--more--><\/p>\n<p>En la ma\u00f1ana del martes 26 de febrero, se realiz\u00f3 el lanzamiento del Carnaval de Rivera 2019 \u201cMiguel White\u201d.<br \/>\nEl Intendente, Dr. Marne Osorio, junto a el Secretario General, el Director General de Promoci\u00f3n y Acci\u00f3n Social, el Director de Turismo, el Presidente de la Comisi\u00f3n de Carnaval, Lucas Sugo, Rey y Reinas del Carnaval , autoridades civiles y militares; periodistas y p\u00fablico en general, se dieron cita en el tercer piso de la Intendencia de Rivera, con un clima de mucha expectativa y entusiasmo por el \u201crenacer\u201d del Carnaval en la frontera.<\/p>\n<p>El Director de Turismo, Lic. Carlos Martorel, inform\u00f3: \u201cLos riverenses tendr\u00e1n la oportunidad de mostrar sus cualidades y capacidades art\u00edsticas, que nos diferencian de otros, el viernes 8 y s\u00e1bado 9 de marzo, a partir de las 20:30hs\u201d&#8230; \u201cm\u00e1s de 2000 personas desfilar\u00e1n en la avenida principal, (comparsas, escolas, y se suman las Gincanas Inter-juvenil Departamental), terminando con un baile popular en Plaza Artigas; el viernes 8, con la Orquesta Departamental de Rivera y S\u00f3 Gaita\u00e7o, el s\u00e1bado 9, con Lucas Sugo y Bryan Alvez\u201d.<\/p>\n<div id='gallery-1' class='gallery galleryid-13684 gallery-columns-3 gallery-size-thumbnail'><figure class='gallery-item'>\n\t\t\t<div class='gallery-icon landscape'>\n\t\t\t\t<a href='https:\/\/www.rivera.gub.uy\/portal\/wp-content\/uploads\/2019\/02\/1-13.jpg'><img loading=\"lazy\" decoding=\"async\" width=\"144\" height=\"94\" src=\"https:\/\/www.rivera.gub.uy\/portal\/wp-content\/uploads\/2019\/02\/1-13-144x94.jpg\" class=\"attachment-thumbnail size-thumbnail\" alt=\"\" srcset=\"https:\/\/www.rivera.gub.uy\/portal\/wp-content\/uploads\/2019\/02\/1-13-144x94.jpg 144w, https:\/\/www.rivera.gub.uy\/portal\/wp-content\/uploads\/2019\/02\/1-13-288x188.jpg 288w, https:\/\/www.rivera.gub.uy\/portal\/wp-content\/uploads\/2019\/02\/1-13-768x501.jpg 768w, https:\/\/www.rivera.gub.uy\/portal\/wp-content\/uploads\/2019\/02\/1-13-960x626.jpg 960w, https:\/\/www.rivera.gub.uy\/portal\/wp-content\/uploads\/2019\/02\/1-13-820x535.jpg 820w\" sizes=\"auto, (max-width: 144px) 100vw, 144px\" \/><\/a>\n\t\t\t<\/div><\/figure><figure class='gallery-item'>\n\t\t\t<div class='gallery-icon landscape'>\n\t\t\t\t<a href='https:\/\/www.rivera.gub.uy\/portal\/wp-content\/uploads\/2019\/02\/2-14.jpg'><img loading=\"lazy\" decoding=\"async\" width=\"144\" height=\"94\" src=\"https:\/\/www.rivera.gub.uy\/portal\/wp-content\/uploads\/2019\/02\/2-14-144x94.jpg\" class=\"attachment-thumbnail size-thumbnail\" alt=\"\" srcset=\"https:\/\/www.rivera.gub.uy\/portal\/wp-content\/uploads\/2019\/02\/2-14-144x94.jpg 144w, https:\/\/www.rivera.gub.uy\/portal\/wp-content\/uploads\/2019\/02\/2-14-288x188.jpg 288w, https:\/\/www.rivera.gub.uy\/portal\/wp-content\/uploads\/2019\/02\/2-14-768x501.jpg 768w, https:\/\/www.rivera.gub.uy\/portal\/wp-content\/uploads\/2019\/02\/2-14-960x626.jpg 960w, https:\/\/www.rivera.gub.uy\/portal\/wp-content\/uploads\/2019\/02\/2-14-820x535.jpg 820w\" sizes=\"auto, (max-width: 144px) 100vw, 144px\" \/><\/a>\n\t\t\t<\/div><\/figure><figure class='gallery-item'>\n\t\t\t<div class='gallery-icon landscape'>\n\t\t\t\t<a href='https:\/\/www.rivera.gub.uy\/portal\/wp-content\/uploads\/2019\/02\/3-11.jpg'><img loading=\"lazy\" decoding=\"async\" width=\"132\" height=\"94\" src=\"https:\/\/www.rivera.gub.uy\/portal\/wp-content\/uploads\/2019\/02\/3-11-132x94.jpg\" class=\"attachment-thumbnail size-thumbnail\" alt=\"\" srcset=\"https:\/\/www.rivera.gub.uy\/portal\/wp-content\/uploads\/2019\/02\/3-11-132x94.jpg 132w, https:\/\/www.rivera.gub.uy\/portal\/wp-content\/uploads\/2019\/02\/3-11-263x188.jpg 263w, https:\/\/www.rivera.gub.uy\/portal\/wp-content\/uploads\/2019\/02\/3-11-768x549.jpg 768w, https:\/\/www.rivera.gub.uy\/portal\/wp-content\/uploads\/2019\/02\/3-11-876x626.jpg 876w, https:\/\/www.rivera.gub.uy\/portal\/wp-content\/uploads\/2019\/02\/3-11-820x586.jpg 820w\" sizes=\"auto, (max-width: 132px) 100vw, 132px\" \/><\/a>\n\t\t\t<\/div><\/figure>\n\t\t<\/div>\n\n<p><strong>Sillas para el desfile por Av. Sarand\u00ed<\/strong><\/p>\n<p>En una sola fila de 1.500 sillas, con un costo de $50 pesos, se abonan en el momento y el 40% de lo recaudado es volcado a la Asociaci\u00f3n Down de Rivera.<\/p>\n<p>El Carnaval de Tranqueras, ser\u00e1n los d\u00edas 2 y 3 de marzo, tambi\u00e9n se vive el carnaval en Vichadero y Minas de Corrales.<\/p>\n<p><a href=\"https:\/\/www.rivera.gub.uy\/portal\/evento\/tablados-carnaval-2019-miguel-white\/\" target=\"_blank\" rel=\"noopener\"><strong>Tablados:\u00a0<\/strong><\/a><\/p>\n<p>Con cuatro actuaciones diarias, 22 agrupaciones actuar\u00e1n a partir de las 21:00hs, desde el 3 al 9 de marzo 2019, en los barrios Tres Cruces, Rivera Chico, Rampla, Bisio, Misiones y Melancia.<br \/>\n\u201cRivera siempre a demostrado que el carnaval en la frontera es diferente y \u00fanico\u201d, as\u00ed lo expres\u00f3 el Director de Turismo.<\/p>\n<p><strong>El Renacer del Carnaval en Rivera<\/strong><\/p>\n<p>El Intendente de Rivera, Dr. Marne Osorio, record\u00f3: \u201cme enorgullece mucho ver el nombre de mi compa\u00f1ero de escuela Miguel White, un merecido homenaje a Miguelito\u201d, destac\u00f3 adem\u00e1s el sentimiento que se vive en los barrios previo al desfile, \u201cregres\u00f3 el sentimiento de pertenencia, es el gran activo del Carnaval 2019 de Rivera\u201d.<\/p>\n<p><iframe loading=\"lazy\" width=\"1160\" height=\"653\" src=\"https:\/\/www.youtube.com\/embed\/azp8wEZrSys?feature=oembed\" frameborder=\"0\" allow=\"accelerometer; autoplay; encrypted-media; gyroscope; picture-in-picture\" allowfullscreen><\/iframe><\/p>\n","protected":false},"excerpt":{"rendered":"<p>&#8220;Rivera siempre a demostrado que el carnaval en la frontera es diferente y \u00fanico&#8221; El Intendente de Rivera, siente que se est\u00e1 relanzando el Carnaval hist\u00f3rico del departamento, \u201caqu\u00ed el verdadero protagonista es el pueblo de Rivera, donde hay que disfrutarlo en familia con paz y alegr\u00eda\u201d.<\/p>\n","protected":false},"author":7,"featured_media":13687,"comment_status":"open","ping_status":"open","sticky":false,"template":"","format":"standard","meta":{"footnotes":""},"categories":[6,3,1,20],"tags":[928,396,258,36,951,33,952],"class_list":["post-13684","post","type-post","status-publish","format-standard","has-post-thumbnail","hentry","category-cultura","category-multimedia","category-novedades","category-turismo","tag-928","tag-carnaval","tag-desfile","tag-intendencia","tag-miguel-white","tag-rivera","tag-tablados"],"_links":{"self":[{"href":"https:\/\/www.rivera.gub.uy\/portal\/wp-json\/wp\/v2\/posts\/13684","targetHints":{"allow":["GET"]}}],"collection":[{"href":"https:\/\/www.rivera.gub.uy\/portal\/wp-json\/wp\/v2\/posts"}],"about":[{"href":"https:\/\/www.rivera.gub.uy\/portal\/wp-json\/wp\/v2\/types\/post"}],"author":[{"embeddable":true,"href":"https:\/\/www.rivera.gub.uy\/portal\/wp-json\/wp\/v2\/users\/7"}],"replies":[{"embeddable":true,"href":"https:\/\/www.rivera.gub.uy\/portal\/wp-json\/wp\/v2\/comments?post=13684"}],"version-history":[{"count":6,"href":"https:\/\/www.rivera.gub.uy\/portal\/wp-json\/wp\/v2\/posts\/13684\/revisions"}],"predecessor-version":[{"id":13706,"href":"https:\/\/www.rivera.gub.uy\/portal\/wp-json\/wp\/v2\/posts\/13684\/revisions\/13706"}],"wp:featuredmedia":[{"embeddable":true,"href":"https:\/\/www.rivera.gub.uy\/portal\/wp-json\/wp\/v2\/media\/13687"}],"wp:attachment":[{"href":"https:\/\/www.rivera.gub.uy\/portal\/wp-json\/wp\/v2\/media?parent=13684"}],"wp:term":[{"taxonomy":"category","embeddable":true,"href":"https:\/\/www.rivera.gub.uy\/portal\/wp-json\/wp\/v2\/categories?post=13684"},{"taxonomy":"post_tag","embeddable":true,"href":"https:\/\/www.rivera.gub.uy\/portal\/wp-json\/wp\/v2\/tags?post=13684"}],"curies":[{"name":"wp","href":"https:\/\/api.w.org\/{rel}","templated":true}]}}