{"id":13721,"date":"2019-02-28T16:15:26","date_gmt":"2019-02-28T18:15:26","guid":{"rendered":"https:\/\/www.rivera.gub.uy\/portal\/?p=13721"},"modified":"2021-06-01T10:24:19","modified_gmt":"2021-06-01T13:24:19","slug":"plan-de-desarrollo-y-ordenamiento-territorial-de-minas-de-corrales","status":"publish","type":"post","link":"https:\/\/www.rivera.gub.uy\/portal\/plan-de-desarrollo-y-ordenamiento-territorial-de-minas-de-corrales\/","title":{"rendered":"Plan de desarrollo y ordenamiento territorial de Minas de Corrales"},"content":{"rendered":"<p>El Plan de Desarrollo y Ordenamiento Territorial para la Villa de Minas de Corrales y su \u00e1rea de<br \/>\ninfluencia constituye un instrumento sustantivo de la pol\u00edtica municipal y departamental.<\/p>\n<p>El mismo es elaborado por el Ejecutivo Departamental en estrecha coordinaci\u00f3n con el<br \/>\nMunicipio. Su aprobaci\u00f3n corresponde al Gobierno Departamental.<!--more--><br \/>\nExpresa las Directrices Estrat\u00e9gicas, Programas y Proyectos prioritarios de la Intendencia y del<br \/>\nMunicipio. Su confecci\u00f3n contempla, en forma realista, las expectativas de la poblaci\u00f3n, los<br \/>\ncompromisos esperables de los actores sociales, econ\u00f3micos e institucionales y la voluntad del<br \/>\nGobierno en impulsar procesos de desarrollo en forma integrada y sostenida.<\/p>\n<p>El Gobierno Departamental, el Municipio, las organizaciones locales y la poblaci\u00f3n en su<br \/>\nconjunto, al contar con el Plan de Desarrollo y Ordenamiento Territorial poseen un documento<br \/>\ns\u00f3lido para:<\/p>\n<ul>\n<li>Aglutinar en torno a \u00e9ste a la ciudadan\u00eda, para la cual el Plan ha de ser una \u201cbandera\u201d a<br \/>\nseguir por las sucesivas generaciones para la construcci\u00f3n de una calidad de vida<br \/>\ncreciente.<\/li>\n<li>Guiar las acciones de la Intendencia y del Municipio, de sus Direcciones y Departamentos,<br \/>\ndesde una visi\u00f3n integrada: obras, desarrollo econ\u00f3mico y social, servicios, urbanismo y<br \/>\nordenamiento territorial, cultura, turismo.<\/li>\n<li>Orientar las estrategias particulares de las organizaciones locales hacia objetivos de<br \/>\ndesarrollo, convergentes y complementarios.<\/li>\n<li>Ejercer el control normativo de las actividades, usos y obras (p\u00fablicas o privadas) en las<br \/>\ndiferentes zonas, un cuerpo normativo vinculado a los condicionamientos a la propiedad<br \/>\ninmueble: fraccionamientos, edificaci\u00f3n, usos del suelo, protecci\u00f3n ambiental, protecci\u00f3n<br \/>\npatrimonial y dem\u00e1s determinaciones an\u00e1logas.<\/li>\n<li>Gestionar en forma eficiente el territorio mediante un cuerpo instrumental: gerenciamiento,<br \/>\nrecursos, programas, fortalecimiento institucional, convenios, monitoreo ambiental.<\/li>\n<li>Respaldar con fundamentos de peso las solicitudes de apoyos, de financiamientos,<br \/>\nestablecimiento de convenios, en los diferentes \u00e1mbitos nacional e internacional,<br \/>\nmostrando que cada programa, proyecto o plan especial se vincula, coherentemente, con<br \/>\nuna pol\u00edtica de Estado y con un compromiso de la comunidad en su conjunto.<\/li>\n<\/ul>\n<p>El proceso de elaboraci\u00f3n del Plan de Desarrollo y Ordenamiento Territorial de la villa de Minas de Corrales se enmarca en los procedimientos establecidos por la ley 18.308 de ordenamiento territorial y desarrollo sostenible, correspondiendo al tipo de instrumento denominado Plan local. Sus contenidos y estructura se enmarcan en la Ordenanza departamental de desarrollo y ordenamiento territorial 3\/07.<\/p>\n<p>Plan (<a href=\"https:\/\/www.rivera.gub.uy\/portal\/wp-content\/uploads\/2019\/02\/1-PLAN-MINAS-DE-CORRALES-27-05-2019-baja.pdf\" target=\"_blank\" rel=\"noopener noreferrer\">descargar<\/a>)<\/p>\n<p>Memoria (<a href=\"https:\/\/www.rivera.gub.uy\/portal\/wp-content\/uploads\/2019\/02\/PLAN-MINAS-DE-CORRALES-MEMORIA-PARTICIPACION.pdf\" target=\"_blank\" rel=\"noopener noreferrer\">descargar<\/a>)<\/p>\n<p>IAE Minas de Corrales (<a href=\"https:\/\/www.rivera.gub.uy\/portal\/wp-content\/uploads\/2019\/02\/2-IAE-MINAS-DE-CORRALES-27-05-2019_baja.pdf\" target=\"_blank\" rel=\"noopener noreferrer\">descargar<\/a>)<\/p>\n<p>L\u00e1minas Plan OT Minas de Corrales (<a href=\"https:\/\/drive.google.com\/open?id=1-zHT6l1tSIsn25H1Ky-6JR-LpHxPOsMz\" target=\"_blank\" rel=\"noopener noreferrer\">descargar<\/a>)<\/p>\n<p>Ficha Normativa (<a href=\"https:\/\/www.rivera.gub.uy\/portal\/wp-content\/uploads\/2019\/02\/FICHA-NORMATIVA-MINAS-DE-CORRALES.pdf\" target=\"_blank\" rel=\"noopener noreferrer\">descargar<\/a>)<\/p>\n<p>Ficha SNAP H11 Minas de Corrales (<a href=\"https:\/\/www.rivera.gub.uy\/portal\/wp-content\/uploads\/2019\/02\/5-FICHA-SNAP-H11-Minas-de-Corrales.pdf\" target=\"_blank\" rel=\"noopener noreferrer\">descargar<\/a>)<\/p>\n","protected":false},"excerpt":{"rendered":"<p>El Plan de Desarrollo y Ordenamiento Territorial para la Villa de Minas de Corrales y su \u00e1rea de influencia constituye un instrumento sustantivo de la pol\u00edtica municipal y departamental. El mismo es elaborado por el Ejecutivo Departamental en estrecha coordinaci\u00f3n con el Municipio. Su aprobaci\u00f3n corresponde al Gobierno Departamental.<\/p>\n","protected":false},"author":7,"featured_media":13641,"comment_status":"open","ping_status":"open","sticky":false,"template":"","format":"standard","meta":{"footnotes":""},"categories":[1257,17,1,29],"tags":[36,73,484,954,33,937],"class_list":["post-13721","post","type-post","status-publish","format-standard","has-post-thumbnail","hentry","category-i-o-t-aprobados-plan-de-ordenamiento-territorial","category-normativa","category-novedades","category-plan-de-ordenamiento-territorial","tag-intendencia","tag-minas-de-corrales","tag-ordenamiento-territorial","tag-plan-director","tag-rivera","tag-udot"],"_links":{"self":[{"href":"https:\/\/www.rivera.gub.uy\/portal\/wp-json\/wp\/v2\/posts\/13721","targetHints":{"allow":["GET"]}}],"collection":[{"href":"https:\/\/www.rivera.gub.uy\/portal\/wp-json\/wp\/v2\/posts"}],"about":[{"href":"https:\/\/www.rivera.gub.uy\/portal\/wp-json\/wp\/v2\/types\/post"}],"author":[{"embeddable":true,"href":"https:\/\/www.rivera.gub.uy\/portal\/wp-json\/wp\/v2\/users\/7"}],"replies":[{"embeddable":true,"href":"https:\/\/www.rivera.gub.uy\/portal\/wp-json\/wp\/v2\/comments?post=13721"}],"version-history":[{"count":3,"href":"https:\/\/www.rivera.gub.uy\/portal\/wp-json\/wp\/v2\/posts\/13721\/revisions"}],"predecessor-version":[{"id":15440,"href":"https:\/\/www.rivera.gub.uy\/portal\/wp-json\/wp\/v2\/posts\/13721\/revisions\/15440"}],"wp:featuredmedia":[{"embeddable":true,"href":"https:\/\/www.rivera.gub.uy\/portal\/wp-json\/wp\/v2\/media\/13641"}],"wp:attachment":[{"href":"https:\/\/www.rivera.gub.uy\/portal\/wp-json\/wp\/v2\/media?parent=13721"}],"wp:term":[{"taxonomy":"category","embeddable":true,"href":"https:\/\/www.rivera.gub.uy\/portal\/wp-json\/wp\/v2\/categories?post=13721"},{"taxonomy":"post_tag","embeddable":true,"href":"https:\/\/www.rivera.gub.uy\/portal\/wp-json\/wp\/v2\/tags?post=13721"}],"curies":[{"name":"wp","href":"https:\/\/api.w.org\/{rel}","templated":true}]}}