{"id":13728,"date":"2019-02-28T19:00:16","date_gmt":"2019-02-28T21:00:16","guid":{"rendered":"https:\/\/www.rivera.gub.uy\/portal\/?p=13728"},"modified":"2019-02-28T19:03:36","modified_gmt":"2019-02-28T21:03:36","slug":"intendencia-de-rivera-rehabilita-el-camino-ney-alvez-apolo","status":"publish","type":"post","link":"https:\/\/www.rivera.gub.uy\/portal\/intendencia-de-rivera-rehabilita-el-camino-ney-alvez-apolo\/","title":{"rendered":"Intendencia de Rivera, rehabilita el camino \u201cNey Alvez Apolo\u201d"},"content":{"rendered":"<p>\u201cEl estatus de la caminer\u00eda rural viene cambiando\u201d<\/p>\n<p>En la ma\u00f1ana del jueves 28 de febrero, se libr\u00f3 al uso p\u00fablico una obra m\u00e1s en el departamento, un camino rural de apr\u00f3ximadamente 3,4 kil\u00f3metros, que conecta Ruta Nacional N\u00b027, con la C\u00e1rcel de Cerro Carancho.<!--more--><br \/>\nSe construyeron cunetas a ambos lados, rehabilitaci\u00f3n de pavimento bituminoso doble, mejorando escurrimientos superficiales y la transitabilidad; con una inversi\u00f3n total de diez millones de pesos ($10,000,000).<\/p>\n<p>En una breve ceremonia de inauguraci\u00f3n, donde el Intendente de Rivera y equipo de gobierno, autoridades civiles y Militares, periodistas y vecinos agradecidos se dieron cita a: \u201c\u00e9ste camino rural denominado Ney Alvez Apolo, en homenaje a un riverense que desde la intendencia supo trabajar para la comunidad\u201d.<\/p>\n<p>As\u00ed comenz\u00f3 la oratoria el intendente, Dr. Marne Osorio; \u201cun camino con un rol importante para todos los vecinos y productores de la zona\u201d.<\/p>\n<p>El intendente de Rivera, resalt\u00f3 la importancia de los fondos concursables, dicho proyecto es la suma de los fondos de caminer\u00eda rural y de los gobiernos departamentales. Destac\u00f3 tambi\u00e9n, el trabajo desde la Direcci\u00f3n General de Obras, t\u00e9cnicos vinculados a Vialidad Urbana y Rural, Direcci\u00f3n de Tr\u00e1nsito y todos los funcionarios que trabajan junto al equipo de gobierno, en definitiva hay una realidad palpable \u201cEl estatus de la caminer\u00eda rural viene cambiando\u201d.<\/p>\n<p>La Directora del Centro Penitenciario Cerro Carancho, Comis. Aurora Percincula, agradeci\u00f3 la gesti\u00f3n de la Intendencia de Rivera, ante la r\u00e1pida respuesta a la solicitud de la Unidad Penitenciaria y de los vecinos de la zona, \u201cfueron muy importantes los arreglos, dado que estaba intransitable\u201d, adem\u00e1s agreg\u00f3, \u201cuna mejora que agradecen todos los funcionarios del Institutuo Nacional de Rehabilitaci\u00f3n, vecinos y los familiares de las personas privadas de libertad (PPL); y todos los que acceden\u201d, culmin\u00f3.<\/p>\n<div id='gallery-1' class='gallery galleryid-13728 gallery-columns-5 gallery-size-thumbnail'><figure class='gallery-item'>\n\t\t\t<div class='gallery-icon landscape'>\n\t\t\t\t<a href='https:\/\/www.rivera.gub.uy\/portal\/wp-content\/uploads\/2019\/02\/1-15.jpg'><img loading=\"lazy\" decoding=\"async\" width=\"132\" height=\"94\" src=\"https:\/\/www.rivera.gub.uy\/portal\/wp-content\/uploads\/2019\/02\/1-15-132x94.jpg\" class=\"attachment-thumbnail size-thumbnail\" alt=\"\" srcset=\"https:\/\/www.rivera.gub.uy\/portal\/wp-content\/uploads\/2019\/02\/1-15-132x94.jpg 132w, https:\/\/www.rivera.gub.uy\/portal\/wp-content\/uploads\/2019\/02\/1-15-263x188.jpg 263w, https:\/\/www.rivera.gub.uy\/portal\/wp-content\/uploads\/2019\/02\/1-15-768x549.jpg 768w, https:\/\/www.rivera.gub.uy\/portal\/wp-content\/uploads\/2019\/02\/1-15-876x626.jpg 876w, https:\/\/www.rivera.gub.uy\/portal\/wp-content\/uploads\/2019\/02\/1-15-820x586.jpg 820w\" sizes=\"auto, (max-width: 132px) 100vw, 132px\" \/><\/a>\n\t\t\t<\/div><\/figure><figure class='gallery-item'>\n\t\t\t<div class='gallery-icon landscape'>\n\t\t\t\t<a href='https:\/\/www.rivera.gub.uy\/portal\/wp-content\/uploads\/2019\/02\/2-16.jpg'><img loading=\"lazy\" decoding=\"async\" width=\"132\" height=\"94\" src=\"https:\/\/www.rivera.gub.uy\/portal\/wp-content\/uploads\/2019\/02\/2-16-132x94.jpg\" class=\"attachment-thumbnail size-thumbnail\" alt=\"\" srcset=\"https:\/\/www.rivera.gub.uy\/portal\/wp-content\/uploads\/2019\/02\/2-16-132x94.jpg 132w, https:\/\/www.rivera.gub.uy\/portal\/wp-content\/uploads\/2019\/02\/2-16-263x188.jpg 263w, https:\/\/www.rivera.gub.uy\/portal\/wp-content\/uploads\/2019\/02\/2-16-768x549.jpg 768w, https:\/\/www.rivera.gub.uy\/portal\/wp-content\/uploads\/2019\/02\/2-16-876x626.jpg 876w, https:\/\/www.rivera.gub.uy\/portal\/wp-content\/uploads\/2019\/02\/2-16-820x586.jpg 820w\" sizes=\"auto, (max-width: 132px) 100vw, 132px\" \/><\/a>\n\t\t\t<\/div><\/figure><figure class='gallery-item'>\n\t\t\t<div class='gallery-icon landscape'>\n\t\t\t\t<a href='https:\/\/www.rivera.gub.uy\/portal\/wp-content\/uploads\/2019\/02\/3-13.jpg'><img loading=\"lazy\" decoding=\"async\" width=\"132\" height=\"94\" src=\"https:\/\/www.rivera.gub.uy\/portal\/wp-content\/uploads\/2019\/02\/3-13-132x94.jpg\" class=\"attachment-thumbnail size-thumbnail\" alt=\"\" srcset=\"https:\/\/www.rivera.gub.uy\/portal\/wp-content\/uploads\/2019\/02\/3-13-132x94.jpg 132w, https:\/\/www.rivera.gub.uy\/portal\/wp-content\/uploads\/2019\/02\/3-13-263x188.jpg 263w, https:\/\/www.rivera.gub.uy\/portal\/wp-content\/uploads\/2019\/02\/3-13-768x549.jpg 768w, https:\/\/www.rivera.gub.uy\/portal\/wp-content\/uploads\/2019\/02\/3-13-876x626.jpg 876w, https:\/\/www.rivera.gub.uy\/portal\/wp-content\/uploads\/2019\/02\/3-13-820x586.jpg 820w\" sizes=\"auto, (max-width: 132px) 100vw, 132px\" \/><\/a>\n\t\t\t<\/div><\/figure><figure class='gallery-item'>\n\t\t\t<div class='gallery-icon landscape'>\n\t\t\t\t<a href='https:\/\/www.rivera.gub.uy\/portal\/wp-content\/uploads\/2019\/02\/4-11.jpg'><img loading=\"lazy\" decoding=\"async\" width=\"132\" height=\"94\" src=\"https:\/\/www.rivera.gub.uy\/portal\/wp-content\/uploads\/2019\/02\/4-11-132x94.jpg\" class=\"attachment-thumbnail size-thumbnail\" alt=\"\" srcset=\"https:\/\/www.rivera.gub.uy\/portal\/wp-content\/uploads\/2019\/02\/4-11-132x94.jpg 132w, https:\/\/www.rivera.gub.uy\/portal\/wp-content\/uploads\/2019\/02\/4-11-263x188.jpg 263w, https:\/\/www.rivera.gub.uy\/portal\/wp-content\/uploads\/2019\/02\/4-11-768x549.jpg 768w, https:\/\/www.rivera.gub.uy\/portal\/wp-content\/uploads\/2019\/02\/4-11-876x626.jpg 876w, https:\/\/www.rivera.gub.uy\/portal\/wp-content\/uploads\/2019\/02\/4-11-820x586.jpg 820w\" sizes=\"auto, (max-width: 132px) 100vw, 132px\" \/><\/a>\n\t\t\t<\/div><\/figure><figure class='gallery-item'>\n\t\t\t<div class='gallery-icon landscape'>\n\t\t\t\t<a href='https:\/\/www.rivera.gub.uy\/portal\/wp-content\/uploads\/2019\/02\/5-8.jpg'><img loading=\"lazy\" decoding=\"async\" width=\"132\" height=\"94\" src=\"https:\/\/www.rivera.gub.uy\/portal\/wp-content\/uploads\/2019\/02\/5-8-132x94.jpg\" class=\"attachment-thumbnail size-thumbnail\" alt=\"\" srcset=\"https:\/\/www.rivera.gub.uy\/portal\/wp-content\/uploads\/2019\/02\/5-8-132x94.jpg 132w, https:\/\/www.rivera.gub.uy\/portal\/wp-content\/uploads\/2019\/02\/5-8-263x188.jpg 263w, https:\/\/www.rivera.gub.uy\/portal\/wp-content\/uploads\/2019\/02\/5-8-768x549.jpg 768w, https:\/\/www.rivera.gub.uy\/portal\/wp-content\/uploads\/2019\/02\/5-8-876x626.jpg 876w, https:\/\/www.rivera.gub.uy\/portal\/wp-content\/uploads\/2019\/02\/5-8-820x586.jpg 820w\" sizes=\"auto, (max-width: 132px) 100vw, 132px\" \/><\/a>\n\t\t\t<\/div><\/figure>\n\t\t<\/div>\n\n<p><strong>Camino Cerro Carancho<\/strong><\/p>\n<p>Denominado \u201cNey Alvez Apolo\u201d, inicia en el kil\u00f3metro uno y medio (km 1.5) de la Ruta Nacional N\u00b027, hacia el sur, perteneciente a la 9\u00b0 secci\u00f3n judicial del departamento de Rivera. Tanto el proyecto como la direcci\u00f3n de obra fue responsabilidad de la Direcci\u00f3n General de Obras de la Intendencia Departamental de Rivera, as\u00ed lo inform\u00f3 su Director General, Arq. Jos\u00e9 Mazzoni y agreg\u00f3 que en conjunto con el programa caminer\u00eda y la Intendencia de Rivera, totalizaron una inversi\u00f3n total de 10.868.810 pesos uruguayos, volcados a la comunidad riverense.<\/p>\n<p><iframe loading=\"lazy\" width=\"1160\" height=\"653\" src=\"https:\/\/www.youtube.com\/embed\/GiLRhjHSu0A?feature=oembed\" frameborder=\"0\" allow=\"accelerometer; autoplay; encrypted-media; gyroscope; picture-in-picture\" allowfullscreen><\/iframe><\/p>\n","protected":false},"excerpt":{"rendered":"<p>\u201cEl estatus de la caminer\u00eda rural viene cambiando\u201d En la ma\u00f1ana del jueves 28 de febrero, se libr\u00f3 al uso p\u00fablico una obra m\u00e1s en el departamento, un camino rural de apr\u00f3ximadamente 3,4 kil\u00f3metros, que conecta Ruta Nacional N\u00b027, con la C\u00e1rcel de Cerro Carancho.<\/p>\n","protected":false},"author":7,"featured_media":13729,"comment_status":"open","ping_status":"open","sticky":false,"template":"","format":"standard","meta":{"footnotes":""},"categories":[3,1],"tags":[955,956,36,33],"class_list":["post-13728","post","type-post","status-publish","format-standard","has-post-thumbnail","hentry","category-multimedia","category-novedades","tag-camino-carancho","tag-carancho","tag-intendencia","tag-rivera"],"_links":{"self":[{"href":"https:\/\/www.rivera.gub.uy\/portal\/wp-json\/wp\/v2\/posts\/13728","targetHints":{"allow":["GET"]}}],"collection":[{"href":"https:\/\/www.rivera.gub.uy\/portal\/wp-json\/wp\/v2\/posts"}],"about":[{"href":"https:\/\/www.rivera.gub.uy\/portal\/wp-json\/wp\/v2\/types\/post"}],"author":[{"embeddable":true,"href":"https:\/\/www.rivera.gub.uy\/portal\/wp-json\/wp\/v2\/users\/7"}],"replies":[{"embeddable":true,"href":"https:\/\/www.rivera.gub.uy\/portal\/wp-json\/wp\/v2\/comments?post=13728"}],"version-history":[{"count":3,"href":"https:\/\/www.rivera.gub.uy\/portal\/wp-json\/wp\/v2\/posts\/13728\/revisions"}],"predecessor-version":[{"id":13735,"href":"https:\/\/www.rivera.gub.uy\/portal\/wp-json\/wp\/v2\/posts\/13728\/revisions\/13735"}],"wp:featuredmedia":[{"embeddable":true,"href":"https:\/\/www.rivera.gub.uy\/portal\/wp-json\/wp\/v2\/media\/13729"}],"wp:attachment":[{"href":"https:\/\/www.rivera.gub.uy\/portal\/wp-json\/wp\/v2\/media?parent=13728"}],"wp:term":[{"taxonomy":"category","embeddable":true,"href":"https:\/\/www.rivera.gub.uy\/portal\/wp-json\/wp\/v2\/categories?post=13728"},{"taxonomy":"post_tag","embeddable":true,"href":"https:\/\/www.rivera.gub.uy\/portal\/wp-json\/wp\/v2\/tags?post=13728"}],"curies":[{"name":"wp","href":"https:\/\/api.w.org\/{rel}","templated":true}]}}