{"id":13843,"date":"2019-03-12T14:33:40","date_gmt":"2019-03-12T17:33:40","guid":{"rendered":"https:\/\/www.rivera.gub.uy\/portal\/?p=13843"},"modified":"2019-03-12T14:33:40","modified_gmt":"2019-03-12T17:33:40","slug":"centros-barriales-sinonimo-de-emprendedurismo","status":"publish","type":"post","link":"https:\/\/www.rivera.gub.uy\/portal\/centros-barriales-sinonimo-de-emprendedurismo\/","title":{"rendered":"Centros Barriales, sin\u00f3nimo de emprendedurismo"},"content":{"rendered":"<p>\u201cGenerar empleo, una herramienta fundamental en un contexto de libertad y autonom\u00eda\u201d<\/p>\n<p>\u00c9ste viernes 15 de marzo, desde las 19:00 hs, la Intendencia Departamental de Rivera, inaugura un nuevo Centro Barrial, en Cerro Bella Vista (ex Cerro del Estado).<!--more--><\/p>\n<p>Desde la Direcci\u00f2n General de Promoci\u00f3n y Acci\u00f3n Social, a trav\u00e9s de Divisi\u00f3n de Gesti\u00f3n Territorial, su Coordinador, Oscar Farias, informa sobre el nuevo Plan Centro Barriales 2019, \u201cadem\u00e1s de los cursos ya existentes, se suman Man\u00edcura y Chapista __los que terminen el a\u00f1o de Chapa pueden acceder para un segundo a\u00f1o de Chapa y Pintura__\u201d &#8230; \u201cDesde el punto de vista humano, dignifica a la persona; nos importa mucho que la intendencia en su gesti\u00f3n de pol\u00edticas sociales puedan llegar a ellas\u201d.<\/p>\n<p>Centros Barriales<\/p>\n<ul>\n<li><strong>Capacitaciones<\/strong> llegan a m\u00e1s de 1000 personas, en 18 puntos diferentes de la ciudad<\/li>\n<li><strong>Formaci\u00f3n<\/strong> de peque\u00f1as Cooperativas<\/li>\n<li><strong>Autoempleo<\/strong><\/li>\n<\/ul>\n<p><iframe loading=\"lazy\" width=\"1160\" height=\"653\" src=\"https:\/\/www.youtube.com\/embed\/jZb2SvDsv4I?feature=oembed\" frameborder=\"0\" allow=\"accelerometer; autoplay; encrypted-media; gyroscope; picture-in-picture\" allowfullscreen><\/iframe><\/p>\n","protected":false},"excerpt":{"rendered":"<p>\u201cGenerar empleo, una herramienta fundamental en un contexto de libertad y autonom\u00eda\u201d \u00c9ste viernes 15 de marzo, desde las 19:00 hs, la Intendencia Departamental de Rivera, inaugura un nuevo Centro Barrial, en Cerro Bella Vista (ex Cerro del Estado).<\/p>\n","protected":false},"author":7,"featured_media":13844,"comment_status":"open","ping_status":"open","sticky":false,"template":"","format":"standard","meta":{"footnotes":""},"categories":[3,1,18],"tags":[609,688,150,36,33],"class_list":["post-13843","post","type-post","status-publish","format-standard","has-post-thumbnail","hentry","category-multimedia","category-novedades","category-participacion","tag-capacitaciones","tag-ccbb","tag-centros-barriales","tag-intendencia","tag-rivera"],"_links":{"self":[{"href":"https:\/\/www.rivera.gub.uy\/portal\/wp-json\/wp\/v2\/posts\/13843","targetHints":{"allow":["GET"]}}],"collection":[{"href":"https:\/\/www.rivera.gub.uy\/portal\/wp-json\/wp\/v2\/posts"}],"about":[{"href":"https:\/\/www.rivera.gub.uy\/portal\/wp-json\/wp\/v2\/types\/post"}],"author":[{"embeddable":true,"href":"https:\/\/www.rivera.gub.uy\/portal\/wp-json\/wp\/v2\/users\/7"}],"replies":[{"embeddable":true,"href":"https:\/\/www.rivera.gub.uy\/portal\/wp-json\/wp\/v2\/comments?post=13843"}],"version-history":[{"count":1,"href":"https:\/\/www.rivera.gub.uy\/portal\/wp-json\/wp\/v2\/posts\/13843\/revisions"}],"predecessor-version":[{"id":13845,"href":"https:\/\/www.rivera.gub.uy\/portal\/wp-json\/wp\/v2\/posts\/13843\/revisions\/13845"}],"wp:featuredmedia":[{"embeddable":true,"href":"https:\/\/www.rivera.gub.uy\/portal\/wp-json\/wp\/v2\/media\/13844"}],"wp:attachment":[{"href":"https:\/\/www.rivera.gub.uy\/portal\/wp-json\/wp\/v2\/media?parent=13843"}],"wp:term":[{"taxonomy":"category","embeddable":true,"href":"https:\/\/www.rivera.gub.uy\/portal\/wp-json\/wp\/v2\/categories?post=13843"},{"taxonomy":"post_tag","embeddable":true,"href":"https:\/\/www.rivera.gub.uy\/portal\/wp-json\/wp\/v2\/tags?post=13843"}],"curies":[{"name":"wp","href":"https:\/\/api.w.org\/{rel}","templated":true}]}}