{"id":13868,"date":"2019-03-15T09:40:18","date_gmt":"2019-03-15T12:40:18","guid":{"rendered":"https:\/\/www.rivera.gub.uy\/portal\/?p=13868"},"modified":"2019-03-15T09:40:18","modified_gmt":"2019-03-15T12:40:18","slug":"viernes-15-de-marzo-ultimo-dia-para-inscribirse-al-llamado-abierto-de-la-idr","status":"publish","type":"post","link":"https:\/\/www.rivera.gub.uy\/portal\/viernes-15-de-marzo-ultimo-dia-para-inscribirse-al-llamado-abierto-de-la-idr\/","title":{"rendered":"Viernes 15 de marzo, \u00faltimo d\u00eda para inscribirse al llamado abierto de la IDR"},"content":{"rendered":"<p>Hasta el viernes 15 de marzo (de 8:15hs a 15:00hs), hay tiempo para inscribirse a los llamados \u201cPe\u00f3n para <a href=\"https:\/\/www.rivera.gub.uy\/portal\/llamado-abierto-peon-para-recoleccion-de-residuos\/\" target=\"_blank\" rel=\"noopener noreferrer\">recolecci\u00f3n de residuos<\/a> y <a href=\"https:\/\/www.rivera.gub.uy\/portal\/llamado-abierto-peon-para-cantera\/\" target=\"_blank\" rel=\"noopener noreferrer\">cantera<\/a>\u201d, de la Intendencia Departamental de Rivera.<\/p>\n<p>Con una afluencia de p\u00fablico permanente durante el primer d\u00eda de inscripci\u00f3n, que se viene realizando en el 1\u00ba subsuelo al fondo de la IDR.<!--more--><\/p>\n<p>Muy importante llegar con la documentaci\u00f3n requerida para la inscripci\u00f3n:<\/p>\n<ul>\n<li>Fotocopia de C\u00e9dula de Identidad vigente<\/li>\n<li>Fotocopia de Carne de Salud vigente<\/li>\n<\/ul>\n<p><a href=\"https:\/\/www.rivera.gub.uy\/portal\/category\/llamados-a-concursos\/\" target=\"_blank\" rel=\"noopener noreferrer\">Los llamados<\/a> parten desde la Unidad de Recursos Humanos Tecnol\u00f3gicos y Log\u00edsticos de la IDR, a trav\u00e9s de la divisi\u00f3n de Recursos Humanos; los cupos son para 4 y 2 personas , el contrato a t\u00e9rmino,(4 meses) y el sorteo ser\u00e1 el d\u00eda lunes 18 de marzo, a las 10:00hs en el sal\u00f3n de actos (piso -2 IDR).<\/p>\n<div id='gallery-1' class='gallery galleryid-13868 gallery-columns-2 gallery-size-thumbnail'><figure class='gallery-item'>\n\t\t\t<div class='gallery-icon landscape'>\n\t\t\t\t<a href='https:\/\/www.rivera.gub.uy\/portal\/wp-content\/uploads\/2019\/03\/1-7.jpg'><img loading=\"lazy\" decoding=\"async\" width=\"141\" height=\"94\" src=\"https:\/\/www.rivera.gub.uy\/portal\/wp-content\/uploads\/2019\/03\/1-7-141x94.jpg\" class=\"attachment-thumbnail size-thumbnail\" alt=\"\" srcset=\"https:\/\/www.rivera.gub.uy\/portal\/wp-content\/uploads\/2019\/03\/1-7-141x94.jpg 141w, https:\/\/www.rivera.gub.uy\/portal\/wp-content\/uploads\/2019\/03\/1-7-282x188.jpg 282w, https:\/\/www.rivera.gub.uy\/portal\/wp-content\/uploads\/2019\/03\/1-7-768x512.jpg 768w, https:\/\/www.rivera.gub.uy\/portal\/wp-content\/uploads\/2019\/03\/1-7-939x626.jpg 939w, https:\/\/www.rivera.gub.uy\/portal\/wp-content\/uploads\/2019\/03\/1-7-600x400.jpg 600w, https:\/\/www.rivera.gub.uy\/portal\/wp-content\/uploads\/2019\/03\/1-7-820x547.jpg 820w, https:\/\/www.rivera.gub.uy\/portal\/wp-content\/uploads\/2019\/03\/1-7-272x182.jpg 272w\" sizes=\"auto, (max-width: 141px) 100vw, 141px\" \/><\/a>\n\t\t\t<\/div><\/figure><figure class='gallery-item'>\n\t\t\t<div class='gallery-icon landscape'>\n\t\t\t\t<a href='https:\/\/www.rivera.gub.uy\/portal\/wp-content\/uploads\/2019\/03\/2-7.jpg'><img loading=\"lazy\" decoding=\"async\" width=\"141\" height=\"94\" src=\"https:\/\/www.rivera.gub.uy\/portal\/wp-content\/uploads\/2019\/03\/2-7-141x94.jpg\" class=\"attachment-thumbnail size-thumbnail\" alt=\"\" srcset=\"https:\/\/www.rivera.gub.uy\/portal\/wp-content\/uploads\/2019\/03\/2-7-141x94.jpg 141w, https:\/\/www.rivera.gub.uy\/portal\/wp-content\/uploads\/2019\/03\/2-7-282x188.jpg 282w, https:\/\/www.rivera.gub.uy\/portal\/wp-content\/uploads\/2019\/03\/2-7-768x512.jpg 768w, https:\/\/www.rivera.gub.uy\/portal\/wp-content\/uploads\/2019\/03\/2-7-939x626.jpg 939w, https:\/\/www.rivera.gub.uy\/portal\/wp-content\/uploads\/2019\/03\/2-7-600x400.jpg 600w, https:\/\/www.rivera.gub.uy\/portal\/wp-content\/uploads\/2019\/03\/2-7-820x547.jpg 820w, https:\/\/www.rivera.gub.uy\/portal\/wp-content\/uploads\/2019\/03\/2-7-272x182.jpg 272w\" sizes=\"auto, (max-width: 141px) 100vw, 141px\" \/><\/a>\n\t\t\t<\/div><\/figure>\n\t\t<\/div>\n\n","protected":false},"excerpt":{"rendered":"<p>Hasta el viernes 15 de marzo (de 8:15hs a 15:00hs), hay tiempo para inscribirse a los llamados \u201cPe\u00f3n para recolecci\u00f3n de residuos y cantera\u201d, de la Intendencia Departamental de Rivera. Con una afluencia de p\u00fablico permanente durante el primer d\u00eda de inscripci\u00f3n, que se viene realizando en el 1\u00ba subsuelo al fondo de la IDR.<\/p>\n","protected":false},"author":7,"featured_media":13869,"comment_status":"open","ping_status":"open","sticky":false,"template":"","format":"standard","meta":{"footnotes":""},"categories":[1],"tags":[930,199,36,52,33],"class_list":["post-13868","post","type-post","status-publish","format-standard","has-post-thumbnail","hentry","category-novedades","tag-cantera","tag-higiene","tag-intendencia","tag-llamados","tag-rivera"],"_links":{"self":[{"href":"https:\/\/www.rivera.gub.uy\/portal\/wp-json\/wp\/v2\/posts\/13868","targetHints":{"allow":["GET"]}}],"collection":[{"href":"https:\/\/www.rivera.gub.uy\/portal\/wp-json\/wp\/v2\/posts"}],"about":[{"href":"https:\/\/www.rivera.gub.uy\/portal\/wp-json\/wp\/v2\/types\/post"}],"author":[{"embeddable":true,"href":"https:\/\/www.rivera.gub.uy\/portal\/wp-json\/wp\/v2\/users\/7"}],"replies":[{"embeddable":true,"href":"https:\/\/www.rivera.gub.uy\/portal\/wp-json\/wp\/v2\/comments?post=13868"}],"version-history":[{"count":1,"href":"https:\/\/www.rivera.gub.uy\/portal\/wp-json\/wp\/v2\/posts\/13868\/revisions"}],"predecessor-version":[{"id":13871,"href":"https:\/\/www.rivera.gub.uy\/portal\/wp-json\/wp\/v2\/posts\/13868\/revisions\/13871"}],"wp:featuredmedia":[{"embeddable":true,"href":"https:\/\/www.rivera.gub.uy\/portal\/wp-json\/wp\/v2\/media\/13869"}],"wp:attachment":[{"href":"https:\/\/www.rivera.gub.uy\/portal\/wp-json\/wp\/v2\/media?parent=13868"}],"wp:term":[{"taxonomy":"category","embeddable":true,"href":"https:\/\/www.rivera.gub.uy\/portal\/wp-json\/wp\/v2\/categories?post=13868"},{"taxonomy":"post_tag","embeddable":true,"href":"https:\/\/www.rivera.gub.uy\/portal\/wp-json\/wp\/v2\/tags?post=13868"}],"curies":[{"name":"wp","href":"https:\/\/api.w.org\/{rel}","templated":true}]}}